{"id":1280,"date":"2011-02-25T11:26:49","date_gmt":"2011-02-25T14:26:49","guid":{"rendered":"http:\/\/ultimato.com.br\/sites\/paralelo10\/?p=1280"},"modified":"2011-02-25T11:26:49","modified_gmt":"2011-02-25T14:26:49","slug":"jovens-na-sessao-da-camara-de-vereadores","status":"publish","type":"post","link":"https:\/\/ultimato.com.br\/sites\/paralelo10\/2011\/02\/jovens-na-sessao-da-camara-de-vereadores\/","title":{"rendered":"Jovens na Sess\u00e3o da C\u00e2mara de Vereadores"},"content":{"rendered":"<p>RONDON DO PAR\u00c1<\/p>\n<p>No inicio dos trabalhos legislativos da C\u00e2mara de Vereadores de Rondon do Par\u00e1, nesta ter\u00e7a 15, aconteceu com um fato in\u00e9dito e que surpreendeu aos vereadores e autoridades presentes. Cerca de 40 jovens na faixa et\u00e1ria de 14 a 25 anos compareceram para assistir a sess\u00e3o uniformizados com uma camiseta com os dizeres \u201cMudem nossa realidade\u201d e com cartazes \u201cQueremos ser ouvidos\u201d e \u201cQueremos ajudar\u201d.<\/p>\n<p>Chamados pelo vereador Gilson Sanches, presidente da Casa, \u00e0 tribuna para expressar suas opini\u00f5es e reivindica\u00e7\u00f5es, os jovens Diego Silva (21) e Frank Mainart (20) falaram da insatisfa\u00e7\u00e3o da juventude com a falta de oportunidades de qualifica\u00e7\u00e3o profissional, empregos e pol\u00edticas p\u00fablicas voltadas para a juventude nas \u00e1reas de cultura, esporte, seguran\u00e7a e sa\u00fade.<!--more--> Segundo Frank Mainart \u201cos jovens querem ser ouvidos, querem dizer quais s\u00e3o os problemas importantes a serem enfrentados e quais as solu\u00e7\u00f5es que esperam das autoridades\u201d. J\u00e1 Diego Silva ressaltou que \u201cesse movimento de jovens tem maior respeito pelas autoridades municipais e que o desejo \u00e9 realmente participar, como cidad\u00e3o, da vida pol\u00edtica da cidade e n\u00e3o simplesmente ficar reclamando sem se envolver na solu\u00e7\u00e3o dos problemas\u201d, por isso o jovem apresentou uma lista de propostas aos vereadores e autoridades presentes.<\/p>\n<p>A prefeita municipal, que estava presente na sess\u00e3o, ressaltou a import\u00e2ncia da manifesta\u00e7\u00e3o desses jovens como \u201cmuito positiva\u201d, afirmando que \u00e9 dessa forma que se constr\u00f3i uma realidade. Segundo a prefeita sua administra\u00e7\u00e3o \u00e9 voltada para a democracia, onde todos devem se manifestar e que ela j\u00e1 estava tomando a iniciativa de marcar uma reuni\u00e3o com esse grupo de jovens para discutir suas reivindica\u00e7\u00f5es e propostas.<\/p>\n<p>A jovem Fran M. Silva (17) que tamb\u00e9m participou da manifesta\u00e7\u00e3o ficou satisfeita com a receptividade dos vereadores e gestores p\u00fablicos e espera que agora possa se iniciar um di\u00e1logo mais permanente entre os jovens e a administra\u00e7\u00e3o p\u00fablica, que realmente mude a realidade da juventude de Rondon do Par\u00e1.<\/p>\n<p>Enviado por ComVida<\/p>\n<p>coordenacao@caminhodevida.org.br<\/p>\n<p>www.caminhodevida.org.br<\/p>\n","protected":false},"excerpt":{"rendered":"<p>RONDON DO PAR\u00c1 No inicio dos trabalhos legislativos da C\u00e2mara de Vereadores de Rondon do Par\u00e1, nesta ter\u00e7a 15, aconteceu com um fato in\u00e9dito e que surpreendeu aos vereadores e autoridades presentes. Cerca de 40 jovens na faixa et\u00e1ria de 14 a 25 anos compareceram para assistir a sess\u00e3o uniformizados com uma camiseta com os [&hellip;]<\/p>\n","protected":false},"author":2,"featured_media":0,"comment_status":"open","ping_status":"open","sticky":false,"template":"","format":"standard","meta":{"ngg_post_thumbnail":0,"footnotes":""},"categories":[7],"tags":[],"class_list":["post-1280","post","type-post","status-publish","format-standard","hentry","category-noticias"],"_links":{"self":[{"href":"https:\/\/ultimato.com.br\/sites\/paralelo10\/wp-json\/wp\/v2\/posts\/1280","targetHints":{"allow":["GET"]}}],"collection":[{"href":"https:\/\/ultimato.com.br\/sites\/paralelo10\/wp-json\/wp\/v2\/posts"}],"about":[{"href":"https:\/\/ultimato.com.br\/sites\/paralelo10\/wp-json\/wp\/v2\/types\/post"}],"author":[{"embeddable":true,"href":"https:\/\/ultimato.com.br\/sites\/paralelo10\/wp-json\/wp\/v2\/users\/2"}],"replies":[{"embeddable":true,"href":"https:\/\/ultimato.com.br\/sites\/paralelo10\/wp-json\/wp\/v2\/comments?post=1280"}],"version-history":[{"count":4,"href":"https:\/\/ultimato.com.br\/sites\/paralelo10\/wp-json\/wp\/v2\/posts\/1280\/revisions"}],"predecessor-version":[{"id":1284,"href":"https:\/\/ultimato.com.br\/sites\/paralelo10\/wp-json\/wp\/v2\/posts\/1280\/revisions\/1284"}],"wp:attachment":[{"href":"https:\/\/ultimato.com.br\/sites\/paralelo10\/wp-json\/wp\/v2\/media?parent=1280"}],"wp:term":[{"taxonomy":"category","embeddable":true,"href":"https:\/\/ultimato.com.br\/sites\/paralelo10\/wp-json\/wp\/v2\/categories?post=1280"},{"taxonomy":"post_tag","embeddable":true,"href":"https:\/\/ultimato.com.br\/sites\/paralelo10\/wp-json\/wp\/v2\/tags?post=1280"}],"curies":[{"name":"wp","href":"https:\/\/api.w.org\/{rel}","templated":true}]}}