{"id":1275,"date":"2011-02-23T16:18:28","date_gmt":"2011-02-23T19:18:28","guid":{"rendered":"http:\/\/ultimato.com.br\/sites\/paralelo10\/?p=1275"},"modified":"2011-02-23T16:27:32","modified_gmt":"2011-02-23T19:27:32","slug":"apoio-aos-indios-tembe","status":"publish","type":"post","link":"https:\/\/ultimato.com.br\/sites\/paralelo10\/2011\/02\/apoio-aos-indios-tembe\/","title":{"rendered":"Apoio aos \u00edndios Temb\u00e9"},"content":{"rendered":"<p><a href=\"http:\/\/ultimato.com.br\/sites\/paralelo10\/files\/2011\/02\/messias.jpg\" class=\"lightview\" data-lightview-group=\"group-1275\" data-lightview-options=\"skin: 'dark', controls: 'relative', padding: '10', shadow: { color: '#000000', opacity: 0.08, blur: 3 }\" data-lightview-title=\"messias\"><img loading=\"lazy\" decoding=\"async\" class=\"alignright size-full wp-image-1276\" title=\"messias\" src=\"http:\/\/ultimato.com.br\/sites\/paralelo10\/files\/2011\/02\/messias.jpg\" alt=\"\" width=\"182\" height=\"205\" srcset=\"https:\/\/ultimato.com.br\/sites\/paralelo10\/files\/2011\/02\/messias.jpg 433w, https:\/\/ultimato.com.br\/sites\/paralelo10\/files\/2011\/02\/messias-266x300.jpg 266w, https:\/\/ultimato.com.br\/sites\/paralelo10\/files\/2011\/02\/messias-133x150.jpg 133w\" sizes=\"auto, (max-width: 182px) 100vw, 182px\" \/><\/a>Desde o ano passado recebemos convites para cooperar com o avan\u00e7o da obra mission\u00e1ria entre os Temb\u00e9. Visitas espor\u00e1dicas tem acontecido no prop\u00f3sito de fortalecer os v\u00ednculos com a lideran\u00e7a ind\u00edgena e \u00f3rg\u00e3os federais atuantes na regi\u00e3o.<\/p>\n<p>Os Temb\u00e9 est\u00e3o localizados no estado do Par\u00e1 em tr\u00eas \u00e1reas: A regi\u00e3o de Tom\u00e9-a\u00e7u, Capit\u00e3o Po\u00e7o e Paragominas. At\u00e9 o presente momento realizamos visitas em duas destas \u00e1reas. Em dezembro de 2010, arrecadamos brinquedos para distribuir para as crian\u00e7as e j\u00e1 estamos nos preparativos para levar uma equipe de profissionais de diversas \u00e1reas para a realiza\u00e7\u00e3o do Projeto Semente. O Projeto Semente \u00e9 um projeto que visa levar jovens para serem desafiados<!--more--> quanto a obra mission\u00e1ria no contexto transcultural. Uma oportunidade para ouvir a voz de Deus e experimentar lutas e desafios, experi\u00eancias que fazem parte da vida de todo mission\u00e1rio.<\/p>\n<p>Levaremos profissionais das seguintes \u00e1reas: Odontologia, Agronomia, Servi\u00e7o Social, Medicina, Nutri\u00e7\u00e3o, Sociologia, Ci\u00eancia da computa\u00e7\u00e3o dentre outras. Ser\u00e3o dias preciosos para cumprir a miss\u00e3o usando a cada forma\u00e7\u00e3o acad\u00eamica e assim ajudar este povo. Temos o objetivo de usar estes irm\u00e3os como protagonistas na cria\u00e7\u00e3o de uma ONG que atue na \u00e1rea social, suprindo assim as necessidades de muitos ind\u00edgenas que vivem hoje sem assist\u00eancia.<\/p>\n<p>Como os ind\u00edgenas que vivem nessa regi\u00e3o s\u00e3o carentes em v\u00e1rios aspectos, nosso planejamento envolver\u00e1 a\u00e7\u00f5es de preven\u00e7\u00e3o, consultas m\u00e9dicas, distribui\u00e7\u00e3o de medica\u00e7\u00e3o, pesquisa, trabalho infantil, entre outros. Temos uma lista de rem\u00e9dios e necessitamos de recursos para a compra dos mesmos. Tamb\u00e9m h\u00e1 necessidade de recursos para compra dos alimentos e gastos com transporte. Os membros da equipe ajudar\u00e3o com uma parte das despesas, mas necessitamos de suporte em outras \u00e1reas. Quem tiver interesse em ajudar entre em contato conosco pelo e-mail: meib@superig.com.br<\/p>\n<p>Estamos certos de que juntos poderemos fazer muito mais em prol daqueles que hoje se encontram necessitados de atendimento e sem nenhuma esperan\u00e7a. Cremos que o projeto poder\u00e1 amenizar em parte o sofrimento destas pessoas. Cremos na a\u00e7\u00e3o de Deus suprindo cada necessidade e usando cada um de n\u00f3s como instrumento de ben\u00e7\u00e3o para trazer o reino at\u00e9 eles. Coopere conosco!!<\/p>\n<p>Messias Dias \u00e9 casado com Evanilde e pai de Marcus e Gabrielle,\u00a0pastor\u00a0da Alian\u00e7a das Igrejas Crist\u00e3s Evang\u00e9licas do Brasil (AICEB), \u00e9 secret\u00e1rio executivo da Miss\u00e3o Evang\u00e9lica aos \u00cdndios do Brasil (MEIB). Ele mora em Ananindeua, PA<\/p>\n","protected":false},"excerpt":{"rendered":"<p>Desde o ano passado recebemos convites para cooperar com o avan\u00e7o da obra mission\u00e1ria entre os Temb\u00e9. Visitas espor\u00e1dicas tem acontecido no prop\u00f3sito de fortalecer os v\u00ednculos com a lideran\u00e7a ind\u00edgena e \u00f3rg\u00e3os federais atuantes na regi\u00e3o. Os Temb\u00e9 est\u00e3o localizados no estado do Par\u00e1 em tr\u00eas \u00e1reas: A regi\u00e3o de Tom\u00e9-a\u00e7u, Capit\u00e3o Po\u00e7o e [&hellip;]<\/p>\n","protected":false},"author":2,"featured_media":0,"comment_status":"open","ping_status":"open","sticky":false,"template":"","format":"standard","meta":{"ngg_post_thumbnail":0,"footnotes":""},"categories":[7],"tags":[],"class_list":["post-1275","post","type-post","status-publish","format-standard","hentry","category-noticias"],"_links":{"self":[{"href":"https:\/\/ultimato.com.br\/sites\/paralelo10\/wp-json\/wp\/v2\/posts\/1275","targetHints":{"allow":["GET"]}}],"collection":[{"href":"https:\/\/ultimato.com.br\/sites\/paralelo10\/wp-json\/wp\/v2\/posts"}],"about":[{"href":"https:\/\/ultimato.com.br\/sites\/paralelo10\/wp-json\/wp\/v2\/types\/post"}],"author":[{"embeddable":true,"href":"https:\/\/ultimato.com.br\/sites\/paralelo10\/wp-json\/wp\/v2\/users\/2"}],"replies":[{"embeddable":true,"href":"https:\/\/ultimato.com.br\/sites\/paralelo10\/wp-json\/wp\/v2\/comments?post=1275"}],"version-history":[{"count":3,"href":"https:\/\/ultimato.com.br\/sites\/paralelo10\/wp-json\/wp\/v2\/posts\/1275\/revisions"}],"predecessor-version":[{"id":1278,"href":"https:\/\/ultimato.com.br\/sites\/paralelo10\/wp-json\/wp\/v2\/posts\/1275\/revisions\/1278"}],"wp:attachment":[{"href":"https:\/\/ultimato.com.br\/sites\/paralelo10\/wp-json\/wp\/v2\/media?parent=1275"}],"wp:term":[{"taxonomy":"category","embeddable":true,"href":"https:\/\/ultimato.com.br\/sites\/paralelo10\/wp-json\/wp\/v2\/categories?post=1275"},{"taxonomy":"post_tag","embeddable":true,"href":"https:\/\/ultimato.com.br\/sites\/paralelo10\/wp-json\/wp\/v2\/tags?post=1275"}],"curies":[{"name":"wp","href":"https:\/\/api.w.org\/{rel}","templated":true}]}}