{"id":1262,"date":"2011-02-18T07:34:11","date_gmt":"2011-02-18T10:34:11","guid":{"rendered":"http:\/\/ultimato.com.br\/sites\/paralelo10\/?p=1262"},"modified":"2011-02-18T07:36:32","modified_gmt":"2011-02-18T10:36:32","slug":"campanha-latino-americana-pelos-bons-tratos-das-criancas","status":"publish","type":"post","link":"https:\/\/ultimato.com.br\/sites\/paralelo10\/2011\/02\/campanha-latino-americana-pelos-bons-tratos-das-criancas\/","title":{"rendered":"Campanha Latino-Americana pelos Bons Tratos das Crian\u00e7as"},"content":{"rendered":"<p><a href=\"http:\/\/ultimato.com.br\/sites\/paralelo10\/files\/2011\/02\/banner_bonstratos.jpg\" class=\"lightview\" data-lightview-group=\"group-1262\" data-lightview-options=\"skin: 'dark', controls: 'relative', padding: '10', shadow: { color: '#000000', opacity: 0.08, blur: 3 }\" data-lightview-title=\"banner_bonstratos\"><img loading=\"lazy\" decoding=\"async\" class=\"alignleft size-full wp-image-1263\" title=\"banner_bonstratos\" src=\"http:\/\/ultimato.com.br\/sites\/paralelo10\/files\/2011\/02\/banner_bonstratos.jpg\" alt=\"\" width=\"200\" height=\"254\" srcset=\"https:\/\/ultimato.com.br\/sites\/paralelo10\/files\/2011\/02\/banner_bonstratos.jpg 200w, https:\/\/ultimato.com.br\/sites\/paralelo10\/files\/2011\/02\/banner_bonstratos-118x150.jpg 118w\" sizes=\"auto, (max-width: 200px) 100vw, 200px\" \/><\/a>A Campanha Latino-americana \u201cAme o Seu Pr\u00f3ximo\u201d \u2014 \u201cBons Tratos para a Inf\u00e2ncia\u201d quer fomentar a discuss\u00e3o sobre este assunto e para isso est\u00e1 provocando um grande movimento entre as igrejas evang\u00e9licas. \u00c9 coordenada pelo Movimento Crist\u00e3o <a href=\"http:\/\/www.juntosporlaninez.com\/\" target=\"_blank\">Juntos por La Ni\u00f1ez<\/a> e, no Brasil, est\u00e1 a cargo da <a href=\"http:\/\/www.maosdadas.org\/\">Rede M\u00e3os Dadas<\/a>.<\/p>\n<p>Voc\u00ea pode saber mais sobre a campanha <a href=\"http:\/\/maosdadas.org\/rede\/bons-tratos\/\" target=\"_blank\">aqui<\/a>!<\/p>\n<p>Sugerimos o estudo b\u00edblico <a href=\"http:\/\/maosdadas.org\/rede\/bons-tratos\/2010\/01\/bons-tratos-em-familia\/\" target=\"_blank\">Bons Tratos em Fam\u00edlia<\/a>, baseado em Lucas 2:41-52<\/p>\n<p><strong>Bons tratos em fam\u00edlia: o lar como um lugar onde as crian\u00e7as s\u00e3o respeitadas, ouvidas, afirmadas, compreendidas, inclu\u00eddas e criadas com amor<\/strong><\/p>\n","protected":false},"excerpt":{"rendered":"<p>A Campanha Latino-americana \u201cAme o Seu Pr\u00f3ximo\u201d \u2014 \u201cBons Tratos para a Inf\u00e2ncia\u201d quer fomentar a discuss\u00e3o sobre este assunto e para isso est\u00e1 provocando um grande movimento entre as igrejas evang\u00e9licas. \u00c9 coordenada pelo Movimento Crist\u00e3o Juntos por La Ni\u00f1ez e, no Brasil, est\u00e1 a cargo da Rede M\u00e3os Dadas. Voc\u00ea pode saber mais [&hellip;]<\/p>\n","protected":false},"author":2,"featured_media":0,"comment_status":"open","ping_status":"open","sticky":false,"template":"","format":"standard","meta":{"ngg_post_thumbnail":0,"footnotes":""},"categories":[8],"tags":[],"class_list":["post-1262","post","type-post","status-publish","format-standard","hentry","category-toro-de-palpites"],"_links":{"self":[{"href":"https:\/\/ultimato.com.br\/sites\/paralelo10\/wp-json\/wp\/v2\/posts\/1262","targetHints":{"allow":["GET"]}}],"collection":[{"href":"https:\/\/ultimato.com.br\/sites\/paralelo10\/wp-json\/wp\/v2\/posts"}],"about":[{"href":"https:\/\/ultimato.com.br\/sites\/paralelo10\/wp-json\/wp\/v2\/types\/post"}],"author":[{"embeddable":true,"href":"https:\/\/ultimato.com.br\/sites\/paralelo10\/wp-json\/wp\/v2\/users\/2"}],"replies":[{"embeddable":true,"href":"https:\/\/ultimato.com.br\/sites\/paralelo10\/wp-json\/wp\/v2\/comments?post=1262"}],"version-history":[{"count":3,"href":"https:\/\/ultimato.com.br\/sites\/paralelo10\/wp-json\/wp\/v2\/posts\/1262\/revisions"}],"predecessor-version":[{"id":1265,"href":"https:\/\/ultimato.com.br\/sites\/paralelo10\/wp-json\/wp\/v2\/posts\/1262\/revisions\/1265"}],"wp:attachment":[{"href":"https:\/\/ultimato.com.br\/sites\/paralelo10\/wp-json\/wp\/v2\/media?parent=1262"}],"wp:term":[{"taxonomy":"category","embeddable":true,"href":"https:\/\/ultimato.com.br\/sites\/paralelo10\/wp-json\/wp\/v2\/categories?post=1262"},{"taxonomy":"post_tag","embeddable":true,"href":"https:\/\/ultimato.com.br\/sites\/paralelo10\/wp-json\/wp\/v2\/tags?post=1262"}],"curies":[{"name":"wp","href":"https:\/\/api.w.org\/{rel}","templated":true}]}}