{"id":1253,"date":"2011-02-11T09:32:09","date_gmt":"2011-02-11T12:32:09","guid":{"rendered":"http:\/\/ultimato.com.br\/sites\/paralelo10\/?p=1253"},"modified":"2011-02-11T09:32:09","modified_gmt":"2011-02-11T12:32:09","slug":"tenda-do-encontro","status":"publish","type":"post","link":"https:\/\/ultimato.com.br\/sites\/paralelo10\/2011\/02\/tenda-do-encontro\/","title":{"rendered":"Tenda do Encontro"},"content":{"rendered":"<p><a href=\"http:\/\/www.tendadoencontro.com.br\/index.php?option=com_frontpage&amp;Itemid=1\" target=\"_blank\">Tenda do Encontro<\/a> \u00e9 o minist\u00e9rio de louvor da igreja A\u00e7\u00e3o Evang\u00e9lica em Campina Grande\/PB.<\/p>\n<p><img src=\"https:\/\/ultimato.com.br\/sites\/paralelo10\/wp-content\/plugins\/lightview-plus\/img\/novideo.png\" width=\"300\" height=\"168\" alt=\"Video not available\" \/><br \/><div style=\"background-color:#FFC0CB; border:1px solid silver; color:#110000; margin:0 0 1.5em; overflow:auto; padding: 3px;\">\n\t\t\t\t\t\t\t\t<strong>Provider:<\/strong>  <br \/>\n\t\t\t\t\t\t\t\t<strong>Title:<\/strong>  <br \/>\n\t\t\t\t\t\t\t\t<strong>Thumbnail URL:<\/strong>  <br \/>\n\t\t\t\t\t\t\t\t<strong>Embed URL:<\/strong>  <br \/>\n\t\t\t\t\t\t\t\t<strong>Link:<\/strong>  <br \/>\n\t\t\t\t\t\t\t\t<strong>Width:<\/strong>  px<br \/>\n\t\t\t\t\t\t\t\t<strong>Height:<\/strong>  px<br \/>\n\t\t\t\t\t\t\t\t<strong>Got data @:<\/strong> 27.4.2026 03:18:00<br \/>\n\t\t\t\t\t\t\t<\/div><\/p>\n","protected":false},"excerpt":{"rendered":"<p>Tenda do Encontro \u00e9 o minist\u00e9rio de louvor da igreja A\u00e7\u00e3o Evang\u00e9lica em Campina Grande\/PB. Provider: Title: Thumbnail URL: Embed URL: Link: Width: px Height: px Got data @: 27.4.2026 03:18:00<\/p>\n","protected":false},"author":2,"featured_media":0,"comment_status":"open","ping_status":"open","sticky":false,"template":"","format":"standard","meta":{"ngg_post_thumbnail":0,"footnotes":""},"categories":[5,6],"tags":[],"class_list":["post-1253","post","type-post","status-publish","format-standard","hentry","category-arte-e-cultura","category-bom-tempero"],"_links":{"self":[{"href":"https:\/\/ultimato.com.br\/sites\/paralelo10\/wp-json\/wp\/v2\/posts\/1253","targetHints":{"allow":["GET"]}}],"collection":[{"href":"https:\/\/ultimato.com.br\/sites\/paralelo10\/wp-json\/wp\/v2\/posts"}],"about":[{"href":"https:\/\/ultimato.com.br\/sites\/paralelo10\/wp-json\/wp\/v2\/types\/post"}],"author":[{"embeddable":true,"href":"https:\/\/ultimato.com.br\/sites\/paralelo10\/wp-json\/wp\/v2\/users\/2"}],"replies":[{"embeddable":true,"href":"https:\/\/ultimato.com.br\/sites\/paralelo10\/wp-json\/wp\/v2\/comments?post=1253"}],"version-history":[{"count":1,"href":"https:\/\/ultimato.com.br\/sites\/paralelo10\/wp-json\/wp\/v2\/posts\/1253\/revisions"}],"predecessor-version":[{"id":1254,"href":"https:\/\/ultimato.com.br\/sites\/paralelo10\/wp-json\/wp\/v2\/posts\/1253\/revisions\/1254"}],"wp:attachment":[{"href":"https:\/\/ultimato.com.br\/sites\/paralelo10\/wp-json\/wp\/v2\/media?parent=1253"}],"wp:term":[{"taxonomy":"category","embeddable":true,"href":"https:\/\/ultimato.com.br\/sites\/paralelo10\/wp-json\/wp\/v2\/categories?post=1253"},{"taxonomy":"post_tag","embeddable":true,"href":"https:\/\/ultimato.com.br\/sites\/paralelo10\/wp-json\/wp\/v2\/tags?post=1253"}],"curies":[{"name":"wp","href":"https:\/\/api.w.org\/{rel}","templated":true}]}}