{"id":9675,"date":"2022-07-27T17:10:28","date_gmt":"2022-07-27T20:10:28","guid":{"rendered":"https:\/\/ultimato.com.br\/sites\/maosdadas\/?p=9675"},"modified":"2022-07-27T17:10:28","modified_gmt":"2022-07-27T20:10:28","slug":"trilha-de-oracao-tudo-de-acordo-com-o-plano","status":"publish","type":"post","link":"https:\/\/ultimato.com.br\/sites\/maosdadas\/2022\/07\/27\/trilha-de-oracao-tudo-de-acordo-com-o-plano\/","title":{"rendered":"Trilha de Ora\u00e7\u00e3o &#8211; Tudo de acordo com o plano!"},"content":{"rendered":"<p><strong>DIA 3<\/strong><\/p>\n<p>&nbsp;<\/p>\n<blockquote><p><span style=\"font-weight: 400;\">\u2014 Israelitas, escutem o que vou dizer: Jesus, o Nazareno, homem aprovado por Deus diante de voc\u00eas com milagres, prod\u00edgios e sinais, os quais o pr\u00f3prio Deus realizou entre voc\u00eas por meio dele, como voc\u00eas mesmos sabem, a este, conforme o plano determinado e a presci\u00eancia de Deus, voc\u00eas mataram, crucificando-o por meio de homens maus. Por\u00e9m Deus o ressuscitou, livrando-o da agonia da morte, porque n\u00e3o era poss\u00edvel que fosse retido por ela. (Atos 2.22-24 NAA)<\/span><\/p><\/blockquote>\n<p><span style=\"font-weight: 400;\">O momento perfeito para revelar os planos de Deus foi o Pentecostes. Jesus tinha preparado os disc\u00edpulos para a revela\u00e7\u00e3o a uma grande audi\u00eancia os espantosos acontecimentos da P\u00e1scoa. Pentecostes era a data perfeita. A morte de Jesus, h\u00e1 cinquenta dias, n\u00e3o queria dizer que o plano de Deus tinha falhado ou que Jesus n\u00e3o era o Messias. Pelo contr\u00e1rio, a crucifica\u00e7\u00e3o era uma demonstra\u00e7\u00e3o do custo que Deus estava disposto a pagar para nos salvar. Um custo enorme que revelou um amor insond\u00e1vel.&nbsp;<\/span><\/p>\n<p><span style=\"font-weight: 400;\">A necessidade da morte do Messias pegou de surpresa a todos, porque estava escondida nas Escrituras. A sua morte, longe de ser sem sentido, foi o cl\u00edmax do plano de Deus. A ressurrei\u00e7\u00e3o de Jesus derrotou a morte!&nbsp;<\/span><\/p>\n<p><span style=\"font-weight: 400;\">Pedro afirma um fato p\u00fablico, n\u00e3o para agredir seus ouvintes, ou para se engrandecer: voc\u00eas o crucificaram, mas n\u00e3o era poss\u00edvel que fosse retido pela morte. Se a atitude de Pedro tivesse sido uma de julgamento ou arrog\u00e2ncia, certamente &#8230;<\/span><\/p>\n<p><strong>Convidamos voc\u00ea para continuar percorrendo essa trilha de ora\u00e7\u00e3o.<\/strong><\/p>\n<p><strong>Dedique 20 minutos a cada dia para orar especificamente por uma crian\u00e7a ou adolescente que lhe causa algum pesar!<\/strong><\/p>\n<p>&nbsp;<\/p>\n<p style=\"text-align: center;\"><a href=\"https:\/\/www.maosdadas.ong.br\/casa\/trilhas-de-oracao\/dia-3-tudo-de-acordo-com-o-plano\/\"><strong><span style=\"color: #008000;\">Acesse a Trilha<\/span><\/strong><\/a>&nbsp; &nbsp; &nbsp; &nbsp; &nbsp; &nbsp; &nbsp; &nbsp; &nbsp; &nbsp; &nbsp; &nbsp; &nbsp; &nbsp; &nbsp; &nbsp; &nbsp; &nbsp;<span style=\"color: #008000;\"> &nbsp; &nbsp; &nbsp;<strong><a style=\"color: #008000;\" href=\"https:\/\/www.maosdadas.ong.br\/produto\/trilha-de-oracao-2022\/\">Baixe a Trilha<\/a><\/strong><\/span><\/p>\n","protected":false},"excerpt":{"rendered":"<p>DIA 3 &nbsp; \u2014 Israelitas, escutem o que vou dizer: Jesus, o Nazareno, homem aprovado por Deus diante de voc\u00eas com milagres, prod\u00edgios e sinais, os quais o pr\u00f3prio Deus realizou entre voc\u00eas por meio dele, como voc\u00eas mesmos sabem, a este, conforme o plano determinado e a presci\u00eancia de Deus, voc\u00eas mataram, crucificando-o por [&hellip;]<\/p>\n","protected":false},"author":33,"featured_media":9677,"comment_status":"open","ping_status":"open","sticky":false,"template":"","format":"standard","meta":{"ngg_post_thumbnail":0,"footnotes":""},"categories":[15786,36585,5799,14],"tags":[5175,44270,61,15,5456,24220,28770,44273,8441,44271,38,44272,5642,44275,32254,44274,28764,128,44276],"class_list":["post-9675","post","type-post","status-publish","format-standard","has-post-thumbnail","hentry","category-em-pauta","category-material-de-apoio","category-noticia","category-recursos","tag-adolescentes","tag-campanhamutiraomundialdeoracao","tag-crianca","tag-criancas","tag-direitos","tag-educador-social","tag-educador-social-cristao","tag-espiritosanto","tag-familia","tag-guiadeoracao2022","tag-igreja","tag-intercambiodeoracao","tag-intercessao","tag-lembretebiblico","tag-mmo","tag-mmo26anos","tag-orar","tag-rede-maos-dadas","tag-trilhadeoracao"],"_links":{"self":[{"href":"https:\/\/ultimato.com.br\/sites\/maosdadas\/wp-json\/wp\/v2\/posts\/9675","targetHints":{"allow":["GET"]}}],"collection":[{"href":"https:\/\/ultimato.com.br\/sites\/maosdadas\/wp-json\/wp\/v2\/posts"}],"about":[{"href":"https:\/\/ultimato.com.br\/sites\/maosdadas\/wp-json\/wp\/v2\/types\/post"}],"author":[{"embeddable":true,"href":"https:\/\/ultimato.com.br\/sites\/maosdadas\/wp-json\/wp\/v2\/users\/33"}],"replies":[{"embeddable":true,"href":"https:\/\/ultimato.com.br\/sites\/maosdadas\/wp-json\/wp\/v2\/comments?post=9675"}],"version-history":[{"count":2,"href":"https:\/\/ultimato.com.br\/sites\/maosdadas\/wp-json\/wp\/v2\/posts\/9675\/revisions"}],"predecessor-version":[{"id":9679,"href":"https:\/\/ultimato.com.br\/sites\/maosdadas\/wp-json\/wp\/v2\/posts\/9675\/revisions\/9679"}],"wp:featuredmedia":[{"embeddable":true,"href":"https:\/\/ultimato.com.br\/sites\/maosdadas\/wp-json\/wp\/v2\/media\/9677"}],"wp:attachment":[{"href":"https:\/\/ultimato.com.br\/sites\/maosdadas\/wp-json\/wp\/v2\/media?parent=9675"}],"wp:term":[{"taxonomy":"category","embeddable":true,"href":"https:\/\/ultimato.com.br\/sites\/maosdadas\/wp-json\/wp\/v2\/categories?post=9675"},{"taxonomy":"post_tag","embeddable":true,"href":"https:\/\/ultimato.com.br\/sites\/maosdadas\/wp-json\/wp\/v2\/tags?post=9675"}],"curies":[{"name":"wp","href":"https:\/\/api.w.org\/{rel}","templated":true}]}}