{"id":9670,"date":"2022-07-25T11:38:03","date_gmt":"2022-07-25T14:38:03","guid":{"rendered":"https:\/\/ultimato.com.br\/sites\/maosdadas\/?p=9670"},"modified":"2022-07-25T11:42:55","modified_gmt":"2022-07-25T14:42:55","slug":"trilha-de-oracao-juntos-em-pe","status":"publish","type":"post","link":"https:\/\/ultimato.com.br\/sites\/maosdadas\/2022\/07\/25\/trilha-de-oracao-juntos-em-pe\/","title":{"rendered":"Trilha de Ora\u00e7\u00e3o \u2013 Juntos, Em P\u00e9"},"content":{"rendered":"<p><strong>DIA 2<\/strong><\/p>\n<blockquote><p>Todos, at\u00f4nitos e perplexos, perguntavam uns aos outros:&nbsp;<\/p>\n<p>\u2014 O que ser\u00e1 que isso quer dizer?&nbsp;<\/p>\n<p>Outros, por\u00e9m, zombando, diziam: \u2014 Est\u00e3o b\u00eabados!<\/p>\n<p>Ent\u00e3o Pedro se levantou, junto com os onze, e, erguendo a voz, dirigiu-se \u00e0 multid\u00e3o nestes termos:<\/p>\n<p>&nbsp;\u2014 Homens da Judeia e todos voc\u00eas que moram em Jerusal\u00e9m, tomem conhecimento disto e prestem aten\u00e7\u00e3o no que vou dizer. Estes homens n\u00e3o est\u00e3o b\u00eabados, como voc\u00eas est\u00e3o pensando, porque s\u00e3o apenas nove horas da manh\u00e3. Mas o que est\u00e1 acontecendo \u00e9 o que foi dito por meio do profeta Joel: \u201cE acontecer\u00e1 nos \u00faltimos dias, diz Deus, que derramarei o meu Esp\u00edrito sobre toda a humanidade. Os filhos e as filhas de voc\u00eas profetizar\u00e3o, os seus jovens ter\u00e3o vis\u00f5es, e os seus velhos sonhar\u00e3o. At\u00e9 sobre os meus servos e sobre as minhas servas derramarei o meu Esp\u00edrito naqueles dias, e profetizar\u00e3o. Mostrarei prod\u00edgios em cima no c\u00e9u e sinais embaixo da terra: sangue, fogo e nuvens de fuma\u00e7a. O sol se transformar\u00e1 em trevas, e a lua, em sangue, antes que venha o grande e glorioso Dia do Senhor. E acontecer\u00e1 que todo aquele que invocar o nome do Senhor ser\u00e1 salvo.\u201d (Atos 2:12-21)<\/p><\/blockquote>\n<p>Os doze certamente se sentiram amea\u00e7ados por uma multid\u00e3o t\u00e3o numerosa zombando deles. Jesus tinha enfrentado uma grande multid\u00e3o gritando \u201cCrucifica-o!\u201d apenas cinquenta dias antes disso. Agora esta multid\u00e3o estava \u2026<\/p>\n<p><strong>Convidamos voc\u00ea para continuar percorrendo essa trilha de ora\u00e7\u00e3o.<\/strong>&nbsp;<strong>Dedique 20 minutos a cada dia para orar especificamente por uma crian\u00e7a ou adolescente que lhe causa algum pesar!<\/strong><\/p>\n<p>&nbsp;<\/p>\n<p style=\"text-align: center;\"><a href=\"https:\/\/www.maosdadas.ong.br\/casa\/trilhas-de-oracao\/dia-2-juntos-em-pe\/\"><strong><span style=\"color: #008000;\">Acesse a Trilha<\/span><\/strong><\/a>&nbsp; &nbsp; &nbsp; &nbsp; &nbsp; &nbsp; &nbsp; &nbsp; &nbsp; &nbsp; &nbsp; &nbsp; &nbsp; &nbsp; &nbsp; &nbsp; &nbsp; &nbsp;<span style=\"color: #008000;\"> &nbsp; &nbsp; &nbsp;<strong><a style=\"color: #008000;\" href=\"https:\/\/www.maosdadas.ong.br\/produto\/trilha-de-oracao-2022\/\">Baixe a Trilha<\/a><\/strong><\/span><\/p>\n","protected":false},"excerpt":{"rendered":"<p>DIA 2 Todos, at\u00f4nitos e perplexos, perguntavam uns aos outros:&nbsp; \u2014 O que ser\u00e1 que isso quer dizer?&nbsp; Outros, por\u00e9m, zombando, diziam: \u2014 Est\u00e3o b\u00eabados! Ent\u00e3o Pedro se levantou, junto com os onze, e, erguendo a voz, dirigiu-se \u00e0 multid\u00e3o nestes termos: &nbsp;\u2014 Homens da Judeia e todos voc\u00eas que moram em Jerusal\u00e9m, tomem conhecimento [&hellip;]<\/p>\n","protected":false},"author":33,"featured_media":9672,"comment_status":"open","ping_status":"open","sticky":false,"template":"","format":"standard","meta":{"ngg_post_thumbnail":0,"footnotes":""},"categories":[5375,36585,14,36584],"tags":[5175,44270,61,44273,8441,44271,44272,5642,44275,32254,44274,28764,44276],"class_list":["post-9670","post","type-post","status-publish","format-standard","has-post-thumbnail","hentry","category-compromisso","category-material-de-apoio","category-recursos","category-sugestoes","tag-adolescentes","tag-campanhamutiraomundialdeoracao","tag-crianca","tag-espiritosanto","tag-familia","tag-guiadeoracao2022","tag-intercambiodeoracao","tag-intercessao","tag-lembretebiblico","tag-mmo","tag-mmo26anos","tag-orar","tag-trilhadeoracao"],"_links":{"self":[{"href":"https:\/\/ultimato.com.br\/sites\/maosdadas\/wp-json\/wp\/v2\/posts\/9670","targetHints":{"allow":["GET"]}}],"collection":[{"href":"https:\/\/ultimato.com.br\/sites\/maosdadas\/wp-json\/wp\/v2\/posts"}],"about":[{"href":"https:\/\/ultimato.com.br\/sites\/maosdadas\/wp-json\/wp\/v2\/types\/post"}],"author":[{"embeddable":true,"href":"https:\/\/ultimato.com.br\/sites\/maosdadas\/wp-json\/wp\/v2\/users\/33"}],"replies":[{"embeddable":true,"href":"https:\/\/ultimato.com.br\/sites\/maosdadas\/wp-json\/wp\/v2\/comments?post=9670"}],"version-history":[{"count":3,"href":"https:\/\/ultimato.com.br\/sites\/maosdadas\/wp-json\/wp\/v2\/posts\/9670\/revisions"}],"predecessor-version":[{"id":9676,"href":"https:\/\/ultimato.com.br\/sites\/maosdadas\/wp-json\/wp\/v2\/posts\/9670\/revisions\/9676"}],"wp:featuredmedia":[{"embeddable":true,"href":"https:\/\/ultimato.com.br\/sites\/maosdadas\/wp-json\/wp\/v2\/media\/9672"}],"wp:attachment":[{"href":"https:\/\/ultimato.com.br\/sites\/maosdadas\/wp-json\/wp\/v2\/media?parent=9670"}],"wp:term":[{"taxonomy":"category","embeddable":true,"href":"https:\/\/ultimato.com.br\/sites\/maosdadas\/wp-json\/wp\/v2\/categories?post=9670"},{"taxonomy":"post_tag","embeddable":true,"href":"https:\/\/ultimato.com.br\/sites\/maosdadas\/wp-json\/wp\/v2\/tags?post=9670"}],"curies":[{"name":"wp","href":"https:\/\/api.w.org\/{rel}","templated":true}]}}