{"id":9621,"date":"2022-06-01T16:43:48","date_gmt":"2022-06-01T19:43:48","guid":{"rendered":"https:\/\/ultimato.com.br\/sites\/maosdadas\/?p=9621"},"modified":"2022-06-15T16:59:46","modified_gmt":"2022-06-15T19:59:46","slug":"em-toda-geracao-um-cuidado-especial","status":"publish","type":"post","link":"https:\/\/ultimato.com.br\/sites\/maosdadas\/2022\/06\/01\/em-toda-geracao-um-cuidado-especial\/","title":{"rendered":"Em toda gera\u00e7\u00e3o um cuidado especial"},"content":{"rendered":"<div>\n<p><img loading=\"lazy\" decoding=\"async\" class=\"aligncenter wp-image-9622 size-full\" src=\"https:\/\/ultimato.com.br\/sites\/maosdadas\/files\/2022\/06\/Imagens-p-Video-MMO2022.jpg\" alt=\"\" width=\"1640\" height=\"924\" srcset=\"https:\/\/ultimato.com.br\/sites\/maosdadas\/files\/2022\/06\/Imagens-p-Video-MMO2022.jpg 1640w, https:\/\/ultimato.com.br\/sites\/maosdadas\/files\/2022\/06\/Imagens-p-Video-MMO2022-300x169.jpg 300w, https:\/\/ultimato.com.br\/sites\/maosdadas\/files\/2022\/06\/Imagens-p-Video-MMO2022-1024x577.jpg 1024w, https:\/\/ultimato.com.br\/sites\/maosdadas\/files\/2022\/06\/Imagens-p-Video-MMO2022-768x433.jpg 768w, https:\/\/ultimato.com.br\/sites\/maosdadas\/files\/2022\/06\/Imagens-p-Video-MMO2022-1536x865.jpg 1536w, https:\/\/ultimato.com.br\/sites\/maosdadas\/files\/2022\/06\/Imagens-p-Video-MMO2022-732x412.jpg 732w, https:\/\/ultimato.com.br\/sites\/maosdadas\/files\/2022\/06\/Imagens-p-Video-MMO2022-1140x642.jpg 1140w\" sizes=\"auto, (max-width: 1640px) 100vw, 1640px\" \/><\/p>\n<p><span style=\"font-weight: 400;\">No domingo de Pentecostes, celebramos a chegada do Esp\u00edrito Santo cinquenta dias depois de Jesus ter sido elevado aos c\u00e9us.<\/span><\/p>\n<p>Este ano, vamos dedicar um tempinho para interceder pelas crian\u00e7as e adolescentes que passam por situa\u00e7\u00f5es de grande vulnerabilidade. Isto faz todo sentido, porque na hist\u00f3ria da humanidade, em cada gera\u00e7\u00e3o, Deus levanta homens e mulheres para defender a causa do \u00f3rf\u00e3o, da vi\u00fava e do estrangeiro, e este trabalho \u00e9 coordenado pelo Esp\u00edrito Santo!<\/p>\n<\/div>\n<div>\n<p>Para esse momento preparamos um v\u00eddeo para ser usado nas programa\u00e7\u00f5es lit\u00fargicas, neste domingo e demais domingos de junho.<\/p>\n<p>A sugest\u00e3o de usar o v\u00eddeo \u201cEm toda gera\u00e7\u00e3o um cuidado especial\u201d seguido de um momento congregacional de intercess\u00e3o pelas crian\u00e7as e adolescentes que passam por situa\u00e7\u00f5es de grande vulnerabilidade.<\/p>\n<\/div>\n<div>&nbsp;<\/div>\n<ul>\n<li><strong>Voc\u00ea pode compartilhar com sua igreja, projeto social, organiza\u00e7\u00e3o ou em familia pelo link do Yotube:&nbsp;<span style=\"color: #008000;\"><a style=\"color: #008000;\" href=\"https:\/\/youtu.be\/vWfsMDfsT34\" target=\"_blank\" rel=\"noopener\">Acesse Aqui!<\/a><\/span><\/strong><\/li>\n<\/ul>\n<p><iframe loading=\"lazy\" title=\"YouTube video player\" src=\"https:\/\/www.youtube.com\/embed\/vWfsMDfsT34\" width=\"1180\" height=\"664\" frameborder=\"0\" allowfullscreen=\"allowfullscreen\"><\/iframe><\/p>\n","protected":false},"excerpt":{"rendered":"<p>No domingo de Pentecostes, celebramos a chegada do Esp\u00edrito Santo cinquenta dias depois de Jesus ter sido elevado aos c\u00e9us. Este ano, vamos dedicar um tempinho para interceder pelas crian\u00e7as e adolescentes que passam por situa\u00e7\u00f5es de grande vulnerabilidade. Isto faz todo sentido, porque na hist\u00f3ria da humanidade, em cada gera\u00e7\u00e3o, Deus levanta homens e [&hellip;]<\/p>\n","protected":false},"author":33,"featured_media":0,"comment_status":"open","ping_status":"open","sticky":false,"template":"","format":"standard","meta":{"ngg_post_thumbnail":0,"footnotes":""},"categories":[15786,36568,128],"tags":[15,5505,102,44249,5642,44242,124,26182,128,44250,92],"class_list":["post-9621","post","type-post","status-publish","format-standard","hentry","category-em-pauta","category-pertencimento","category-rede-maos-dadas","tag-criancas","tag-espirito-santo","tag-evangelho","tag-igreja-familia","tag-intercessao","tag-juntos-na-fe","tag-oracao","tag-pentecostes","tag-rede-maos-dadas","tag-reflexaobiblica","tag-video"],"_links":{"self":[{"href":"https:\/\/ultimato.com.br\/sites\/maosdadas\/wp-json\/wp\/v2\/posts\/9621","targetHints":{"allow":["GET"]}}],"collection":[{"href":"https:\/\/ultimato.com.br\/sites\/maosdadas\/wp-json\/wp\/v2\/posts"}],"about":[{"href":"https:\/\/ultimato.com.br\/sites\/maosdadas\/wp-json\/wp\/v2\/types\/post"}],"author":[{"embeddable":true,"href":"https:\/\/ultimato.com.br\/sites\/maosdadas\/wp-json\/wp\/v2\/users\/33"}],"replies":[{"embeddable":true,"href":"https:\/\/ultimato.com.br\/sites\/maosdadas\/wp-json\/wp\/v2\/comments?post=9621"}],"version-history":[{"count":9,"href":"https:\/\/ultimato.com.br\/sites\/maosdadas\/wp-json\/wp\/v2\/posts\/9621\/revisions"}],"predecessor-version":[{"id":9637,"href":"https:\/\/ultimato.com.br\/sites\/maosdadas\/wp-json\/wp\/v2\/posts\/9621\/revisions\/9637"}],"wp:attachment":[{"href":"https:\/\/ultimato.com.br\/sites\/maosdadas\/wp-json\/wp\/v2\/media?parent=9621"}],"wp:term":[{"taxonomy":"category","embeddable":true,"href":"https:\/\/ultimato.com.br\/sites\/maosdadas\/wp-json\/wp\/v2\/categories?post=9621"},{"taxonomy":"post_tag","embeddable":true,"href":"https:\/\/ultimato.com.br\/sites\/maosdadas\/wp-json\/wp\/v2\/tags?post=9621"}],"curies":[{"name":"wp","href":"https:\/\/api.w.org\/{rel}","templated":true}]}}