{"id":9616,"date":"2022-05-25T15:00:18","date_gmt":"2022-05-25T18:00:18","guid":{"rendered":"https:\/\/ultimato.com.br\/sites\/maosdadas\/?p=9616"},"modified":"2022-05-25T15:00:44","modified_gmt":"2022-05-25T18:00:44","slug":"dia-nacional-da-adocao-e-marcado-por-amor-conquistas-e-desafios","status":"publish","type":"post","link":"https:\/\/ultimato.com.br\/sites\/maosdadas\/2022\/05\/25\/dia-nacional-da-adocao-e-marcado-por-amor-conquistas-e-desafios\/","title":{"rendered":"Dia Nacional da Ado\u00e7\u00e3o \u00e9 marcado por amor, conquistas e desafios\u00a0"},"content":{"rendered":"<p><span style=\"font-weight: 400;\">Casados h\u00e1 mais de 20 anos, a ge\u00f3grafa Suely Aparecida Gomes Moreira e o esposo, o assistente social, Cl\u00e1udio Edmar Moreira sempre sonharam em ter filhos. Depois de v\u00e1rias tentativas frustradas de gravidez biol\u00f3gica, o casal resolveu adotar. <\/span><\/p>\n<p><span style=\"font-weight: 400;\">O menino Jo\u00e3o Vitor Moreira Gomes nasceu em 13 de novembro de 2005, mas foi em outubro de 2015 que chegou na vida do casal. Suely conta que a decis\u00e3o de adotar Jo\u00e3o Vitor fez com que a vida ganhasse um novo sentido. \u201cRomantizamos um pouco a ado\u00e7\u00e3o, temos desafios, afinal a crian\u00e7a passou por situa\u00e7\u00f5es de neglig\u00eancia e chega machucada, mas valeu cada minuto. Com ele, crescemos e aprendemos. Constru\u00edmos um v\u00ednculo intenso. Ele \u00e9 com certeza nossa maior alegria, nosso maior presente\u201d.&nbsp;<\/span><\/p>\n<p><span style=\"font-weight: 400;\">Uma nova realidade para Jo\u00e3o Vitor, que deixou de fazer parte das mais de 4.137 crian\u00e7as e adolescentes que est\u00e3o em casas de acolhimento e institui\u00e7\u00f5es p\u00fablicas por todo pa\u00eds para ado\u00e7\u00e3o. Segundo dados do Conselho Nacional de Justi\u00e7a, que administra o Sistema Nacional de Ado\u00e7\u00e3o e Acolhimento (SNA), s\u00f3 em Minas, s\u00e3o 570 \u00e0 espera de uma fam\u00edlia e 590 est\u00e3o em processo de ado\u00e7\u00e3o.<\/span><\/p>\n<p><span style=\"font-weight: 400;\"> Em Uberl\u00e2ndia, 23 crian\u00e7as e adolescentes aguardam para serem adotados. S\u00e3o 222 processos habilitados inscritos, ou seja, fam\u00edlias que est\u00e3o aptas para adotar.&nbsp; Em 2019 foram 41 ado\u00e7\u00f5es ajuizadas, em 2020, 12 e em 2021, 34 ado\u00e7\u00f5es.&nbsp;&nbsp;&nbsp;&nbsp;&nbsp;<\/span><\/p>\n<p><span style=\"font-weight: 400;\">Jo\u00e3o Vitor teve um final feliz. Mesmo com mais de 10 anos conseguiu uma fam\u00edlia. Isso porque a maioria dos pretendentes quer adotar abaixo dessa faixa et\u00e1ria. \u201cGeralmente os pais procuram um beb\u00ea. A princ\u00edpio, pensamos em uma crian\u00e7a com at\u00e9 tr\u00eas anos, chegamos a fazer o cadastro, mas depois preferimos o que chamam de ado\u00e7\u00e3o tardia. Um dia, recebemos a liga\u00e7\u00e3o da Busca Ativa da Vara da Inf\u00e2ncia de Uberaba. Depois de um curso de postulantes que fizemos na Pontes de Amor abrimos nossos olhares para crian\u00e7as maiores e somos muito gratos por termos o Jo\u00e3o Vitor, tudo foi muito propositivo\u201d, conta a m\u00e3e.&nbsp;&nbsp;<\/span><\/p>\n<p>&nbsp;<\/p>\n<h2><span style=\"color: #008000;\"><strong>Ado\u00e7\u00e3o Acompanhada<\/strong><\/span><\/h2>\n<blockquote>\n<h2><span style=\"font-weight: 400; font-size: 16px;\">\u201cOs desejos mudaram, assim como o arranjo familiar. Hoje temos uma pluralidade de fam\u00edlias. Assim como h\u00e1 pessoas que querem beb\u00eas, h\u00e1 os que preferem crian\u00e7as maiores tamb\u00e9m. Tabus t\u00eam sido demolidos. \u00c9 um avan\u00e7o\u201d, conta. &nbsp;<\/span><\/h2>\n<\/blockquote>\n<p><span style=\"font-weight: 400;\">A Pontes existe para ajudar os que sonham em ser pais. \u201cLutamos para que toda crian\u00e7a e adolescente tenha uma fam\u00edlia. O mais importante \u00e9 refor\u00e7ar que a ado\u00e7\u00e3o \u00e9 voltada para manter o interesse e o bem-estar da crian\u00e7a e n\u00e3o dos pais adotantes. Por isso, o ambiente adequado \u00e9 primordial.<\/span><\/p>\n<p><span style=\"font-weight: 400;\"> Na Pontes de Amor as pessoas podem encontrar respaldo, apoio, orienta\u00e7\u00e3o e servi\u00e7os de forma profissional, \u00e9tica, especializada e gratuita. Temos cursos para se prepararem para esse momento, oferecendo apoio terap\u00eautico, psicol\u00f3gico, jur\u00eddico e psicopedag\u00f3gico antes e depois da ado\u00e7\u00e3o\u201d, acrescenta Sara.&nbsp;<\/span><\/p>\n<p>&nbsp;<\/p>\n<h2><strong><span style=\"color: #008000;\">Planos da fam\u00edlia<\/span><\/strong><\/h2>\n<p>&nbsp;<\/p>\n<p><span style=\"font-weight: 400;\">Suely e Cl\u00e1udio ainda sonham em adotar mais duas crian\u00e7as. \u201cEstamos h\u00e1 oito anos no Sistema Nacional de Ado\u00e7\u00e3o e Acolhimento aguardando. Amor n\u00e3o tem idade e v\u00ednculo, n\u00e3o \u00e9 apenas de sangue. Ainda temos esperan\u00e7a de que nossos outros filhos cheguem. Temos muito amor para compartilhar. Deus sabe todas as coisas e \u00e9 nas m\u00e3os Dele que deixamos\u201d, finaliza Suely.<\/span><\/p>\n<p>&nbsp;<\/p>\n<h2><span style=\"color: #008000;\"><strong>H\u00e1 10 anos, Pontes de Amor ajuda fam\u00edlias no processo de ado\u00e7\u00e3o<\/strong><\/span><\/h2>\n<p>&nbsp;<\/p>\n<p><strong>Sobre a Pontes de Amor:&nbsp; <\/strong><span style=\"font-weight: 400;\">Criada em 2012, o Pontes de Amor \u00e9 uma Organiza\u00e7\u00e3o Filantr\u00f3pica sem fins lucrativos, filiada \u00e0 Associa\u00e7\u00e3o Nacional dos Grupos de Apoio \u00e0 Ado\u00e7\u00e3o (ANGAAD), que atua em Uberl\u00e2ndia e no Tri\u00e2ngulo Mineiro em sintonia com a Vara da Inf\u00e2ncia e da Juventude, \u00d3rg\u00e3os e Conselhos de Direito da Crian\u00e7a e do Adolescente. Surgiu diante da preocupa\u00e7\u00e3o com a garantia dos direitos de crian\u00e7as\/adolescentes institucionalizados e dos altos \u00edndices de devolu\u00e7\u00e3o de crian\u00e7as por fam\u00edlias adotivas no Brasil e de crises familiares no p\u00f3s-ado\u00e7\u00e3o por falta de apoio, acompanhamento psicol\u00f3gico, psicopedag\u00f3gico.<\/span><\/p>\n<p><span style=\"font-weight: 400;\">O grupo Pontes de Amor foi criado com o objetivo de apoiar e incentivar a ado\u00e7\u00e3o legal e a conviv\u00eancia&nbsp; familiar e comunit\u00e1ria,&nbsp; promovendo sa\u00fade&nbsp; intra e&nbsp; inter&nbsp; relacional de crian\u00e7as, adolescentes e suas fam\u00edlias e com a sociedade. Al\u00e9m disso, busca auxiliar e facilitar a conviv\u00eancia social, familiar e comunit\u00e1ria da crian\u00e7a e do adolescente em processo de ado\u00e7\u00e3o ou em estado de acolhimento. Este trabalho \u00e9 desenvolvido especialmente na prepara\u00e7\u00e3o de fam\u00edlias adotivas ou pretendentes \u00e0 ado\u00e7\u00e3o com orienta\u00e7\u00e3o e acompanhamento.<\/span><\/p>\n<p>&nbsp;<\/p>\n<p>Por: <strong>Sara Vargas<\/strong>, Diretora da Pontes de Amor e da ANGAAD (Associa\u00e7\u00e3o Nacional de Grupos de Apoio \u00e0 Ado\u00e7\u00e3o), conselheira do WWO (Global World Without Orphans), facilitadora do WWO Brasil.<\/p>\n<p>&nbsp;<\/p>\n<ul>\n<li>Veja tamb\u00e9m o Artigo: <a href=\"https:\/\/www.maosdadas.ong.br\/produto\/adocao-tardia-desafio-de-adotar-uma-crianca-mais-velha\/\" target=\"_blank\" rel=\"noopener\"><span style=\"color: #008000;\"><strong>Ado\u00e7\u00e3o tardia: desafio de adotar uma crian\u00e7a mais velha, escrito por Isabelle Ludovico e publicado na edi\u00e7\u00e3o 27, Para toda crian\u00e7a, uma fam\u00edlia&nbsp;&nbsp;da revista M\u00e3os Dadas.<\/strong><\/span><\/a><\/li>\n<\/ul>\n","protected":false},"excerpt":{"rendered":"<p>Casados h\u00e1 mais de 20 anos, a ge\u00f3grafa Suely Aparecida Gomes Moreira e o esposo, o assistente social, Cl\u00e1udio Edmar Moreira sempre sonharam em ter filhos. Depois de v\u00e1rias tentativas frustradas de gravidez biol\u00f3gica, o casal resolveu adotar. O menino Jo\u00e3o Vitor Moreira Gomes nasceu em 13 de novembro de 2005, mas foi em outubro [&hellip;]<\/p>\n","protected":false},"author":33,"featured_media":9619,"comment_status":"open","ping_status":"open","sticky":false,"template":"","format":"standard","meta":{"ngg_post_thumbnail":0,"footnotes":""},"categories":[16016,15,5456,24220,28770,15786,8053,38,36585,5799,36568,14,128],"tags":[19636,41278,5175,5206,44265,15,44267,8441,44266,44268,44264,44151],"class_list":["post-9616","post","type-post","status-publish","format-standard","has-post-thumbnail","hentry","category-conversas","category-criancas","category-direitos","category-educador-social","category-educador-social-cristao","category-em-pauta","category-estatistica","category-igreja","category-material-de-apoio","category-noticia","category-pertencimento","category-recursos","category-rede-maos-dadas","tag-adocao","tag-adocao-tardia","tag-adolescentes","tag-amor","tag-angaad","tag-criancas","tag-dia-internacional-da-adocao","tag-familia","tag-pontes-de-amor","tag-sara-vargas","tag-suely-claudio","tag-wwo"],"_links":{"self":[{"href":"https:\/\/ultimato.com.br\/sites\/maosdadas\/wp-json\/wp\/v2\/posts\/9616","targetHints":{"allow":["GET"]}}],"collection":[{"href":"https:\/\/ultimato.com.br\/sites\/maosdadas\/wp-json\/wp\/v2\/posts"}],"about":[{"href":"https:\/\/ultimato.com.br\/sites\/maosdadas\/wp-json\/wp\/v2\/types\/post"}],"author":[{"embeddable":true,"href":"https:\/\/ultimato.com.br\/sites\/maosdadas\/wp-json\/wp\/v2\/users\/33"}],"replies":[{"embeddable":true,"href":"https:\/\/ultimato.com.br\/sites\/maosdadas\/wp-json\/wp\/v2\/comments?post=9616"}],"version-history":[{"count":3,"href":"https:\/\/ultimato.com.br\/sites\/maosdadas\/wp-json\/wp\/v2\/posts\/9616\/revisions"}],"predecessor-version":[{"id":9620,"href":"https:\/\/ultimato.com.br\/sites\/maosdadas\/wp-json\/wp\/v2\/posts\/9616\/revisions\/9620"}],"wp:featuredmedia":[{"embeddable":true,"href":"https:\/\/ultimato.com.br\/sites\/maosdadas\/wp-json\/wp\/v2\/media\/9619"}],"wp:attachment":[{"href":"https:\/\/ultimato.com.br\/sites\/maosdadas\/wp-json\/wp\/v2\/media?parent=9616"}],"wp:term":[{"taxonomy":"category","embeddable":true,"href":"https:\/\/ultimato.com.br\/sites\/maosdadas\/wp-json\/wp\/v2\/categories?post=9616"},{"taxonomy":"post_tag","embeddable":true,"href":"https:\/\/ultimato.com.br\/sites\/maosdadas\/wp-json\/wp\/v2\/tags?post=9616"}],"curies":[{"name":"wp","href":"https:\/\/api.w.org\/{rel}","templated":true}]}}