{"id":8780,"date":"2020-11-06T16:30:57","date_gmt":"2020-11-06T19:30:57","guid":{"rendered":"http:\/\/ultimato.com.br\/sites\/maosdadas\/?p=8780"},"modified":"2020-11-06T16:30:58","modified_gmt":"2020-11-06T19:30:58","slug":"um-domingo-para-orar-se-informar-e-se-engajar-na-causa-do-orfao","status":"publish","type":"post","link":"https:\/\/ultimato.com.br\/sites\/maosdadas\/2020\/11\/06\/um-domingo-para-orar-se-informar-e-se-engajar-na-causa-do-orfao\/","title":{"rendered":"Um domingo para orar, se informar e se engajar na causa do \u00f3rf\u00e3o"},"content":{"rendered":"<p><img loading=\"lazy\" decoding=\"async\" class=\"alignleft wp-image-8782 size-medium\" title=\"Homeron Klen\" src=\"http:\/\/ultimato.com.br\/sites\/maosdadas\/files\/2020\/11\/Homeron-Klen-300x300.jpg\" alt=\"\" width=\"300\" height=\"300\" srcset=\"https:\/\/ultimato.com.br\/sites\/maosdadas\/files\/2020\/11\/Homeron-Klen-300x300.jpg 300w, https:\/\/ultimato.com.br\/sites\/maosdadas\/files\/2020\/11\/Homeron-Klen-1024x1024.jpg 1024w, https:\/\/ultimato.com.br\/sites\/maosdadas\/files\/2020\/11\/Homeron-Klen-150x150.jpg 150w, https:\/\/ultimato.com.br\/sites\/maosdadas\/files\/2020\/11\/Homeron-Klen-768x768.jpg 768w, https:\/\/ultimato.com.br\/sites\/maosdadas\/files\/2020\/11\/Homeron-Klen-732x732.jpg 732w, https:\/\/ultimato.com.br\/sites\/maosdadas\/files\/2020\/11\/Homeron-Klen-1140x1140.jpg 1140w, https:\/\/ultimato.com.br\/sites\/maosdadas\/files\/2020\/11\/Homeron-Klen.jpg 1280w\" sizes=\"auto, (max-width: 300px) 100vw, 300px\" \/><\/p>\n<p>Acontece neste domingo um grande movimento de ora\u00e7\u00e3o em torno de uma causa que est\u00e1 no centro do motivo de ser da Rede M\u00e3os Dadas: para toda crian\u00e7a, uma fam\u00edlia! O movimento de ora\u00e7\u00e3o se chama Orphan Sunday e \u00e9 uma iniciativa da \u201cCAFO\u201d Christian Alliance for Orphans, celebrado ao redor de todo o mundo. No Brasil sua divulga\u00e7\u00e3o est\u00e1 a cargo do World Without Orphans Brasil e Movimento pelo Direito do \u00d3rf\u00e3o.<\/p>\n<p>&nbsp;<\/p>\n<p>Deus n\u00e3o quis que viv\u00eassemos em solid\u00e3o c\u00f3smica! Deus quer que bra\u00e7os abertos recebam cada crian\u00e7a que Ele traz ao mundo. Aconchego, afeto, comunidade e v\u00ednculos permanentes s\u00e3o necessidades b\u00e1sicas de todo ser humano.<\/p>\n<p>&nbsp;<\/p>\n<p>No entanto, apesar de se apresentar como Pai, apesar de ter nos adotado como filhos, apesar do seu grande amor por cada ser vivo criado \u00e0 sua imagem e semelhan\u00e7a, n\u00f3s continuamos a tolerar o abandono de milh\u00f5es de crian\u00e7as que vivem fora do conv\u00edvio familiar.<\/p>\n<p>&nbsp;<\/p>\n<p>Neste domingo, conhecido como Orphan Sunday, n\u00f3s da Rede M\u00e3os Dadas convidamos voc\u00ea para tr\u00eas coisas:<\/p>\n<p>&nbsp;<\/p>\n<ul>\n<li>\n<blockquote><p>Ore. Pe\u00e7a para que Deus nos mova em dire\u00e7\u00e3o ao seu cora\u00e7\u00e3o de Pai, que ele incomode a igreja evang\u00e9lica brasileira para que se levante e se torne resposta para as crian\u00e7as que vivem hoje sem fam\u00edlia. Se voc\u00ea deseja saber mais sobre esta causa, <strong>visite<\/strong>: <strong><span style=\"color: #008000;\"><a style=\"color: #008000;\" href=\"http:\/\/orphansundaypt.org\/\">Orphan Sunday<\/a>.<\/span><\/strong><\/p><\/blockquote>\n<\/li>\n<li>\n<blockquote><p>Junte-se a n\u00f3s. Participe da Mega Live neste domingo, \u00e0s 16:00 produzida pelo pessoal do Movimento pelo Direito do \u00d3rf\u00e3o. L\u00e1 voc\u00ea vai ouvir v\u00e1rias perspectivas sobre esta causa que mora no cora\u00e7\u00e3o do Pai. Transmiss\u00e3o ao vivo em nosso canal do YouTube <strong>neste link<\/strong>: <span style=\"color: #008000;\"><strong><a style=\"color: #008000;\" href=\"https:\/\/www.youtube.com\/watch?v=m6_taOM--Ro&amp;feature=youtu.be\">Mega live<\/a>.<\/strong><\/span><\/p><\/blockquote>\n<\/li>\n<li>\n<blockquote><p>Informe-se. O Movimento Nacional Pr\u00f3 Conviv\u00eancia Familiar e Comunit\u00e1ria realizou um semin\u00e1rio nesta primeira semana de novembro. Foram tr\u00eas encontros recheados de informa\u00e7\u00f5es. Voc\u00ea vai descobrir o que jovens egressos de institui\u00e7\u00f5es de acolhimento t\u00eam a dizer sobre suas experi\u00eancias e como est\u00e1 a situa\u00e7\u00e3o do acolhimento institucional no Brasil durante a pandemia. Informa\u00e7\u00f5es fresquinhas de lugares altamente confi\u00e1veis. <strong>Veja aqui<\/strong>: <span style=\"color: #008000;\"><strong><a style=\"color: #008000;\" href=\"https:\/\/www.youtube.com\/channel\/UCzg6lG6tx3GBSAw5YkGbojA\/videos\">Semin\u00e1rio Nacional.<\/a><\/strong><\/span><\/p><\/blockquote>\n<\/li>\n<\/ul>\n<p>&nbsp;<\/p>\n<p>A igreja evang\u00e9lica brasileira precisa urgentemente se voltar para a causa da crian\u00e7a. Nossa indiferen\u00e7a n\u00e3o ser\u00e1 ignorada pelo nosso Senhor.<\/p>\n<p>Jesus foi claro: <em>\u201c Fiquem atentos, para n\u00e3o desprezarem nenhum destes pequeninos! Porque eu afirmo a voc\u00eas que os anjos deles, l\u00e1 nos c\u00e9us, v\u00eaem incessantemente a face de meu Pai celeste.\u201d<\/em> Mt 18.10.<\/p>\n","protected":false},"excerpt":{"rendered":"<p>Acontece neste domingo um grande movimento de ora\u00e7\u00e3o em torno de uma causa que est\u00e1 no centro do motivo de ser da Rede M\u00e3os Dadas: para toda crian\u00e7a, uma fam\u00edlia! O movimento de ora\u00e7\u00e3o se chama Orphan Sunday e \u00e9 uma iniciativa da \u201cCAFO\u201d Christian Alliance for Orphans, celebrado ao redor de todo o mundo. [&hellip;]<\/p>\n","protected":false},"author":33,"featured_media":0,"comment_status":"open","ping_status":"open","sticky":false,"template":"","format":"standard","meta":{"ngg_post_thumbnail":0,"footnotes":""},"categories":[15874,15,5456,15786,5799],"tags":[41259,41258,41260,28813,41257],"class_list":["post-8780","post","type-post","status-publish","format-standard","hentry","category-anuncios","category-criancas","category-direitos","category-em-pauta","category-noticia","tag-direito-dos-orfaos","tag-mega-live-orphan-sunday","tag-movimento-de-oracao","tag-orphan-sunday","tag-seminario-nacional-pro-convivencia-familiar-e-comunitaria"],"_links":{"self":[{"href":"https:\/\/ultimato.com.br\/sites\/maosdadas\/wp-json\/wp\/v2\/posts\/8780","targetHints":{"allow":["GET"]}}],"collection":[{"href":"https:\/\/ultimato.com.br\/sites\/maosdadas\/wp-json\/wp\/v2\/posts"}],"about":[{"href":"https:\/\/ultimato.com.br\/sites\/maosdadas\/wp-json\/wp\/v2\/types\/post"}],"author":[{"embeddable":true,"href":"https:\/\/ultimato.com.br\/sites\/maosdadas\/wp-json\/wp\/v2\/users\/33"}],"replies":[{"embeddable":true,"href":"https:\/\/ultimato.com.br\/sites\/maosdadas\/wp-json\/wp\/v2\/comments?post=8780"}],"version-history":[{"count":7,"href":"https:\/\/ultimato.com.br\/sites\/maosdadas\/wp-json\/wp\/v2\/posts\/8780\/revisions"}],"predecessor-version":[{"id":8788,"href":"https:\/\/ultimato.com.br\/sites\/maosdadas\/wp-json\/wp\/v2\/posts\/8780\/revisions\/8788"}],"wp:attachment":[{"href":"https:\/\/ultimato.com.br\/sites\/maosdadas\/wp-json\/wp\/v2\/media?parent=8780"}],"wp:term":[{"taxonomy":"category","embeddable":true,"href":"https:\/\/ultimato.com.br\/sites\/maosdadas\/wp-json\/wp\/v2\/categories?post=8780"},{"taxonomy":"post_tag","embeddable":true,"href":"https:\/\/ultimato.com.br\/sites\/maosdadas\/wp-json\/wp\/v2\/tags?post=8780"}],"curies":[{"name":"wp","href":"https:\/\/api.w.org\/{rel}","templated":true}]}}