{"id":8559,"date":"2020-06-08T16:32:54","date_gmt":"2020-06-08T19:32:54","guid":{"rendered":"http:\/\/ultimato.com.br\/sites\/maosdadas\/?p=8559"},"modified":"2020-06-08T17:41:36","modified_gmt":"2020-06-08T20:41:36","slug":"as-criancas-e-as-incessantes-discussoes-politicas-dos-adultos","status":"publish","type":"post","link":"https:\/\/ultimato.com.br\/sites\/maosdadas\/2020\/06\/08\/as-criancas-e-as-incessantes-discussoes-politicas-dos-adultos\/","title":{"rendered":"As crian\u00e7as e as incessantes discuss\u00f5es pol\u00edticas dos adultos"},"content":{"rendered":"<p><img loading=\"lazy\" decoding=\"async\" class=\"aligncenter wp-image-8569\" title=\"James Gilbert\" src=\"http:\/\/ultimato.com.br\/sites\/maosdadas\/files\/2020\/06\/Crianc\u0327as-Asas_de_Socorro_NIKON-D800_3463.jpg\" alt=\"\" width=\"500\" height=\"334\" srcset=\"https:\/\/ultimato.com.br\/sites\/maosdadas\/files\/2020\/06\/Crianc\u0327as-Asas_de_Socorro_NIKON-D800_3463.jpg 888w, https:\/\/ultimato.com.br\/sites\/maosdadas\/files\/2020\/06\/Crianc\u0327as-Asas_de_Socorro_NIKON-D800_3463-300x200.jpg 300w, https:\/\/ultimato.com.br\/sites\/maosdadas\/files\/2020\/06\/Crianc\u0327as-Asas_de_Socorro_NIKON-D800_3463-768x513.jpg 768w, https:\/\/ultimato.com.br\/sites\/maosdadas\/files\/2020\/06\/Crianc\u0327as-Asas_de_Socorro_NIKON-D800_3463-732x489.jpg 732w\" sizes=\"auto, (max-width: 500px) 100vw, 500px\" \/><\/p>\n<p>&nbsp;<\/p>\n<p><span style=\"font-weight: 400;\">Recentemente uma amiga me chamou aten\u00e7\u00e3o para a hist\u00f3ria de Samuel e Susanna Wesley, pais de John e Charlles Wesley, conhecidos como os fundadores do Metodismo, l\u00edderes vision\u00e1rios que influenciaram o movimento crist\u00e3o da Inglaterra no s\u00e9culo 18.&nbsp;<\/span><\/p>\n<p>&nbsp;<\/p>\n<p><span style=\"font-weight: 400;\">Samuel e Susanna eram um casal piedoso. Ele era o p\u00e1roco de uma cidadezinha de interior no condado de<\/span><span style=\"font-weight: 400;\"> Lincolnshire, <\/span><span style=\"font-weight: 400;\">na Inglaterra. Ela era a rainha do lar, mulher muito bem educada e uma educadora de m\u00e3o cheia. Os dois gostavam de discutir pol\u00edtica. At\u00e9 a\u00ed, tudo bem. S\u00f3 que tinham posi\u00e7\u00f5es opostas. <\/span><\/p>\n<p><span style=\"font-weight: 400;\">Samuel apoiava o rei Guilherme de Orange, Susanna o considerava um usurpador e se mantinha fiel \u00e0 sua cria\u00e7\u00e3o que declarava sua lealdade aos Stuarts. Certa vez, com uma fam\u00edlia j\u00e1 numerosa, Samuel perdeu a paci\u00eancia (e a sensatez) quando sua esposa n\u00e3o disse am\u00e9m a uma ora\u00e7\u00e3o proferida por ele rogando b\u00ean\u00e7\u00e3os sobre o rei Guilherme de Orange. Ele ent\u00e3o abandonou sua esposa e filhos!<\/span><\/p>\n<p>&nbsp;<\/p>\n<p><span style=\"font-weight: 400;\">A separa\u00e7\u00e3o persistiu por mais de um ano. John Wesley foi o fruto da reconcilia\u00e7\u00e3o do casal. O casamento sobreviveu mas n\u00e3o sem muitas outras discuss\u00f5es e teimas oriundas de suas diferen\u00e7as pol\u00edticas. Samuel Wesley n\u00e3o foi um p\u00e1roco amado, justamente porque gostava de teimar em suas posi\u00e7\u00f5es ao infinito. E a fam\u00edlia sofria retalia\u00e7\u00f5es por aqueles que se sentiam ofendidos.&nbsp;<\/span><\/p>\n<p>&nbsp;<\/p>\n<p><span style=\"font-weight: 400;\">Uma destas retalia\u00e7\u00f5es aconteceu quando a casa pastoral foi incendiada. John Wesley ficou preso no andar de cima e s\u00f3 conseguiu sobreviver porque os p\u00e1rocos fizeram uma pir\u00e2mide humana para i\u00e7a-lo pela janela da casa em chamas. Ele tinha apenas 7 anos nesse tempo.<\/span><\/p>\n<p>&nbsp;<\/p>\n<p><span style=\"font-weight: 400;\">Esta hist\u00f3ria me fez parar e pensar. Quando declaramos nosso rep\u00fadio a este ou aquele campo pol\u00edtico, a esta ou aquela posi\u00e7\u00e3o, quando temos total convic\u00e7\u00e3o de que estamos certos e o outro lado est\u00e1 errado, onde est\u00e3o as crian\u00e7as? Como elas est\u00e3o processando tudo isto? Ser\u00e1 que elas n\u00e3o percebem que o ambiente fica pesado, que h\u00e1 uma grande inseguran\u00e7a no ar, que talvez o mundo seja um lugar temeroso?<\/span><\/p>\n<p>&nbsp;<\/p>\n<p><span style=\"font-weight: 400;\">Conheci uma menina, colega do meu filho. Vou cham\u00e1-la de Ver\u00f4nica, muito embora esse n\u00e3o seja seu nome verdadeiro. Desde pequena ela sentiu vontade de ir \u00e0 igreja. A m\u00e3e conta que o resultado foi que as duas, m\u00e3e e filha, acabaram se tornando membros confessos de uma igreja local. A menina tinha grande entusiasmo pelas programa\u00e7\u00f5es da igreja. As duas passaram a se relacionar com as outras crian\u00e7as e fam\u00edlias daquela igreja e acabaram se sentindo muito bem acolhidas.<\/span><\/p>\n<p>&nbsp;<\/p>\n<p><span style=\"font-weight: 400;\">Mas um dia, os pastores come\u00e7aram a se desentender sobre a melhor metodologia a seguir. O resultado foi um racha na igreja. Metade de um lado, a outra metade do outro. E as crian\u00e7as? Elas tamb\u00e9m foram divididas de acordo com a posi\u00e7\u00e3o de seus pais. A m\u00e3e de Ver\u00f4nica conta que \u00e0 medida que o conflito foi aumentando, Ver\u00f4nica come\u00e7ou a dar sinais de estresse. Todo fim de semana ela voltava da escola dominical com dor de barriga. At\u00e9 que um dia, na volta da igreja a menina declarou: \u201cN\u00f3s n\u00e3o vamos voltar mais l\u00e1, n\u00e9 m\u00e3e?\u201d<\/span><\/p>\n<p>&nbsp;<\/p>\n<p><span style=\"font-weight: 400;\">As crian\u00e7as n\u00e3o gostam de ver os adultos de quem elas dependem para sua seguran\u00e7a, orienta\u00e7\u00e3o e afeto, conversando uns com os outros como os valent\u00f5es no p\u00e1tio da escola. Nos iludimos ao dizer que elas n\u00e3o percebem porque embora possam n\u00e3o entender com a cabe\u00e7a, elas absorvem tudo com o cora\u00e7\u00e3o. Est\u00e3o muito antenadas para os gestos de adversidade e tens\u00e3o, desamor e deboche.<\/span><\/p>\n<p>&nbsp;<\/p>\n<p><span style=\"font-weight: 400;\">O que foi que aconteceu conosco? Por que estamos t\u00e3o desrespeitosos uns com os outros?&nbsp;<\/span><\/p>\n<p>&nbsp;<\/p>\n<p><span style=\"font-weight: 400;\">O rei Guilherme de Orange morreu, e toda a sua dinastia. A casa dos Stuarts n\u00e3o existe mais. A luta entre protestantes e cat\u00f3licos no Reino Unido \u00e9 coisa do passado. Mas por conta de um esp\u00edrito encrenqueiro, um pai colocou em risco a vida de seu filho de 7 anos. Um filho, que pela gra\u00e7a de Deus veio a se tornar um grande l\u00edder crist\u00e3o do s\u00e9culo 18.<\/span><\/p>\n<p>&nbsp;<\/p>\n<p><span style=\"font-weight: 400;\">Talvez o que estamos colocando em jogo n\u00e3o \u00e9 a integridade f\u00edsica de nossos filhos, mas a espiritual. Quantas Ver\u00f4nicas voltam para casa depois da igreja sentindo dor de barriga? Quantas dir\u00e3o num futuro pr\u00f3ximo, \u201cM\u00e3e, n\u00f3s n\u00e3o vamos voltar l\u00e1, n\u00e9?\u201d&nbsp;<\/span><\/p>\n<p>&nbsp;<\/p>\n<p><span style=\"font-weight: 400;\">O maltrato que temos dispensado aos nossos irm\u00e3os via redes sociais ronda a nossa casa e ele passa a prejudicar os mais pr\u00f3ximos a n\u00f3s.&nbsp;<\/span><\/p>\n<p>&nbsp;<\/p>\n<p><em><span style=\"font-weight: 400;\">Assim, n\u00e3o \u00e9 da vontade do Pai de voc\u00eas, que est\u00e1 nos c\u00e9us, que se perca um s\u00f3 destes pequeninos. Mateus 18.14<\/span><\/em><\/p>\n<p>&nbsp;<\/p>\n","protected":false},"excerpt":{"rendered":"<p>&nbsp; Recentemente uma amiga me chamou aten\u00e7\u00e3o para a hist\u00f3ria de Samuel e Susanna Wesley, pais de John e Charlles Wesley, conhecidos como os fundadores do Metodismo, l\u00edderes vision\u00e1rios que influenciaram o movimento crist\u00e3o da Inglaterra no s\u00e9culo 18.&nbsp; &nbsp; Samuel e Susanna eram um casal piedoso. Ele era o p\u00e1roco de uma cidadezinha de [&hellip;]<\/p>\n","protected":false},"author":33,"featured_media":0,"comment_status":"open","ping_status":"open","sticky":false,"template":"","format":"standard","meta":{"ngg_post_thumbnail":0,"footnotes":""},"categories":[15,15786],"tags":[15,5874],"class_list":["post-8559","post","type-post","status-publish","format-standard","hentry","category-criancas","category-em-pauta","tag-criancas","tag-politica"],"_links":{"self":[{"href":"https:\/\/ultimato.com.br\/sites\/maosdadas\/wp-json\/wp\/v2\/posts\/8559","targetHints":{"allow":["GET"]}}],"collection":[{"href":"https:\/\/ultimato.com.br\/sites\/maosdadas\/wp-json\/wp\/v2\/posts"}],"about":[{"href":"https:\/\/ultimato.com.br\/sites\/maosdadas\/wp-json\/wp\/v2\/types\/post"}],"author":[{"embeddable":true,"href":"https:\/\/ultimato.com.br\/sites\/maosdadas\/wp-json\/wp\/v2\/users\/33"}],"replies":[{"embeddable":true,"href":"https:\/\/ultimato.com.br\/sites\/maosdadas\/wp-json\/wp\/v2\/comments?post=8559"}],"version-history":[{"count":8,"href":"https:\/\/ultimato.com.br\/sites\/maosdadas\/wp-json\/wp\/v2\/posts\/8559\/revisions"}],"predecessor-version":[{"id":8570,"href":"https:\/\/ultimato.com.br\/sites\/maosdadas\/wp-json\/wp\/v2\/posts\/8559\/revisions\/8570"}],"wp:attachment":[{"href":"https:\/\/ultimato.com.br\/sites\/maosdadas\/wp-json\/wp\/v2\/media?parent=8559"}],"wp:term":[{"taxonomy":"category","embeddable":true,"href":"https:\/\/ultimato.com.br\/sites\/maosdadas\/wp-json\/wp\/v2\/categories?post=8559"},{"taxonomy":"post_tag","embeddable":true,"href":"https:\/\/ultimato.com.br\/sites\/maosdadas\/wp-json\/wp\/v2\/tags?post=8559"}],"curies":[{"name":"wp","href":"https:\/\/api.w.org\/{rel}","templated":true}]}}