{"id":8551,"date":"2020-06-03T14:30:14","date_gmt":"2020-06-03T17:30:14","guid":{"rendered":"http:\/\/ultimato.com.br\/sites\/maosdadas\/?p=8551"},"modified":"2020-06-03T15:32:48","modified_gmt":"2020-06-03T18:32:48","slug":"mutirao-mundial-de-oracao-pelas-criancas-e-adolescentes-socialmente-vulneraveis-versao-virtual","status":"publish","type":"post","link":"https:\/\/ultimato.com.br\/sites\/maosdadas\/2020\/06\/03\/mutirao-mundial-de-oracao-pelas-criancas-e-adolescentes-socialmente-vulneraveis-versao-virtual\/","title":{"rendered":"Mutir\u00e3o Mundial de Ora\u00e7\u00e3o pelas Crian\u00e7as e Adolescentes Socialmente Vulner\u00e1veis \u2013 Vers\u00e3o Virtual"},"content":{"rendered":"<p><img loading=\"lazy\" decoding=\"async\" class=\"aligncenter wp-image-8552 size-large\" src=\"http:\/\/ultimato.com.br\/sites\/maosdadas\/files\/2020\/06\/MMO-virtual-1024x682.jpeg\" alt=\"\" width=\"750\" height=\"500\" srcset=\"https:\/\/ultimato.com.br\/sites\/maosdadas\/files\/2020\/06\/MMO-virtual-1024x682.jpeg 1024w, https:\/\/ultimato.com.br\/sites\/maosdadas\/files\/2020\/06\/MMO-virtual-300x200.jpeg 300w, https:\/\/ultimato.com.br\/sites\/maosdadas\/files\/2020\/06\/MMO-virtual-768x511.jpeg 768w, https:\/\/ultimato.com.br\/sites\/maosdadas\/files\/2020\/06\/MMO-virtual-732x487.jpeg 732w, https:\/\/ultimato.com.br\/sites\/maosdadas\/files\/2020\/06\/MMO-virtual-1140x759.jpeg 1140w, https:\/\/ultimato.com.br\/sites\/maosdadas\/files\/2020\/06\/MMO-virtual.jpeg 1280w\" sizes=\"auto, (max-width: 750px) 100vw, 750px\" \/><\/p>\n<p>&nbsp;<\/p>\n<p>Em virtude da pandemia provocada pelo Coronavirus, a Rede M\u00e3os Dadas adaptou o Mutir\u00e3o para ser realizado em duas etapas.<\/p>\n<p>Uma virtual, agora neste primeiro fim de semana de junho e outra presencial que ser\u00e1 realizada na primeira semana de agosto.<\/p>\n<p>&nbsp;<\/p>\n<p><em><strong>\u2192&nbsp;<\/strong>Leve-me direto ao&nbsp;<strong><a href=\"https:\/\/crianca.maosdadas.ong.br\/crianca\" target=\"_blank\" rel=\"noopener noreferrer\">Acolhimento em Ora\u00e7\u00e3o<\/a><\/strong>,&nbsp;<strong><a href=\"https:\/\/www.maosdadas.ong.br\/corrente-de-oracao\/\" target=\"_blank\" rel=\"noopener noreferrer\">Corrente de Ora\u00e7\u00e3o<\/a><\/strong>, materiais do&nbsp;<strong><a href=\"https:\/\/www.maosdadas.ong.br\/produto-tag\/guia-de-oracao-2020\/\" target=\"_blank\" rel=\"noopener noreferrer\">Mutir\u00e3o Mundial de Ora\u00e7\u00e3o presencial.<\/a><\/strong><\/em><\/p>\n<p>&nbsp;<\/p>\n<p><strong>Destacamos aqui as seguintes possibilidades para a sua igreja ou grupo de conviv\u00eancia neste pr\u00f3ximo final de semana:<\/strong><\/p>\n<p>&nbsp;<\/p>\n<ol>\n<li>Encoraje a todos os seus conhecidos a orar especificamente pelas crian\u00e7as que est\u00e3o passando este per\u00edodo de pandemia&nbsp;<strong>LONGE DO CONV\u00cdVIO FAMILIAR<\/strong>&nbsp;e pelas crian\u00e7as que&nbsp;<strong>POR CAUSA<\/strong>&nbsp;da pandemia, foram&nbsp;<strong>RETIRADAS DE SEUS LARES<\/strong>, ou porque o adulto provedor adoeceu ou at\u00e9 faleceu, ou porque a viol\u00eancia dom\u00e9stica tornou imposs\u00edvel o conv\u00edvio.<\/li>\n<\/ol>\n<p>&nbsp;<\/p>\n<p>Para isto, a Rede M\u00e3os Dadas montou um site no qual voc\u00ea poder\u00e1 escolher uma crian\u00e7a, ler os seus motivos de ora\u00e7\u00e3o, interceder ao Pai dos \u00f3rf\u00e3os por aquela crian\u00e7a e deixar para ela uma mensagem que ser\u00e1 entregue via Rede M\u00e3os Dadas.&nbsp;<a href=\"https:\/\/crianca.maosdadas.ong.br\/crianca\/\" target=\"_blank\" rel=\"noopener noreferrer\"><strong>Acesse Aqui!&nbsp;<\/strong><\/a><\/p>\n<p>&nbsp;<\/p>\n<ol start=\"2\">\n<li>Chame as fam\u00edlia a realizarem uma din\u00e2mica de ora\u00e7\u00e3o preparada com cuidado para que as crian\u00e7as n\u00e3o s\u00f3 intercedam mas tamb\u00e9m aprendam com profundidade sobre a intercess\u00e3o como ensinada por Jesus.&nbsp;<strong><a href=\"https:\/\/www.maosdadas.ong.br\/orando-em-familia-como-os-amigos-do-paralitico\/\" target=\"_blank\" rel=\"noopener noreferrer\">Acesse Aqui!<\/a><\/strong><\/li>\n<\/ol>\n<p>&nbsp;<\/p>\n<ol start=\"3\">\n<li>Apresente \u00e0s pessoas ligadas \u00e0s programa\u00e7\u00f5es lit\u00fargicas deste pr\u00f3ximo domingo, a sugest\u00e3o de usar o v\u00eddeo \u201c<a href=\"https:\/\/www.maosdadas.ong.br\/produto\/video-como-cheguei-aqui\/\" target=\"_blank\" rel=\"noopener noreferrer\"><strong>Como cheguei aqui<\/strong><\/a>?\u201d seguido de um momento congregacional de intercess\u00e3o pelas crian\u00e7as que crescem em ambientes hostis e desumanos.<\/li>\n<\/ol>\n","protected":false},"excerpt":{"rendered":"<p>&nbsp; Em virtude da pandemia provocada pelo Coronavirus, a Rede M\u00e3os Dadas adaptou o Mutir\u00e3o para ser realizado em duas etapas. Uma virtual, agora neste primeiro fim de semana de junho e outra presencial que ser\u00e1 realizada na primeira semana de agosto. &nbsp; \u2192&nbsp;Leve-me direto ao&nbsp;Acolhimento em Ora\u00e7\u00e3o,&nbsp;Corrente de Ora\u00e7\u00e3o, materiais do&nbsp;Mutir\u00e3o Mundial de Ora\u00e7\u00e3o [&hellip;]<\/p>\n","protected":false},"author":33,"featured_media":0,"comment_status":"open","ping_status":"open","sticky":false,"template":"","format":"standard","meta":{"ngg_post_thumbnail":0,"footnotes":""},"categories":[15874,15,15786,36585,128],"tags":[41223,17006,41224],"class_list":["post-8551","post","type-post","status-publish","format-standard","hentry","category-anuncios","category-criancas","category-em-pauta","category-material-de-apoio","category-rede-maos-dadas","tag-mmo2020","tag-mutirao-mundial-de-oracao","tag-mutirao-mundial-de-oracao-virtual"],"_links":{"self":[{"href":"https:\/\/ultimato.com.br\/sites\/maosdadas\/wp-json\/wp\/v2\/posts\/8551","targetHints":{"allow":["GET"]}}],"collection":[{"href":"https:\/\/ultimato.com.br\/sites\/maosdadas\/wp-json\/wp\/v2\/posts"}],"about":[{"href":"https:\/\/ultimato.com.br\/sites\/maosdadas\/wp-json\/wp\/v2\/types\/post"}],"author":[{"embeddable":true,"href":"https:\/\/ultimato.com.br\/sites\/maosdadas\/wp-json\/wp\/v2\/users\/33"}],"replies":[{"embeddable":true,"href":"https:\/\/ultimato.com.br\/sites\/maosdadas\/wp-json\/wp\/v2\/comments?post=8551"}],"version-history":[{"count":4,"href":"https:\/\/ultimato.com.br\/sites\/maosdadas\/wp-json\/wp\/v2\/posts\/8551\/revisions"}],"predecessor-version":[{"id":8557,"href":"https:\/\/ultimato.com.br\/sites\/maosdadas\/wp-json\/wp\/v2\/posts\/8551\/revisions\/8557"}],"wp:attachment":[{"href":"https:\/\/ultimato.com.br\/sites\/maosdadas\/wp-json\/wp\/v2\/media?parent=8551"}],"wp:term":[{"taxonomy":"category","embeddable":true,"href":"https:\/\/ultimato.com.br\/sites\/maosdadas\/wp-json\/wp\/v2\/categories?post=8551"},{"taxonomy":"post_tag","embeddable":true,"href":"https:\/\/ultimato.com.br\/sites\/maosdadas\/wp-json\/wp\/v2\/tags?post=8551"}],"curies":[{"name":"wp","href":"https:\/\/api.w.org\/{rel}","templated":true}]}}