{"id":8266,"date":"2020-03-27T15:47:59","date_gmt":"2020-03-27T18:47:59","guid":{"rendered":"http:\/\/ultimato.com.br\/sites\/maosdadas\/?p=8266"},"modified":"2020-03-31T11:13:17","modified_gmt":"2020-03-31T14:13:17","slug":"rede-maos-dadas-e-renas-centralizam-informacoes-para-organizacoes-e-recursos-para-criancas-e-adolescentes","status":"publish","type":"post","link":"https:\/\/ultimato.com.br\/sites\/maosdadas\/2020\/03\/27\/rede-maos-dadas-e-renas-centralizam-informacoes-para-organizacoes-e-recursos-para-criancas-e-adolescentes\/","title":{"rendered":"Rede M\u00e3os Dadas e RENAS centralizam informa\u00e7\u00f5es para organiza\u00e7\u00f5es e recursos para crian\u00e7as e adolescentes."},"content":{"rendered":"<p><img loading=\"lazy\" decoding=\"async\" class=\"aligncenter wp-image-8267 size-full\" src=\"http:\/\/ultimato.com.br\/sites\/maosdadas\/files\/2020\/03\/Design-sem-nome.jpg\" alt=\"\" width=\"1280\" height=\"608\" srcset=\"https:\/\/ultimato.com.br\/sites\/maosdadas\/files\/2020\/03\/Design-sem-nome.jpg 1280w, https:\/\/ultimato.com.br\/sites\/maosdadas\/files\/2020\/03\/Design-sem-nome-300x143.jpg 300w, https:\/\/ultimato.com.br\/sites\/maosdadas\/files\/2020\/03\/Design-sem-nome-1024x486.jpg 1024w, https:\/\/ultimato.com.br\/sites\/maosdadas\/files\/2020\/03\/Design-sem-nome-768x365.jpg 768w, https:\/\/ultimato.com.br\/sites\/maosdadas\/files\/2020\/03\/Design-sem-nome-732x348.jpg 732w, https:\/\/ultimato.com.br\/sites\/maosdadas\/files\/2020\/03\/Design-sem-nome-1140x542.jpg 1140w\" sizes=\"auto, (max-width: 1280px) 100vw, 1280px\" \/><\/p>\n<p>&nbsp;<\/p>\n<p><span style=\"font-weight: 400;\">A maior pandemia em 102 anos chega \u00e0s nossas portas. Vamos todos para casa, estabelecemos novas rotinas, e rapidamente descobrimos que precisamos de mais recursos, mais ideias, mais entusiasmo para trabalhar e manter as crian\u00e7as e adolescentes tranquilos e produtivos.<\/span><\/p>\n<p><span style=\"font-weight: 400;\">Pedimos aos parceiros da Rede M\u00e3os Dadas e RENAS (Rede Evang\u00e9lica Nacional de Assist\u00eancia Social) para compartilhar conosco tudo o que estiver circulando em suas redes e grupos de WhatsApp. Recebemos tantos recursos que decidimos criar duas p\u00e1ginas:<\/span><\/p>\n<ul>\n<li><span style=\"font-weight: 400;\">Para recursos ligados ao terceiro setor, administra\u00e7\u00e3o de projetos sociais, leis e pacotes de informa\u00e7\u00f5es de \u00f3rg\u00e3os oficiais, <a href=\"http:\/\/renas.org.br\/coronavirus-e-as-organizacoes-do-terceiro-setor\/\"><em><span style=\"color: #008000;\">clique aqui.<\/span><\/em><\/a><\/span><\/li>\n<li><span style=\"font-weight: 400;\">Para recursos que focam nas necessidades das pessoas respons\u00e1veis pelas crian\u00e7as e adolescentes neste momento (tanto as pr\u00e1ticas como as de ordem emocional), <a href=\"https:\/\/www.maosdadas.ong.br\/varios-recursos-nas-suas-maos-para-enfrentar-a-maior-pandemia-em-100-anos\/\"><em><span style=\"color: #008000;\">clique aqui.<\/span><\/em><\/a><\/span><\/li>\n<\/ul>\n<p><span style=\"font-weight: 400;\">Continuaremos a acrescentar os materiais \u00e0 medida que forem surgindo. N\u00e3o deixe de conferir estas duas p\u00e1ginas periodicamente e suas m\u00eddias sociais da <span style=\"color: #008000;\"><a style=\"color: #008000;\" href=\"https:\/\/www.instagram.com\/redemaosdadas\/?hl=pt-br\">Rede M\u00e3os Dadas<\/a> <\/span>e <span style=\"color: #008000;\"><a style=\"color: #008000;\" href=\"https:\/\/www.facebook.com\/renasbrasil\/\">Renas<\/a><\/span>.\u00a0<\/span><\/p>\n<p><span style=\"font-weight: 400;\">O tamanho do desafio \u00e0 nossa frente \u00e9 gigantesco, mas o nosso Deus \u00e9 maior ainda.<\/span><\/p>\n<p><span style=\"font-weight: 400;\">Em Cristo que nos une,<\/span><\/p>\n<p>&nbsp;<\/p>\n<p><em><strong>Elsie B. C. Gilbert \u2013 pela Rede M\u00e3os Dadas<\/strong><\/em><\/p>\n<p><em><strong>Juliana Gon\u00e7alves \u2013 por RENAS<\/strong><\/em><\/p>\n","protected":false},"excerpt":{"rendered":"<p>&nbsp; A maior pandemia em 102 anos chega \u00e0s nossas portas. Vamos todos para casa, estabelecemos novas rotinas, e rapidamente descobrimos que precisamos de mais recursos, mais ideias, mais entusiasmo para trabalhar e manter as crian\u00e7as e adolescentes tranquilos e produtivos. Pedimos aos parceiros da Rede M\u00e3os Dadas e RENAS (Rede Evang\u00e9lica Nacional de Assist\u00eancia [&hellip;]<\/p>\n","protected":false},"author":33,"featured_media":0,"comment_status":"open","ping_status":"open","sticky":false,"template":"","format":"standard","meta":{"ngg_post_thumbnail":0,"footnotes":""},"categories":[15874,15,15786,36585,5799,14,128,36584],"tags":[15847,41195,41196,15,19608,41197,41199,41204,71],"class_list":["post-8266","post","type-post","status-publish","format-standard","hentry","category-anuncios","category-criancas","category-em-pauta","category-material-de-apoio","category-noticia","category-recursos","category-rede-maos-dadas","category-sugestoes","tag-brincadeiras","tag-coronavirus","tag-covid-19","tag-criancas","tag-jogos","tag-pandemia","tag-quarentena","tag-recursos-para-a-quarentena","tag-renas"],"_links":{"self":[{"href":"https:\/\/ultimato.com.br\/sites\/maosdadas\/wp-json\/wp\/v2\/posts\/8266","targetHints":{"allow":["GET"]}}],"collection":[{"href":"https:\/\/ultimato.com.br\/sites\/maosdadas\/wp-json\/wp\/v2\/posts"}],"about":[{"href":"https:\/\/ultimato.com.br\/sites\/maosdadas\/wp-json\/wp\/v2\/types\/post"}],"author":[{"embeddable":true,"href":"https:\/\/ultimato.com.br\/sites\/maosdadas\/wp-json\/wp\/v2\/users\/33"}],"replies":[{"embeddable":true,"href":"https:\/\/ultimato.com.br\/sites\/maosdadas\/wp-json\/wp\/v2\/comments?post=8266"}],"version-history":[{"count":8,"href":"https:\/\/ultimato.com.br\/sites\/maosdadas\/wp-json\/wp\/v2\/posts\/8266\/revisions"}],"predecessor-version":[{"id":8277,"href":"https:\/\/ultimato.com.br\/sites\/maosdadas\/wp-json\/wp\/v2\/posts\/8266\/revisions\/8277"}],"wp:attachment":[{"href":"https:\/\/ultimato.com.br\/sites\/maosdadas\/wp-json\/wp\/v2\/media?parent=8266"}],"wp:term":[{"taxonomy":"category","embeddable":true,"href":"https:\/\/ultimato.com.br\/sites\/maosdadas\/wp-json\/wp\/v2\/categories?post=8266"},{"taxonomy":"post_tag","embeddable":true,"href":"https:\/\/ultimato.com.br\/sites\/maosdadas\/wp-json\/wp\/v2\/tags?post=8266"}],"curies":[{"name":"wp","href":"https:\/\/api.w.org\/{rel}","templated":true}]}}