{"id":8085,"date":"2019-11-08T16:28:33","date_gmt":"2019-11-08T19:28:33","guid":{"rendered":"http:\/\/ultimato.com.br\/sites\/maosdadas\/?p=8085"},"modified":"2019-11-11T14:11:54","modified_gmt":"2019-11-11T17:11:54","slug":"deixem-que-as-criancas-se-acheguem-a-jesus-2","status":"publish","type":"post","link":"https:\/\/ultimato.com.br\/sites\/maosdadas\/2019\/11\/08\/deixem-que-as-criancas-se-acheguem-a-jesus-2\/","title":{"rendered":"Deixem que as crian\u00e7as se acheguem a Jesus"},"content":{"rendered":"<p><img loading=\"lazy\" decoding=\"async\" class=\"aligncenter wp-image-8086 size-full\" src=\"http:\/\/ultimato.com.br\/sites\/maosdadas\/files\/2019\/11\/Amanda-Kline-.jpg\" alt=\"\" width=\"655\" height=\"491\" srcset=\"https:\/\/ultimato.com.br\/sites\/maosdadas\/files\/2019\/11\/Amanda-Kline-.jpg 655w, https:\/\/ultimato.com.br\/sites\/maosdadas\/files\/2019\/11\/Amanda-Kline--300x225.jpg 300w\" sizes=\"auto, (max-width: 655px) 100vw, 655px\" \/><\/p>\n<p>&nbsp;<\/p>\n<p><strong><em>Por Luciana Falc\u00e3o<\/em><\/strong><\/p>\n<p>&nbsp;<\/p>\n<p>Jesus vivia cercado de pessoas e mostrava-se sempre disposto a ouvi-las, ensin\u00e1-las, cur\u00e1-las. Ouvi certa vez que o minist\u00e9rio de Jesus era pessoas e que por isso ele tomava tempo em se colocar pr\u00f3ximo a elas e aben\u00e7o\u00e1-las.<\/p>\n<p>No entanto, quando as crian\u00e7as tentaram se aproximar trazidas por seus respons\u00e1veis, n\u00e3o encontraram lugar na agenda dos disc\u00edpulos. E esse mesmo mal nos sobrev\u00e9m ainda hoje. Tentamos controlar a agenda de Deus e limitamos suas b\u00ean\u00e7\u00e3os aos nossos preferidos. Os disc\u00edpulos, embora quisessem muito ver o reino de Deus, n\u00e3o queriam tratar bem o que de melhor havia nesse reino: as crian\u00e7as (Mc 10.14).<\/p>\n<p>Jesus, muito mais que includente, \u00e9 amigo das crian\u00e7as. Indignado com essa atitude repreendeu os autores, valorizou cada pequenino e advertiu os adultos: \u201cdas crian\u00e7as \u00e9 o reino\u201d. Rompido o cerco, posso imaginar as crian\u00e7as ao redor de Jesus alegres, sentindo-se amadas, valorizadas e defendidas por ele. Posso v\u00ea-las sorrindo ao ouvir suas hist\u00f3rias, sentindo seu toque em suas cabe\u00e7as e ouvindo sua doce voz. Jesus, ao contr\u00e1rio de muitos, n\u00e3o grita, n\u00e3o ofende, nem se mostra indiferente \u00e0 presen\u00e7a dos pequeninos. Hoje ao presenciar Jesus com as crian\u00e7as, fico maravilhada. Eles se entendem perfeitamente. As crian\u00e7as se integram a ele (e vice-versa) mais do que com palavras simplesmente, com o cora\u00e7\u00e3o, esse cora\u00e7\u00e3o puro que precisamos para ver a Deus.<\/p>\n<p>&nbsp;<\/p>\n<p>Trecho do artigo retirado da Revista M\u00e3os Dadas, Edi\u00e7\u00e3o 26. Mar\u00e7o\/2011. <strong><em><a href=\"https:\/\/www.maosdadas.ong.br\/produto\/deixem-que-as-criancas-se-acheguem-a-jesus\/\">Leia na \u00edntegra aqui!<\/a><\/em><\/strong><\/p>\n<p>______________________________________________________________________________________________<\/p>\n<p><img loading=\"lazy\" decoding=\"async\" class=\"wp-image-212350 alignleft\" src=\"https:\/\/www.maosdadas.ong.br\/wp-content\/uploads\/2019\/11\/Luciana-1-150x150.jpg\" alt=\"\" width=\"69\" height=\"69\"><\/p>\n<p>&nbsp;<\/p>\n<p>Luciana Falc\u00e3o \u00e9 coordenadora do Projeto Cal\u00e7ada &#8211; Brasil, \u00e9 pastora auxiliar na Igreja Batista das Palmeiras.<\/p>\n","protected":false},"excerpt":{"rendered":"<p>&nbsp; Por Luciana Falc\u00e3o &nbsp; Jesus vivia cercado de pessoas e mostrava-se sempre disposto a ouvi-las, ensin\u00e1-las, cur\u00e1-las. Ouvi certa vez que o minist\u00e9rio de Jesus era pessoas e que por isso ele tomava tempo em se colocar pr\u00f3ximo a elas e aben\u00e7o\u00e1-las. No entanto, quando as crian\u00e7as tentaram se aproximar trazidas por seus respons\u00e1veis, [&hellip;]<\/p>\n","protected":false},"author":33,"featured_media":0,"comment_status":"open","ping_status":"open","sticky":false,"template":"","format":"standard","meta":{"ngg_post_thumbnail":0,"footnotes":""},"categories":[15,15786,128],"tags":[19506,10371,40796,19572],"class_list":["post-8085","post","type-post","status-publish","format-standard","hentry","category-criancas","category-em-pauta","category-rede-maos-dadas","tag-acolhimento","tag-artigo","tag-edicao-26","tag-jesus-e-as-criancas"],"_links":{"self":[{"href":"https:\/\/ultimato.com.br\/sites\/maosdadas\/wp-json\/wp\/v2\/posts\/8085","targetHints":{"allow":["GET"]}}],"collection":[{"href":"https:\/\/ultimato.com.br\/sites\/maosdadas\/wp-json\/wp\/v2\/posts"}],"about":[{"href":"https:\/\/ultimato.com.br\/sites\/maosdadas\/wp-json\/wp\/v2\/types\/post"}],"author":[{"embeddable":true,"href":"https:\/\/ultimato.com.br\/sites\/maosdadas\/wp-json\/wp\/v2\/users\/33"}],"replies":[{"embeddable":true,"href":"https:\/\/ultimato.com.br\/sites\/maosdadas\/wp-json\/wp\/v2\/comments?post=8085"}],"version-history":[{"count":5,"href":"https:\/\/ultimato.com.br\/sites\/maosdadas\/wp-json\/wp\/v2\/posts\/8085\/revisions"}],"predecessor-version":[{"id":8091,"href":"https:\/\/ultimato.com.br\/sites\/maosdadas\/wp-json\/wp\/v2\/posts\/8085\/revisions\/8091"}],"wp:attachment":[{"href":"https:\/\/ultimato.com.br\/sites\/maosdadas\/wp-json\/wp\/v2\/media?parent=8085"}],"wp:term":[{"taxonomy":"category","embeddable":true,"href":"https:\/\/ultimato.com.br\/sites\/maosdadas\/wp-json\/wp\/v2\/categories?post=8085"},{"taxonomy":"post_tag","embeddable":true,"href":"https:\/\/ultimato.com.br\/sites\/maosdadas\/wp-json\/wp\/v2\/tags?post=8085"}],"curies":[{"name":"wp","href":"https:\/\/api.w.org\/{rel}","templated":true}]}}