{"id":8051,"date":"2019-10-25T16:18:21","date_gmt":"2019-10-25T19:18:21","guid":{"rendered":"http:\/\/ultimato.com.br\/sites\/maosdadas\/?p=8051"},"modified":"2019-10-25T16:18:21","modified_gmt":"2019-10-25T19:18:21","slug":"lucas-um-desafio-para-a-medicina","status":"publish","type":"post","link":"https:\/\/ultimato.com.br\/sites\/maosdadas\/2019\/10\/25\/lucas-um-desafio-para-a-medicina\/","title":{"rendered":"Lucas, um desafio para a medicina"},"content":{"rendered":"<p><img loading=\"lazy\" decoding=\"async\" class=\"aligncenter wp-image-8056 size-medium\" title=\"Arquivo SBB\" src=\"http:\/\/ultimato.com.br\/sites\/maosdadas\/files\/2019\/10\/Captura-de-Tela-2019-10-25-a\u0300s-14.55.55-300x176.png\" alt=\"\" width=\"300\" height=\"176\" srcset=\"https:\/\/ultimato.com.br\/sites\/maosdadas\/files\/2019\/10\/Captura-de-Tela-2019-10-25-a\u0300s-14.55.55-300x176.png 300w, https:\/\/ultimato.com.br\/sites\/maosdadas\/files\/2019\/10\/Captura-de-Tela-2019-10-25-a\u0300s-14.55.55.png 562w\" sizes=\"auto, (max-width: 300px) 100vw, 300px\" \/><\/p>\n<blockquote><p>Por Raquel In\u00e1cio dos Santos<\/p>\n<p>&nbsp;<\/p>\n<p><span style=\"font-weight: 400;\">H\u00e1 quatro anos, cheguei ao Instituto de Tratamento do C\u00e2ncer Infantil (ITACI), em S\u00e3o Paulo, para fazer o acompanhamento do meu filho Lucas, portador de neurofibromatose tipo 1. Essa doen\u00e7a se caracteriza pela presen\u00e7a de tumores na pele e no sistema nervoso. No caso do Lucas, esses tumores estavam na coluna e no t\u00f3rax. Como n\u00e3o h\u00e1 uma medica\u00e7\u00e3o comprovada para a cura, a \u00fanica alternativa seria uma cirurgia que, em seu caso, traria mais malef\u00edcios do que a pr\u00f3pria doen\u00e7a. Al\u00e9m do risco de morte, seu bra\u00e7o esquerdo seria amputado e suas pernas perderiam o movimento. Diante disso, os&nbsp; m\u00e9dicos optaram em apenas atenuar a dor. O resultado foi aumento acelerado do tumor, que acabou afetando a traqueia, es\u00f4fago, as ra\u00edzes nervosas do pulm\u00e3o e a medula.<\/span><\/p>\n<p><span style=\"font-weight: 400;\">Eu andava pelos corredores do hospital sem esperan\u00e7a e sem f\u00e9. N\u00e3o tinha dinheiro para lanchar e o pouco que tinha deixava para o Lucas comer. Um dia, ouvi falar sobre a&nbsp; Casa do Aconchego*, um centro de conviv\u00eancia para enfermos e seus cuidadores, na capital paulista. Desde ent\u00e3o, passei a frequentar a Casa, onde aprendia ter f\u00e9 e esperan\u00e7a, mesmo quando tudo parece ter perdido o sentido.<\/span><\/p>\n<p><span style=\"font-weight: 400;\">Nesse per\u00edodo, Lucas continuava sofrendo com as consequ\u00eancias da doen\u00e7a. O tumor estava comprimindo o es\u00f4fago e ele quase n\u00e3o&nbsp; conseguia se alimentar. Foi ent\u00e3o que os m\u00e9dicos optaram pela cirurgia. O apoio da Casa do Aconchego e o aprendizado da Palavra de Deus me deram suporte e me fizeram acreditar em&nbsp; uma provid\u00eancia divina. A cirurgia foi realizada e, para surpresa de todos, resultou na regress\u00e3o progressiva do tumor. Na an\u00e1lise dos resultados dos exames, o m\u00e9dico me perguntou: \u201cO que voc\u00ea fez? O que deu para o Lucas? Eu pude responder que s\u00f3 orei e confiei.<\/span><\/p>\n<p><span style=\"font-weight: 400;\">Hoje, eu sei que foi Deus, o m\u00e9dico dos m\u00e9dicos, que cuidou do Lucas de forma t\u00e3o especial. Agrade\u00e7o e divido minha alegria com a Casa do Aconchego, que est\u00e1 sempre aberta a nos acolher.<\/span><\/p><\/blockquote>\n<p>*A Sociedade B\u00edblica do Brasil \u00e9 parceira da Casa do Aconchego, distribuindo, gratuitamente, literatura b\u00edblica para a realiza\u00e7\u00e3o de capelania hospitalar.<\/p>\n<p>Testemunho retirado da Revista: A B\u00edblia no Brasil. N\u00ba 244 &#8211; Julho e Setembro de 2014 &#8211; Ano 66. <a href=\"https:\/\/issuu.com\/_sbb\/docs\/abnb_244_web\">Acesse aqui!<\/a><\/p>\n","protected":false},"excerpt":{"rendered":"<p>Por Raquel In\u00e1cio dos Santos &nbsp; H\u00e1 quatro anos, cheguei ao Instituto de Tratamento do C\u00e2ncer Infantil (ITACI), em S\u00e3o Paulo, para fazer o acompanhamento do meu filho Lucas, portador de neurofibromatose tipo 1. Essa doen\u00e7a se caracteriza pela presen\u00e7a de tumores na pele e no sistema nervoso. No caso do Lucas, esses tumores estavam [&hellip;]<\/p>\n","protected":false},"author":33,"featured_media":0,"comment_status":"open","ping_status":"open","sticky":false,"template":"","format":"standard","meta":{"ngg_post_thumbnail":0,"footnotes":""},"categories":[9],"tags":[],"class_list":["post-8051","post","type-post","status-publish","format-standard","hentry","category-sem-categoria"],"_links":{"self":[{"href":"https:\/\/ultimato.com.br\/sites\/maosdadas\/wp-json\/wp\/v2\/posts\/8051","targetHints":{"allow":["GET"]}}],"collection":[{"href":"https:\/\/ultimato.com.br\/sites\/maosdadas\/wp-json\/wp\/v2\/posts"}],"about":[{"href":"https:\/\/ultimato.com.br\/sites\/maosdadas\/wp-json\/wp\/v2\/types\/post"}],"author":[{"embeddable":true,"href":"https:\/\/ultimato.com.br\/sites\/maosdadas\/wp-json\/wp\/v2\/users\/33"}],"replies":[{"embeddable":true,"href":"https:\/\/ultimato.com.br\/sites\/maosdadas\/wp-json\/wp\/v2\/comments?post=8051"}],"version-history":[{"count":6,"href":"https:\/\/ultimato.com.br\/sites\/maosdadas\/wp-json\/wp\/v2\/posts\/8051\/revisions"}],"predecessor-version":[{"id":8058,"href":"https:\/\/ultimato.com.br\/sites\/maosdadas\/wp-json\/wp\/v2\/posts\/8051\/revisions\/8058"}],"wp:attachment":[{"href":"https:\/\/ultimato.com.br\/sites\/maosdadas\/wp-json\/wp\/v2\/media?parent=8051"}],"wp:term":[{"taxonomy":"category","embeddable":true,"href":"https:\/\/ultimato.com.br\/sites\/maosdadas\/wp-json\/wp\/v2\/categories?post=8051"},{"taxonomy":"post_tag","embeddable":true,"href":"https:\/\/ultimato.com.br\/sites\/maosdadas\/wp-json\/wp\/v2\/tags?post=8051"}],"curies":[{"name":"wp","href":"https:\/\/api.w.org\/{rel}","templated":true}]}}