{"id":8033,"date":"2019-10-09T16:32:51","date_gmt":"2019-10-09T19:32:51","guid":{"rendered":"http:\/\/ultimato.com.br\/sites\/maosdadas\/?p=8033"},"modified":"2020-02-07T13:16:56","modified_gmt":"2020-02-07T16:16:56","slug":"brincando-nos-fortalecemos-para-enfrentar-situacoes-dificeis","status":"publish","type":"post","link":"https:\/\/ultimato.com.br\/sites\/maosdadas\/2019\/10\/09\/brincando-nos-fortalecemos-para-enfrentar-situacoes-dificeis\/","title":{"rendered":"Brincando nos fortalecemos para enfrentar situa\u00e7\u00f5es dif\u00edceis"},"content":{"rendered":"<p><img loading=\"lazy\" decoding=\"async\" class=\"aligncenter wp-image-8145 size-large\" title=\"James Gilbert\" src=\"http:\/\/ultimato.com.br\/sites\/maosdadas\/files\/2019\/10\/2011.07_AsasdeSocorro_Curuai-9589-1024x681.jpg\" alt=\"\" width=\"750\" height=\"499\" srcset=\"https:\/\/ultimato.com.br\/sites\/maosdadas\/files\/2019\/10\/2011.07_AsasdeSocorro_Curuai-9589-1024x681.jpg 1024w, https:\/\/ultimato.com.br\/sites\/maosdadas\/files\/2019\/10\/2011.07_AsasdeSocorro_Curuai-9589-300x200.jpg 300w, https:\/\/ultimato.com.br\/sites\/maosdadas\/files\/2019\/10\/2011.07_AsasdeSocorro_Curuai-9589-768x511.jpg 768w, https:\/\/ultimato.com.br\/sites\/maosdadas\/files\/2019\/10\/2011.07_AsasdeSocorro_Curuai-9589-1536x1022.jpg 1536w, https:\/\/ultimato.com.br\/sites\/maosdadas\/files\/2019\/10\/2011.07_AsasdeSocorro_Curuai-9589-2048x1363.jpg 2048w, https:\/\/ultimato.com.br\/sites\/maosdadas\/files\/2019\/10\/2011.07_AsasdeSocorro_Curuai-9589-732x487.jpg 732w, https:\/\/ultimato.com.br\/sites\/maosdadas\/files\/2019\/10\/2011.07_AsasdeSocorro_Curuai-9589-1140x759.jpg 1140w\" sizes=\"auto, (max-width: 750px) 100vw, 750px\" \/><\/p>\n<p>&nbsp;<\/p>\n<p>O Instituto Lado a Lado em parceria com o Claves Brasil est\u00e1 trazendo a Vi\u00e7osa e regi\u00e3o uma oficina voltada para todos aqueles&nbsp;trabalham com crian\u00e7as e adolescentes em projetos sociais, escolas, igrejas, etc.<br \/>\nIsto inclui professores, educadores sociais, psic\u00f3logos, assistentes sociais, l\u00edderes comunit\u00e1rios e&nbsp;pessoas ligadas \u00e0 educa\u00e7\u00e3o crist\u00e3 nas igrejas, etc.<\/p>\n<p>Esta oficina \u00e9 uma proposta metodol\u00f3gica de preven\u00e7\u00e3o da viol\u00eancia sexual contra crian\u00e7as e adolescentes. A mesma \u00e9 implementada por meio de oficinas l\u00fadicas grupais desenvolvidas por educadores na sua institui\u00e7\u00e3o de refer\u00eancia.<br \/>\nAtrav\u00e9s de jogos e atividades l\u00fadicas, crian\u00e7as e adolescentes desenvolvem fortalezas cognitivas, afetivas e relacionais frente \u00e0 viol\u00eancia sexual.<br \/>\nAs oficinas permitem uma aproxima\u00e7\u00e3o progressiva \u00e0 tem\u00e1tica, de uma maneira positiva, utilizando um kit de materiais did\u00e1ticos desenvolvidos especialmente para este objetivo.<\/p>\n<p>&nbsp;<\/p>\n<p><strong>Material Did\u00e1tico<\/strong><\/p>\n<p>O Kit&nbsp;&nbsp;<em>Brincando nos Fortalecemos para Enfrentar Situa\u00e7\u00f5es Dif\u00edceis<\/em>&nbsp;cont\u00e9m: um manual, um jogo de domin\u00f3, can\u00e7\u00f5es, dan\u00e7as, jogos teatrais, quebra-cabe\u00e7a, etc.<\/p>\n<p>&nbsp;<\/p>\n<p style=\"text-align: center;\"><strong><a class=\"big-button biggreen\" href=\"https:\/\/www.maosdadas.ong.br\/evento\/oficina-claves-brincando-nos-fortalecemos-para-enfrentar-situacoes-dificeis\/\">Mais informa\u00e7\u00f5es<\/a><\/strong><\/p>\n<p>&nbsp;<\/p>\n<h1><strong>Capacitadoras:<\/strong><\/h1>\n<table style=\"height: 206px;\" width=\"704\">\n<tbody>\n<tr>\n<td><img loading=\"lazy\" decoding=\"async\" class=\" wp-image-211672 alignleft\" src=\"https:\/\/www.maosdadas.ong.br\/wp-content\/uploads\/2019\/10\/unnamed-1-150x150.jpg\" sizes=\"auto, (max-width: 150px) 100vw, 150px\" srcset=\"https:\/\/www.maosdadas.ong.br\/wp-content\/uploads\/2019\/10\/unnamed-1-150x150.jpg 150w, https:\/\/www.maosdadas.ong.br\/wp-content\/uploads\/2019\/10\/unnamed-1-100x100.jpg 100w\" alt=\"\" width=\"150\" height=\"150\"><\/p>\n<p>Formada em Servi\u00e7o Social.<br \/>\nAtua como Assistente Social h\u00e1 30 anos em organiza\u00e7\u00e3o n\u00e3o governamental na \u00e1rea de ssist\u00eancia social e educa\u00e7\u00e3o. Possui experi\u00eancia em desenvolvimento comunit\u00e1rio, projetos sociais voltados para crian\u00e7as e adolescentes, conselhos de Direitos\/Pol\u00edticas P\u00fablicas, e capacita\u00e7\u00e3o de equipes sociais. Consultora desde 2007. Reside em Sabin\u00f3polis, MG.<\/td>\n<\/tr>\n<\/tbody>\n<\/table>\n<table style=\"height: 173px;\" width=\"704\">\n<tbody>\n<tr>\n<td><img loading=\"lazy\" decoding=\"async\" class=\"size-thumbnail wp-image-211673 alignleft\" src=\"https:\/\/www.maosdadas.ong.br\/wp-content\/uploads\/2019\/10\/unnamed-150x150.jpg\" sizes=\"auto, (max-width: 150px) 100vw, 150px\" srcset=\"https:\/\/www.maosdadas.ong.br\/wp-content\/uploads\/2019\/10\/unnamed-150x150.jpg 150w, https:\/\/www.maosdadas.ong.br\/wp-content\/uploads\/2019\/10\/unnamed-100x100.jpg 100w\" alt=\"\" width=\"150\" height=\"150\">Formada em pedagogia.<br \/>\nAtua h\u00e1 mais de 25 anos em uma organiza\u00e7\u00e3o n\u00e3o governamental social e de educa\u00e7\u00e3o. Possui experi\u00eancias em coordena\u00e7\u00e3o de projetos sociais com crian\u00e7as e adolescentes. Atuou como professora em anos iniciais do Ensino Fundamental e em pastoreio de igreja junto com o marido.<br \/>\n\u00c9 capacitadora do CLAVES desde 2019<\/td>\n<\/tr>\n<\/tbody>\n<\/table>\n<p>&nbsp;<\/p>\n<p style=\"text-align: center;\"><strong><a class=\"big-button biggreen\" href=\"https:\/\/redemosdadas.survey.fm\/capacita%C3%A7%C3%A3o-claves\">Fa\u00e7a sua inscri\u00e7\u00e3o AQUI!!!<\/a><\/strong><\/p>\n<p>&nbsp;<\/p>\n","protected":false},"excerpt":{"rendered":"<p>&nbsp; O Instituto Lado a Lado em parceria com o Claves Brasil est\u00e1 trazendo a Vi\u00e7osa e regi\u00e3o uma oficina voltada para todos aqueles&nbsp;trabalham com crian\u00e7as e adolescentes em projetos sociais, escolas, igrejas, etc. Isto inclui professores, educadores sociais, psic\u00f3logos, assistentes sociais, l\u00edderes comunit\u00e1rios e&nbsp;pessoas ligadas \u00e0 educa\u00e7\u00e3o crist\u00e3 nas igrejas, etc. Esta oficina \u00e9 [&hellip;]<\/p>\n","protected":false},"author":33,"featured_media":0,"comment_status":"open","ping_status":"open","sticky":false,"template":"","format":"standard","meta":{"ngg_post_thumbnail":0,"footnotes":""},"categories":[15874,15,5456,24220,28770,15786,36585,5799,128],"tags":[19532,11064,19471,24220],"class_list":["post-8033","post","type-post","status-publish","format-standard","hentry","category-anuncios","category-criancas","category-direitos","category-educador-social","category-educador-social-cristao","category-em-pauta","category-material-de-apoio","category-noticia","category-rede-maos-dadas","tag-brincando-nos-fortalecemos-para-enfrentar-situacoes-dificeis","tag-capacitacao","tag-claves-brasil","tag-educador-social"],"_links":{"self":[{"href":"https:\/\/ultimato.com.br\/sites\/maosdadas\/wp-json\/wp\/v2\/posts\/8033","targetHints":{"allow":["GET"]}}],"collection":[{"href":"https:\/\/ultimato.com.br\/sites\/maosdadas\/wp-json\/wp\/v2\/posts"}],"about":[{"href":"https:\/\/ultimato.com.br\/sites\/maosdadas\/wp-json\/wp\/v2\/types\/post"}],"author":[{"embeddable":true,"href":"https:\/\/ultimato.com.br\/sites\/maosdadas\/wp-json\/wp\/v2\/users\/33"}],"replies":[{"embeddable":true,"href":"https:\/\/ultimato.com.br\/sites\/maosdadas\/wp-json\/wp\/v2\/comments?post=8033"}],"version-history":[{"count":9,"href":"https:\/\/ultimato.com.br\/sites\/maosdadas\/wp-json\/wp\/v2\/posts\/8033\/revisions"}],"predecessor-version":[{"id":8147,"href":"https:\/\/ultimato.com.br\/sites\/maosdadas\/wp-json\/wp\/v2\/posts\/8033\/revisions\/8147"}],"wp:attachment":[{"href":"https:\/\/ultimato.com.br\/sites\/maosdadas\/wp-json\/wp\/v2\/media?parent=8033"}],"wp:term":[{"taxonomy":"category","embeddable":true,"href":"https:\/\/ultimato.com.br\/sites\/maosdadas\/wp-json\/wp\/v2\/categories?post=8033"},{"taxonomy":"post_tag","embeddable":true,"href":"https:\/\/ultimato.com.br\/sites\/maosdadas\/wp-json\/wp\/v2\/tags?post=8033"}],"curies":[{"name":"wp","href":"https:\/\/api.w.org\/{rel}","templated":true}]}}