{"id":8007,"date":"2019-09-20T15:13:09","date_gmt":"2019-09-20T18:13:09","guid":{"rendered":"http:\/\/ultimato.com.br\/sites\/maosdadas\/?p=8007"},"modified":"2019-09-20T15:13:09","modified_gmt":"2019-09-20T18:13:09","slug":"ha-esperanca-para-quem-comecou-mal-na-vida","status":"publish","type":"post","link":"https:\/\/ultimato.com.br\/sites\/maosdadas\/2019\/09\/20\/ha-esperanca-para-quem-comecou-mal-na-vida\/","title":{"rendered":"H\u00e1 esperan\u00e7a para quem come\u00e7ou mal na vida?"},"content":{"rendered":"<p><img loading=\"lazy\" decoding=\"async\" class=\"aligncenter size-medium wp-image-8008\" src=\"http:\/\/ultimato.com.br\/sites\/maosdadas\/files\/2019\/09\/FlornoDeserto-300x233.jpg\" alt=\"\" width=\"300\" height=\"233\" srcset=\"https:\/\/ultimato.com.br\/sites\/maosdadas\/files\/2019\/09\/FlornoDeserto-300x233.jpg 300w, https:\/\/ultimato.com.br\/sites\/maosdadas\/files\/2019\/09\/FlornoDeserto-768x597.jpg 768w, https:\/\/ultimato.com.br\/sites\/maosdadas\/files\/2019\/09\/FlornoDeserto-1024x796.jpg 1024w, https:\/\/ultimato.com.br\/sites\/maosdadas\/files\/2019\/09\/FlornoDeserto-732x569.jpg 732w, https:\/\/ultimato.com.br\/sites\/maosdadas\/files\/2019\/09\/FlornoDeserto-1140x886.jpg 1140w, https:\/\/ultimato.com.br\/sites\/maosdadas\/files\/2019\/09\/FlornoDeserto.jpg 1920w\" sizes=\"auto, (max-width: 300px) 100vw, 300px\" \/><\/p>\n<p>&nbsp;<\/p>\n<p>Resili\u00eancia \u00e9: resistir, perseverar, aprender. Descubra numa pesquisa grandiosa, o sentido dessas palavras.<\/p>\n<p>&nbsp;<\/p>\n<p><strong><a href=\"https:\/\/www.maosdadas.ong.br\/categoria-produto\/meu-educador-social-cristao\/\">Me ajude a ir direto ao Guia do Meu Educador Social Crist\u00e3o<\/a><\/strong><\/p>\n<p>&nbsp;<\/p>\n<p>O estudo mais famoso e relevante sobre o que passou a ser conhecido como resili\u00eancia foi conduzido pela pesquisadora norte-americana Emmy Werner. Foi um estudo longitudinal que acompanhou todas as 698 crian\u00e7as da ilha Kauai, Hawai, nascidas no ano de 1955 seguindo-as at\u00e9 os 40 anos.<\/p>\n<p><a href=\"https:\/\/www.maosdadas.ong.br\/produto\/cartaz-resiliencia-e\/\"><strong>Veja aqui o tratamento visual<\/strong><\/a>&nbsp;das descobertas realizadas por esta pesquisadora juntamente com Ruth S. Smith, que fizemos tamb\u00e9m em forma de cartaz para voc\u00ea imprimir na gr\u00e1fica local sobre resili\u00eancia em 3 aspectos. Escrito em linguagem simples, para ser colocado em lugar vis\u00edvel e acess\u00edvel as crian\u00e7as: quarto, sala de escola dominical, projeto social, etc.<\/p>\n<p>Tamb\u00e9m preparamos um question\u00e1rio sobre resili\u00eancia, baseado nesse estudo. Se voc\u00ea tivesse nascido na Ilha Kauai, em 1955, qual teria sido o seu percurso?&nbsp;<strong><a href=\"https:\/\/redemosdadas.survey.fm\/a-resili%C3%AAncia-na-inf%C3%A2ncia-foi-protetora-para-voc%C3%AA-descubra?fbclid=IwAR1OdGXHp0ioKV4TmPTxjV0kGLWA3OwjxRFwHVzTUWrquNliv1qz-payhG8\">Responda aqui!<\/a><\/strong><\/p>\n<p>Encontre o infogr\u00e1fico do estudo na p\u00e1gina 5 do Guia Meu Educador Social Crist\u00e3o, na p\u00e1gina 6, voc\u00ea poder\u00e1 descobrir se foi uma crian\u00e7a resiliente. Baixe o guia completo!<\/p>\n<p>&nbsp;<\/p>\n<p style=\"text-align: center;\"><strong><a class=\"big-button biggreen\" href=\"https:\/\/www.maosdadas.ong.br\/categoria-produto\/meu-educador-social-cristao\/\">Baixe o Guia MESC 2019!<\/a><\/strong><\/p>\n","protected":false},"excerpt":{"rendered":"<p>&nbsp; Resili\u00eancia \u00e9: resistir, perseverar, aprender. Descubra numa pesquisa grandiosa, o sentido dessas palavras. &nbsp; Me ajude a ir direto ao Guia do Meu Educador Social Crist\u00e3o &nbsp; O estudo mais famoso e relevante sobre o que passou a ser conhecido como resili\u00eancia foi conduzido pela pesquisadora norte-americana Emmy Werner. Foi um estudo longitudinal que [&hellip;]<\/p>\n","protected":false},"author":33,"featured_media":0,"comment_status":"open","ping_status":"open","sticky":false,"template":"","format":"standard","meta":{"ngg_post_thumbnail":0,"footnotes":""},"categories":[15,5456,24220,28770,15786,36585,128],"tags":[26786,23111,40791,15997],"class_list":["post-8007","post","type-post","status-publish","format-standard","hentry","category-criancas","category-direitos","category-educador-social","category-educador-social-cristao","category-em-pauta","category-material-de-apoio","category-rede-maos-dadas","tag-campanha-meu-educador-social-cristao","tag-infografico","tag-mesc-2019","tag-resiliencia"],"_links":{"self":[{"href":"https:\/\/ultimato.com.br\/sites\/maosdadas\/wp-json\/wp\/v2\/posts\/8007","targetHints":{"allow":["GET"]}}],"collection":[{"href":"https:\/\/ultimato.com.br\/sites\/maosdadas\/wp-json\/wp\/v2\/posts"}],"about":[{"href":"https:\/\/ultimato.com.br\/sites\/maosdadas\/wp-json\/wp\/v2\/types\/post"}],"author":[{"embeddable":true,"href":"https:\/\/ultimato.com.br\/sites\/maosdadas\/wp-json\/wp\/v2\/users\/33"}],"replies":[{"embeddable":true,"href":"https:\/\/ultimato.com.br\/sites\/maosdadas\/wp-json\/wp\/v2\/comments?post=8007"}],"version-history":[{"count":3,"href":"https:\/\/ultimato.com.br\/sites\/maosdadas\/wp-json\/wp\/v2\/posts\/8007\/revisions"}],"predecessor-version":[{"id":8011,"href":"https:\/\/ultimato.com.br\/sites\/maosdadas\/wp-json\/wp\/v2\/posts\/8007\/revisions\/8011"}],"wp:attachment":[{"href":"https:\/\/ultimato.com.br\/sites\/maosdadas\/wp-json\/wp\/v2\/media?parent=8007"}],"wp:term":[{"taxonomy":"category","embeddable":true,"href":"https:\/\/ultimato.com.br\/sites\/maosdadas\/wp-json\/wp\/v2\/categories?post=8007"},{"taxonomy":"post_tag","embeddable":true,"href":"https:\/\/ultimato.com.br\/sites\/maosdadas\/wp-json\/wp\/v2\/tags?post=8007"}],"curies":[{"name":"wp","href":"https:\/\/api.w.org\/{rel}","templated":true}]}}