{"id":7997,"date":"2019-09-18T16:39:28","date_gmt":"2019-09-18T19:39:28","guid":{"rendered":"http:\/\/ultimato.com.br\/sites\/maosdadas\/?p=7997"},"modified":"2019-09-20T09:13:37","modified_gmt":"2019-09-20T12:13:37","slug":"a-sociedade-segue-com-pouca-comocao-pouca-luta-e-pouca-acao","status":"publish","type":"post","link":"https:\/\/ultimato.com.br\/sites\/maosdadas\/2019\/09\/18\/a-sociedade-segue-com-pouca-comocao-pouca-luta-e-pouca-acao\/","title":{"rendered":"A sociedade segue com pouca como\u00e7\u00e3o, pouca luta e pouca a\u00e7\u00e3o"},"content":{"rendered":"<div id=\"attachment_7999\" style=\"width: 760px\" class=\"wp-caption aligncenter\"><img loading=\"lazy\" decoding=\"async\" aria-describedby=\"caption-attachment-7999\" class=\"wp-image-7999 size-large\" src=\"http:\/\/ultimato.com.br\/sites\/maosdadas\/files\/2019\/09\/WhatsApp-Image-2019-09-18-at-16.36.50-1024x681.jpeg\" alt=\"\" width=\"750\" height=\"499\" srcset=\"https:\/\/ultimato.com.br\/sites\/maosdadas\/files\/2019\/09\/WhatsApp-Image-2019-09-18-at-16.36.50-1024x681.jpeg 1024w, https:\/\/ultimato.com.br\/sites\/maosdadas\/files\/2019\/09\/WhatsApp-Image-2019-09-18-at-16.36.50-300x200.jpeg 300w, https:\/\/ultimato.com.br\/sites\/maosdadas\/files\/2019\/09\/WhatsApp-Image-2019-09-18-at-16.36.50-768x511.jpeg 768w, https:\/\/ultimato.com.br\/sites\/maosdadas\/files\/2019\/09\/WhatsApp-Image-2019-09-18-at-16.36.50-732x487.jpeg 732w, https:\/\/ultimato.com.br\/sites\/maosdadas\/files\/2019\/09\/WhatsApp-Image-2019-09-18-at-16.36.50.jpeg 1082w\" sizes=\"auto, (max-width: 750px) 100vw, 750px\" \/><p id=\"caption-attachment-7999\" class=\"wp-caption-text\">O Brasil \u00e9 um dos cinco pa\u00edses com os maiores \u00edndices de homic\u00eddios de adolescentes no mundo<\/p><\/div>\n<p>&nbsp;<\/p>\n<p><i><span style=\"font-weight: 400;\">Por Lucas Louback<\/span><\/i><\/p>\n<p><span style=\"font-weight: 400;\">A cena do enterro do menino Kau\u00ea de apenas 12 anos me (re)visita constantemente. Compartilho esse sentimento n\u00e3o como mera exposi\u00e7\u00e3o, mas a fim de provocar uma inquieta\u00e7\u00e3o que contribua para luta justa do direito \u00e0 vida.\u00a0<\/span><\/p>\n<p><span style=\"font-weight: 400;\">Na \u00faltima semana, estive no cemit\u00e9rio de Olinda, localizado em Nil\u00f3polis no Rio de Janeiro, para o sepultamento do Kau\u00ea. Fomos na tentativa de prestar algum n\u00edvel de apoio \u00e0 fam\u00edlia. Sua m\u00e3e sepultava junto com suas crian\u00e7as o seu menino. Naquele lugar, me chamou aten\u00e7\u00e3o a presen\u00e7a de uma senhorinha com B\u00edblia aberta cantando um hino. Suas s\u00faplicas eram o \u00fanico b\u00e1lsamo naquele lugar.\u00a0<\/span><\/p>\n<p><span style=\"font-weight: 400;\">Kau\u00ea vendia bala e sonhava conhecer o Neymar. O adolescente foi morto durante uma incurs\u00e3o do blindado da Pol\u00edcia Militar. Um tiro de fuzil atingiu sua cabe\u00e7a. O luto e a fome por justi\u00e7a era o que unia todos ali, pois os relatos da fam\u00edlia e amigos eram assustadores. Uma sequ\u00eancia de causas traumatizantes.<\/span><\/p>\n<p><span style=\"font-weight: 400;\">O mais tr\u00e1gico \u00e9 que a mesma cena \u00e9 recorrente na cidade do Rio de Janeiro e muitas cidades do Nordeste. A pol\u00edtica de enfrentamento em \u00e1reas empobrecidas exp\u00f5e milh\u00f5es e milhares \u00e0 morte. Al\u00e9m disso, a aus\u00eancia de pol\u00edticas p\u00fablicas de educa\u00e7\u00e3o, esporte e cultura agrava \u2013 ainda mais! \u2013 um buraco enorme. A sociedade segue com pouca como\u00e7\u00e3o, pouca luta e poucas s\u00e3o as a\u00e7\u00f5es e pol\u00edticas sendo alteradas.\u00a0<\/span><\/p>\n<p><span style=\"font-weight: 400;\">Segundo a UNICEF, \u201co n\u00famero de homic\u00eddios de adolescentes do sexo masculino no Brasil \u00e9 maior, inclusive, do que em pa\u00edses afetados por conflitos, como S\u00edria e Iraque. Em 2015, 11.403 adolescentes de 10 a 19 anos foram assassinados no Brasil, dos quais 10.480 eram meninos. No mesmo per\u00edodo, na S\u00edria, um total de 7.607 meninos morreram, a maioria em decorr\u00eancia da guerra. No Iraque, foram registradas 5.513 mortes de meninos no mesmo per\u00edodo, em decorr\u00eancia da viol\u00eancia.<\/span><\/p>\n<p><span style=\"font-weight: 400;\">Caso n\u00e3o haja mudan\u00e7as significativas no pa\u00eds, 43 mil adolescentes de 12 a 18 anos ser\u00e3o mortos no Brasil entre 2015 e 2021, de acordo com o \u00cdndice de Homic\u00eddios na Adolesc\u00eancia (IHA, 2014). At\u00e9 quando v\u00e3o continuar matando os nossos meninos?<\/span><\/p>\n<hr \/>\n<p><i><span style=\"font-weight: 400;\">Lucas Louback \u00e9 graduado em Teologia e atua na ONG Rio de Paz como coordenador de projetos. \u00c9 pastor da igreja Mesa Vineyard no Rio de Janeiro e mobilizador de projetos sociais em favelas no Rio de Janeiro.<\/span><\/i><\/p>\n","protected":false},"excerpt":{"rendered":"<p>&nbsp; Por Lucas Louback A cena do enterro do menino Kau\u00ea de apenas 12 anos me (re)visita constantemente. Compartilho esse sentimento n\u00e3o como mera exposi\u00e7\u00e3o, mas a fim de provocar uma inquieta\u00e7\u00e3o que contribua para luta justa do direito \u00e0 vida.\u00a0 Na \u00faltima semana, estive no cemit\u00e9rio de Olinda, localizado em Nil\u00f3polis no Rio de [&hellip;]<\/p>\n","protected":false},"author":33,"featured_media":0,"comment_status":"open","ping_status":"open","sticky":false,"template":"","format":"standard","meta":{"ngg_post_thumbnail":0,"footnotes":""},"categories":[5456,15786,5799,9],"tags":[5175,15,40793,40792],"class_list":["post-7997","post","type-post","status-publish","format-standard","hentry","category-direitos","category-em-pauta","category-noticia","category-sem-categoria","tag-adolescentes","tag-criancas","tag-meninos","tag-rio-de-paz"],"_links":{"self":[{"href":"https:\/\/ultimato.com.br\/sites\/maosdadas\/wp-json\/wp\/v2\/posts\/7997","targetHints":{"allow":["GET"]}}],"collection":[{"href":"https:\/\/ultimato.com.br\/sites\/maosdadas\/wp-json\/wp\/v2\/posts"}],"about":[{"href":"https:\/\/ultimato.com.br\/sites\/maosdadas\/wp-json\/wp\/v2\/types\/post"}],"author":[{"embeddable":true,"href":"https:\/\/ultimato.com.br\/sites\/maosdadas\/wp-json\/wp\/v2\/users\/33"}],"replies":[{"embeddable":true,"href":"https:\/\/ultimato.com.br\/sites\/maosdadas\/wp-json\/wp\/v2\/comments?post=7997"}],"version-history":[{"count":7,"href":"https:\/\/ultimato.com.br\/sites\/maosdadas\/wp-json\/wp\/v2\/posts\/7997\/revisions"}],"predecessor-version":[{"id":8006,"href":"https:\/\/ultimato.com.br\/sites\/maosdadas\/wp-json\/wp\/v2\/posts\/7997\/revisions\/8006"}],"wp:attachment":[{"href":"https:\/\/ultimato.com.br\/sites\/maosdadas\/wp-json\/wp\/v2\/media?parent=7997"}],"wp:term":[{"taxonomy":"category","embeddable":true,"href":"https:\/\/ultimato.com.br\/sites\/maosdadas\/wp-json\/wp\/v2\/categories?post=7997"},{"taxonomy":"post_tag","embeddable":true,"href":"https:\/\/ultimato.com.br\/sites\/maosdadas\/wp-json\/wp\/v2\/tags?post=7997"}],"curies":[{"name":"wp","href":"https:\/\/api.w.org\/{rel}","templated":true}]}}