{"id":7985,"date":"2019-09-13T15:43:07","date_gmt":"2019-09-13T18:43:07","guid":{"rendered":"http:\/\/ultimato.com.br\/sites\/maosdadas\/?p=7985"},"modified":"2019-09-13T15:43:07","modified_gmt":"2019-09-13T18:43:07","slug":"premio-cida-mattar-coragem-da-alma-a-virtude-dos-resilientes","status":"publish","type":"post","link":"https:\/\/ultimato.com.br\/sites\/maosdadas\/2019\/09\/13\/premio-cida-mattar-coragem-da-alma-a-virtude-dos-resilientes\/","title":{"rendered":"Pr\u00eamio Cida Mattar: &#8220;Coragem da alma &#8211; a virtude dos resilientes&#8221;"},"content":{"rendered":"<p><img loading=\"lazy\" decoding=\"async\" class=\"aligncenter size-medium wp-image-7986\" src=\"http:\/\/ultimato.com.br\/sites\/maosdadas\/files\/2019\/09\/WhatsApp-Image-2019-09-13-at-14.05.24-1-300x212.jpeg\" alt=\"\" width=\"300\" height=\"212\" srcset=\"https:\/\/ultimato.com.br\/sites\/maosdadas\/files\/2019\/09\/WhatsApp-Image-2019-09-13-at-14.05.24-1-300x212.jpeg 300w, https:\/\/ultimato.com.br\/sites\/maosdadas\/files\/2019\/09\/WhatsApp-Image-2019-09-13-at-14.05.24-1-768x543.jpeg 768w, https:\/\/ultimato.com.br\/sites\/maosdadas\/files\/2019\/09\/WhatsApp-Image-2019-09-13-at-14.05.24-1-1024x724.jpeg 1024w, https:\/\/ultimato.com.br\/sites\/maosdadas\/files\/2019\/09\/WhatsApp-Image-2019-09-13-at-14.05.24-1-732x518.jpeg 732w, https:\/\/ultimato.com.br\/sites\/maosdadas\/files\/2019\/09\/WhatsApp-Image-2019-09-13-at-14.05.24-1-1140x806.jpeg 1140w, https:\/\/ultimato.com.br\/sites\/maosdadas\/files\/2019\/09\/WhatsApp-Image-2019-09-13-at-14.05.24-1.jpeg 1280w\" sizes=\"auto, (max-width: 300px) 100vw, 300px\" \/><\/p>\n<p style=\"text-align: center;\">Baixe o <strong><span style=\"color: #99cc00;\"><a style=\"color: #99cc00;\" href=\"https:\/\/www.maosdadas.ong.br\/produto\/regulamento-pre%cc%82mio-cida-mattar-2019\/\">regulamento<\/a><\/span> <\/strong>e fa\u00e7a j\u00e1 sua <strong><span style=\"color: #99cc00;\"><a style=\"color: #99cc00;\" href=\"https:\/\/www.maosdadas.ong.br\/inscricoes-cida-mattar-2019\/\">inscri\u00e7\u00e3o!<\/a><\/span><\/strong><\/p>\n<p>&nbsp;<\/p>\n<p>A Rede M\u00e3os Dadas lan\u00e7a este Pr\u00eamio com o objetivo de reconhecer o trabalho e esfor\u00e7o das pessoas que j\u00e1 ministram o amor de Jesus \u00e0s crian\u00e7as e adolescentes em todos os cantos do pa\u00eds.&nbsp;O tema do Pr\u00eamio Cida Mattar este ano \u00e9:&nbsp;<strong>Coragem da alma \u2013 a virtude dos resilientes<\/strong>.<\/p>\n<p>&nbsp;<\/p>\n<p><strong>Quem pode participar?<\/strong> Educadores Sociais e Mentores Crist\u00e3os de Crian\u00e7as e Adolescentes&nbsp; que t\u00eam v\u00ednculo com a Rede M\u00e3os Dadas. A organiza\u00e7\u00e3o ou igreja na qual o educador ou mentor atua precisa ser parceira da Rede M\u00e3os Dadas ou ligada a uma organiza\u00e7\u00e3o guarda-chuva que mantem parceria com a Rede M\u00e3os Dadas. Veja no regulamento a lista destas organiza\u00e7\u00f5es.<\/p>\n<p><strong>Qual \u00e9 o prazo da inscri\u00e7\u00e3o?<\/strong> Do dia 15 de setembro de 2019 ao dia 15 de outubro de 2019.<\/p>\n<p><strong>Quando ser\u00e1 anunciado o vencedor?<\/strong> No dia 30 de novembro de 2019.<\/p>\n<p>O objetivo do Pr\u00eamio Cida Mattar \u00e9 honrar a voc\u00ea, educador social crist\u00e3o, pelo seu trabalho e pela sua disposi\u00e7\u00e3o em caminhar com as crian\u00e7as mais vulner\u00e1veis. O Pr\u00eamio Cida Mattar n\u00e3o \u00e9 um concurso de reda\u00e7\u00e3o! O que queremos \u00e9 identificar hist\u00f3rias importantes que possam encorajar outras pessoas vivendo situa\u00e7\u00f5es semelhantes.<\/p>\n<p>&nbsp;<\/p>\n<p><strong>PREMIA\u00c7\u00c3O<\/strong><\/p>\n<p><strong><em>Art. 12\u00ba \u2013 Ser\u00e3o tr\u00eas pr\u00eamios assim distribu\u00eddos:<\/em><\/strong><\/p>\n<p style=\"text-align: left;\"><strong><em><img loading=\"lazy\" decoding=\"async\" class=\"size-full wp-image-7987 alignleft\" src=\"http:\/\/ultimato.com.br\/sites\/maosdadas\/files\/2019\/09\/pre\u0302mio-cida-1-lugar.jpg\" alt=\"\" width=\"245\" height=\"174\">1\u00ba lugar:<\/em><\/strong><\/p>\n<p>&#8211; Para o educador social ou mentor crist\u00e3o de crian\u00e7as e adolescentes: 01 smartphone Samsung Galaxy A20 e kit mesa.<\/p>\n<p>&#8211; Para a organiza\u00e7\u00e3o na qual o mentor ou educador realiza seu trabalho: Kit Claves: Bons tratos em fam\u00edlia, material did\u00e1tico, al\u00e9m da publica\u00e7\u00e3o e divulga\u00e7\u00e3o da hist\u00f3ria.<\/p>\n<p>&#8211; Para um grupo de crian\u00e7as ou adolescentes ligados ao mentor ou educador: material para atividades especiais alusivas ao Natal.<\/p>\n<p>&nbsp;<\/p>\n<p><img loading=\"lazy\" decoding=\"async\" class=\"size-full wp-image-7988 alignleft\" src=\"http:\/\/ultimato.com.br\/sites\/maosdadas\/files\/2019\/09\/pre\u0302mio-cida-2-lugar.jpg\" alt=\"\" width=\"245\" height=\"174\"><\/p>\n<p><strong><em>2\u00ba lugar:<\/em><\/strong><\/p>\n<p>&#8211; Para o educador social ou mentor crist\u00e3o de crian\u00e7as e adolescentes: tablet Lenovo e kit mesa.<\/p>\n<p>&#8211; Para a organiza\u00e7\u00e3o na qual o mentor ou educador realiza seu trabalho: material did\u00e1tico: giz para cal\u00e7ada, marcadores, adesivos, cola gliter, etc, al\u00e9m da publica\u00e7\u00e3o e divulga\u00e7\u00e3o da hist\u00f3ria.<\/p>\n<p>&#8211; Para um grupo de crian\u00e7as ou adolescentes ligados ao mentor ou educador: material para atividades especiais alusivas ao Natal.<\/p>\n<p>&nbsp;<\/p>\n<p>O&nbsp;<em><strong>Pr\u00eamio Cida Mattar<\/strong><\/em> \u00e9 a nossa forma de dizer: \u201cContinue firme, estamos com voc\u00ea nesta luta\u201d!<\/p>\n<p>&nbsp;<\/p>\n<p style=\"text-align: center;\"><strong><span style=\"color: #99cc00;\"><a class=\"big-button biggreen\" style=\"color: #99cc00;\" href=\"https:\/\/redemosdadas.survey.fm\/pr%C3%AAmio-cida-mattar-1\">Fa\u00e7a sua inscri\u00e7\u00e3o Aqui!!<\/a>&nbsp;<\/span><\/strong>&nbsp;<\/p>\n<p>&nbsp;<\/p>\n","protected":false},"excerpt":{"rendered":"<p>Baixe o regulamento e fa\u00e7a j\u00e1 sua inscri\u00e7\u00e3o! &nbsp; A Rede M\u00e3os Dadas lan\u00e7a este Pr\u00eamio com o objetivo de reconhecer o trabalho e esfor\u00e7o das pessoas que j\u00e1 ministram o amor de Jesus \u00e0s crian\u00e7as e adolescentes em todos os cantos do pa\u00eds.&nbsp;O tema do Pr\u00eamio Cida Mattar este ano \u00e9:&nbsp;Coragem da alma \u2013 [&hellip;]<\/p>\n","protected":false},"author":33,"featured_media":0,"comment_status":"open","ping_status":"open","sticky":false,"template":"","format":"standard","meta":{"ngg_post_thumbnail":0,"footnotes":""},"categories":[24220,28770,15786,5799],"tags":[5175,19502,15,24220,36474,5884,36472],"class_list":["post-7985","post","type-post","status-publish","format-standard","hentry","category-educador-social","category-educador-social-cristao","category-em-pauta","category-noticia","tag-adolescentes","tag-cida-mattar","tag-criancas","tag-educador-social","tag-mentores","tag-premio","tag-premio-cida-mattar"],"_links":{"self":[{"href":"https:\/\/ultimato.com.br\/sites\/maosdadas\/wp-json\/wp\/v2\/posts\/7985","targetHints":{"allow":["GET"]}}],"collection":[{"href":"https:\/\/ultimato.com.br\/sites\/maosdadas\/wp-json\/wp\/v2\/posts"}],"about":[{"href":"https:\/\/ultimato.com.br\/sites\/maosdadas\/wp-json\/wp\/v2\/types\/post"}],"author":[{"embeddable":true,"href":"https:\/\/ultimato.com.br\/sites\/maosdadas\/wp-json\/wp\/v2\/users\/33"}],"replies":[{"embeddable":true,"href":"https:\/\/ultimato.com.br\/sites\/maosdadas\/wp-json\/wp\/v2\/comments?post=7985"}],"version-history":[{"count":7,"href":"https:\/\/ultimato.com.br\/sites\/maosdadas\/wp-json\/wp\/v2\/posts\/7985\/revisions"}],"predecessor-version":[{"id":7995,"href":"https:\/\/ultimato.com.br\/sites\/maosdadas\/wp-json\/wp\/v2\/posts\/7985\/revisions\/7995"}],"wp:attachment":[{"href":"https:\/\/ultimato.com.br\/sites\/maosdadas\/wp-json\/wp\/v2\/media?parent=7985"}],"wp:term":[{"taxonomy":"category","embeddable":true,"href":"https:\/\/ultimato.com.br\/sites\/maosdadas\/wp-json\/wp\/v2\/categories?post=7985"},{"taxonomy":"post_tag","embeddable":true,"href":"https:\/\/ultimato.com.br\/sites\/maosdadas\/wp-json\/wp\/v2\/tags?post=7985"}],"curies":[{"name":"wp","href":"https:\/\/api.w.org\/{rel}","templated":true}]}}