{"id":7898,"date":"2019-05-24T18:27:16","date_gmt":"2019-05-24T21:27:16","guid":{"rendered":"http:\/\/ultimato.com.br\/sites\/maosdadas\/?p=7898"},"modified":"2019-05-24T18:28:07","modified_gmt":"2019-05-24T21:28:07","slug":"adocao-em-numeros","status":"publish","type":"post","link":"https:\/\/ultimato.com.br\/sites\/maosdadas\/2019\/05\/24\/adocao-em-numeros\/","title":{"rendered":"Ado\u00e7\u00e3o em N\u00fameros"},"content":{"rendered":"<p><img loading=\"lazy\" decoding=\"async\" class=\"aligncenter wp-image-7899 size-large\" src=\"http:\/\/ultimato.com.br\/sites\/maosdadas\/files\/family-1517192_1920-1024x767.jpg\" alt=\"\" width=\"750\" height=\"562\" srcset=\"https:\/\/ultimato.com.br\/sites\/maosdadas\/files\/family-1517192_1920-1024x767.jpg 1024w, https:\/\/ultimato.com.br\/sites\/maosdadas\/files\/family-1517192_1920-300x225.jpg 300w, https:\/\/ultimato.com.br\/sites\/maosdadas\/files\/family-1517192_1920-768x576.jpg 768w, https:\/\/ultimato.com.br\/sites\/maosdadas\/files\/family-1517192_1920-732x549.jpg 732w, https:\/\/ultimato.com.br\/sites\/maosdadas\/files\/family-1517192_1920-1140x854.jpg 1140w, https:\/\/ultimato.com.br\/sites\/maosdadas\/files\/family-1517192_1920.jpg 1920w\" sizes=\"auto, (max-width: 750px) 100vw, 750px\" \/> \u00a0<\/p>\r\n\r\n<p>Na Edi\u00e7\u00e3o 27 da Revista M\u00e3os Dadas:<strong> &#8220;Para toda Crian\u00e7a, uma fam\u00edlia&#8221; <\/strong>publicamos os dados sobre ado\u00e7\u00e3o constantes no Cadastro Nacional de Ado\u00e7\u00e3o em setembro de 2011. Veja o que mudou nestes 8 anos.<\/p>\r\n\r\n\r\n\r\n<div class=\"wp-block-image\">\r\n<figure class=\"aligncenter\"><img decoding=\"async\" class=\"wp-image-209621\" src=\"https:\/\/www.maosdadas.ong.br\/wp-content\/uploads\/2019\/05\/Slide3-2-1024x576.jpg\" alt=\"\" \/><\/figure>\r\n<\/div>\r\n\r\n\r\n\r\n<p>O gargalo continua: as crian\u00e7as aptas a serem adotadas\u00a0 nem sempre atendem ao perfil desejado pelos pretendentes, mas temos boas not\u00edcias: Em 2011 era alto o n\u00famero de pessoas que n\u00e3o aceitariam adotar <strong>crian\u00e7as pardas e negras.<\/strong> Em 2019 esta rejei\u00e7\u00e3o caiu mais da metade.<\/p>\r\n\r\n\r\n\r\n<div class=\"wp-block-image\">\r\n<figure class=\"aligncenter\"><img decoding=\"async\" class=\"wp-image-209645\" src=\"https:\/\/www.maosdadas.ong.br\/wp-content\/uploads\/2019\/05\/Slide2-4-1024x576.jpg\" alt=\"\" \/><\/figure>\r\n<\/div>\r\n\r\n\r\n\r\n<p>Diminui a rejei\u00e7\u00e3o em adotar irm\u00e3os<\/p>\r\n\r\n\r\n\r\n<div class=\"wp-block-image\">\r\n<figure class=\"aligncenter is-resized\"><img loading=\"lazy\" decoding=\"async\" class=\"wp-image-209624\" src=\"https:\/\/www.maosdadas.ong.br\/wp-content\/uploads\/2019\/05\/Slide1-1024x576.jpg\" alt=\"\" width=\"1024\" height=\"576\" \/><\/figure>\r\n<\/div>\r\n\r\n\r\n\r\n<p>A melhor not\u00edcia, no entanto, \u00e9 que houve um aumento no n\u00famero de pretendentes dispostos a adotar crian\u00e7as com idade acima de 5 anos. Este aumento est\u00e1 na ordem de 1.504%<\/p>\r\n\r\n\r\n\r\n<div class=\"wp-block-image\">\r\n<figure class=\"aligncenter\"><img decoding=\"async\" class=\"wp-image-209629\" src=\"https:\/\/www.maosdadas.ong.br\/wp-content\/uploads\/2019\/05\/Slide4-1024x576.jpg\" alt=\"\" \/><\/figure>\r\n<\/div>\r\n\r\n\r\n\r\n<p><strong>Para ver outros artigos sobre ado\u00e7\u00e3o click no bot\u00e3o abaixo:<\/strong><\/p>\r\n\r\n\r\n\r\n<div class=\"wp-block-button aligncenter\"><a class=\"wp-block-button__link has-text-color has-very-light-gray-color has-background has-vivid-green-cyan-background-color\" href=\"https:\/\/www.maosdadas.ong.br\/produto\/adocao-tardia-desafio-de-adotar-uma-crianca-mais-velha\/\"> Ado\u00e7\u00e3o tardia <\/a><\/div>\r\n","protected":false},"excerpt":{"rendered":"<p>\u00a0 Na Edi\u00e7\u00e3o 27 da Revista M\u00e3os Dadas: &#8220;Para toda Crian\u00e7a, uma fam\u00edlia&#8221; publicamos os dados sobre ado\u00e7\u00e3o constantes no Cadastro Nacional de Ado\u00e7\u00e3o em setembro de 2011. Veja o que mudou nestes 8 anos. O gargalo continua: as crian\u00e7as aptas a serem adotadas\u00a0 nem sempre atendem ao perfil desejado pelos pretendentes, mas temos boas [&hellip;]<\/p>\n","protected":false},"author":33,"featured_media":0,"comment_status":"open","ping_status":"open","sticky":false,"template":"","format":"standard","meta":{"ngg_post_thumbnail":0,"footnotes":""},"categories":[15,15786,8053],"tags":[],"class_list":["post-7898","post","type-post","status-publish","format-standard","hentry","category-criancas","category-em-pauta","category-estatistica"],"_links":{"self":[{"href":"https:\/\/ultimato.com.br\/sites\/maosdadas\/wp-json\/wp\/v2\/posts\/7898","targetHints":{"allow":["GET"]}}],"collection":[{"href":"https:\/\/ultimato.com.br\/sites\/maosdadas\/wp-json\/wp\/v2\/posts"}],"about":[{"href":"https:\/\/ultimato.com.br\/sites\/maosdadas\/wp-json\/wp\/v2\/types\/post"}],"author":[{"embeddable":true,"href":"https:\/\/ultimato.com.br\/sites\/maosdadas\/wp-json\/wp\/v2\/users\/33"}],"replies":[{"embeddable":true,"href":"https:\/\/ultimato.com.br\/sites\/maosdadas\/wp-json\/wp\/v2\/comments?post=7898"}],"version-history":[{"count":3,"href":"https:\/\/ultimato.com.br\/sites\/maosdadas\/wp-json\/wp\/v2\/posts\/7898\/revisions"}],"predecessor-version":[{"id":7902,"href":"https:\/\/ultimato.com.br\/sites\/maosdadas\/wp-json\/wp\/v2\/posts\/7898\/revisions\/7902"}],"wp:attachment":[{"href":"https:\/\/ultimato.com.br\/sites\/maosdadas\/wp-json\/wp\/v2\/media?parent=7898"}],"wp:term":[{"taxonomy":"category","embeddable":true,"href":"https:\/\/ultimato.com.br\/sites\/maosdadas\/wp-json\/wp\/v2\/categories?post=7898"},{"taxonomy":"post_tag","embeddable":true,"href":"https:\/\/ultimato.com.br\/sites\/maosdadas\/wp-json\/wp\/v2\/tags?post=7898"}],"curies":[{"name":"wp","href":"https:\/\/api.w.org\/{rel}","templated":true}]}}