{"id":7886,"date":"2019-05-20T16:40:23","date_gmt":"2019-05-20T19:40:23","guid":{"rendered":"http:\/\/ultimato.com.br\/sites\/maosdadas\/?p=7886"},"modified":"2019-05-21T14:15:37","modified_gmt":"2019-05-21T17:15:37","slug":"trilhas-de-oracao","status":"publish","type":"post","link":"https:\/\/ultimato.com.br\/sites\/maosdadas\/2019\/05\/20\/trilhas-de-oracao\/","title":{"rendered":"Trilhas de Ora\u00e7\u00e3o"},"content":{"rendered":"<p><img loading=\"lazy\" decoding=\"async\" class=\"aligncenter wp-image-7888 size-medium\" src=\"http:\/\/ultimato.com.br\/sites\/maosdadas\/files\/trilha-300x300.png\" alt=\"\" width=\"300\" height=\"300\" srcset=\"https:\/\/ultimato.com.br\/sites\/maosdadas\/files\/trilha-300x300.png 300w, https:\/\/ultimato.com.br\/sites\/maosdadas\/files\/trilha-150x150.png 150w, https:\/\/ultimato.com.br\/sites\/maosdadas\/files\/trilha-768x768.png 768w, https:\/\/ultimato.com.br\/sites\/maosdadas\/files\/trilha-732x732.png 732w, https:\/\/ultimato.com.br\/sites\/maosdadas\/files\/trilha.png 800w\" sizes=\"auto, (max-width: 300px) 100vw, 300px\" \/><\/p>\n<p>&nbsp;<\/p>\n<p>Daqui at\u00e9 o primeiro fim de semana de junho, a Rede M\u00e3os Dadas e todos os seus parceiros est\u00e3o em campanha de ora\u00e7\u00e3o pelas crian\u00e7as e adolescentes mais vulner\u00e1veis.<\/p>\n<p>Sendo assim, cabe uma pergunta: qual crian\u00e7a n\u00e3o \u00e9 vulner\u00e1vel?<\/p>\n<p>Quantas crian\u00e7as ou adolescentes se sentem s\u00f3s? Abandonadas ou perdidas entre disputas dos adultos \u00e0 sua volta, que se transformam em verdadeiras guerras onde a pessoa mais ferida e sujeita a sequelas ser\u00e1 a pr\u00f3pria crian\u00e7a?<\/p>\n<p>Quantas crian\u00e7as ou adolescentes trocam o futuro pelo presente porque perderam a esperan\u00e7a em algo melhor? S\u00e3o enredadas em comportamentos auto-destrutivos e at\u00e9 aviltantes. Mas n\u00e3o ligam, niilismo est\u00e1 na moda.<\/p>\n<p>Quantas crian\u00e7as ou adolescentes se sentem inseguros e insignificantes e tentam se auto-afirmar em comportamentos que p\u00f5em em risco a sua pr\u00f3pria dignidade na internet e em seus grupos sociais?<\/p>\n<p>Quantas crian\u00e7as precisam das suas ora\u00e7\u00f5es?<br \/>\nTodas. Porque assim como o Pai n\u00e3o quer que nenhum dos pequeninos se percam, o Inimigo quer matar, roubar e destruir\u2026, sim, a TODAS.<\/p>\n<p>No entanto, convocamos voc\u00ea a focar os seus esfor\u00e7os em ora\u00e7\u00e3o. N\u00e3o ore por todas as crian\u00e7as e adolescentes. Ore por aqueles que Deus colocar no seu cora\u00e7\u00e3o. Comece a interceder, a invocar o nome do Senhor em favor das crian\u00e7as e adolescentes ao seu redor. Seu filho ou filha, seu neto ou neta, seu sobrinho, sua vizinha, a crian\u00e7a que pede esmola na padaria, aquele aluno rico que n\u00e3o consegue a aten\u00e7\u00e3o dos pais\u2026 Traga-os para dentro do seu quarto, e leve-os \u00e0 presen\u00e7a do Pai. E o Pai v\u00ea as ora\u00e7\u00f5es feitas em secreto, h\u00e1 de ouvir as sua s\u00faplicas.<\/p>\n<p>Visite as nossas trilhas de ora\u00e7\u00e3o: Orando com o Pai Nosso e, Orando pelas Gera\u00e7\u00f5es. Dedique 20 minutos em ora\u00e7\u00e3o por 5 ou 7 dias em favor das crian\u00e7as presentes na sua vida!<\/p>\n<p>Acesse as trilhas de ora\u00e7\u00e3o!<\/p>\n<p>&nbsp;<\/p>\n<div class=\"wp-block-button aligncenter\"><a class=\"wp-block-button__link has-text-color has-very-light-gray-color has-background has-vivid-green-cyan-background-color\" href=\"https:\/\/www.maosdadas.ong.br\/casa\/trilhas-de-oracao\/\">Trilhas de Ora\u00e7\u00e3o<\/a><\/div>\n","protected":false},"excerpt":{"rendered":"<p>&nbsp; Daqui at\u00e9 o primeiro fim de semana de junho, a Rede M\u00e3os Dadas e todos os seus parceiros est\u00e3o em campanha de ora\u00e7\u00e3o pelas crian\u00e7as e adolescentes mais vulner\u00e1veis. Sendo assim, cabe uma pergunta: qual crian\u00e7a n\u00e3o \u00e9 vulner\u00e1vel? Quantas crian\u00e7as ou adolescentes se sentem s\u00f3s? Abandonadas ou perdidas entre disputas dos adultos \u00e0 [&hellip;]<\/p>\n","protected":false},"author":33,"featured_media":0,"comment_status":"open","ping_status":"open","sticky":false,"template":"","format":"standard","meta":{"ngg_post_thumbnail":0,"footnotes":""},"categories":[15,15786,36585,128],"tags":[],"class_list":["post-7886","post","type-post","status-publish","format-standard","hentry","category-criancas","category-em-pauta","category-material-de-apoio","category-rede-maos-dadas"],"_links":{"self":[{"href":"https:\/\/ultimato.com.br\/sites\/maosdadas\/wp-json\/wp\/v2\/posts\/7886","targetHints":{"allow":["GET"]}}],"collection":[{"href":"https:\/\/ultimato.com.br\/sites\/maosdadas\/wp-json\/wp\/v2\/posts"}],"about":[{"href":"https:\/\/ultimato.com.br\/sites\/maosdadas\/wp-json\/wp\/v2\/types\/post"}],"author":[{"embeddable":true,"href":"https:\/\/ultimato.com.br\/sites\/maosdadas\/wp-json\/wp\/v2\/users\/33"}],"replies":[{"embeddable":true,"href":"https:\/\/ultimato.com.br\/sites\/maosdadas\/wp-json\/wp\/v2\/comments?post=7886"}],"version-history":[{"count":10,"href":"https:\/\/ultimato.com.br\/sites\/maosdadas\/wp-json\/wp\/v2\/posts\/7886\/revisions"}],"predecessor-version":[{"id":7897,"href":"https:\/\/ultimato.com.br\/sites\/maosdadas\/wp-json\/wp\/v2\/posts\/7886\/revisions\/7897"}],"wp:attachment":[{"href":"https:\/\/ultimato.com.br\/sites\/maosdadas\/wp-json\/wp\/v2\/media?parent=7886"}],"wp:term":[{"taxonomy":"category","embeddable":true,"href":"https:\/\/ultimato.com.br\/sites\/maosdadas\/wp-json\/wp\/v2\/categories?post=7886"},{"taxonomy":"post_tag","embeddable":true,"href":"https:\/\/ultimato.com.br\/sites\/maosdadas\/wp-json\/wp\/v2\/tags?post=7886"}],"curies":[{"name":"wp","href":"https:\/\/api.w.org\/{rel}","templated":true}]}}