{"id":7814,"date":"2019-03-29T14:34:19","date_gmt":"2019-03-29T17:34:19","guid":{"rendered":"http:\/\/ultimato.com.br\/sites\/maosdadas\/?p=7814"},"modified":"2019-04-18T13:43:40","modified_gmt":"2019-04-18T16:43:40","slug":"comprometidos-com-a-esperanca","status":"publish","type":"post","link":"https:\/\/ultimato.com.br\/sites\/maosdadas\/2019\/03\/29\/comprometidos-com-a-esperanca\/","title":{"rendered":"Comprometidos com a Esperan\u00e7a"},"content":{"rendered":"<div class=\"blog-meta\">\n<h2><img loading=\"lazy\" decoding=\"async\" class=\"aligncenter wp-image-7815 size-full\" src=\"http:\/\/ultimato.com.br\/sites\/maosdadas\/files\/Captura-de-Tela-2019-03-29-a\u0300s-14.22.53.png\" alt=\"\" width=\"752\" height=\"321\" srcset=\"https:\/\/ultimato.com.br\/sites\/maosdadas\/files\/Captura-de-Tela-2019-03-29-a\u0300s-14.22.53.png 752w, https:\/\/ultimato.com.br\/sites\/maosdadas\/files\/Captura-de-Tela-2019-03-29-a\u0300s-14.22.53-300x128.png 300w, https:\/\/ultimato.com.br\/sites\/maosdadas\/files\/Captura-de-Tela-2019-03-29-a\u0300s-14.22.53-732x312.png 732w\" sizes=\"auto, (max-width: 752px) 100vw, 752px\" \/><\/h2>\n<h2 class=\"entry-title\"><strong style=\"font-size: 16px;\">Mutir\u00e3o Mundial de Ora\u00e7\u00e3o 2019<\/strong><\/h2>\n<\/div>\n<div class=\"entry-content\">\n<div id=\"et-boc\" class=\"et-boc\">\n<div class=\"et_builder_inner_content et_pb_gutters3\">\n<div class=\"et_pb_section et_pb_section_0 et_section_regular\">\n<div class=\"et_pb_row et_pb_row_1\">\n<div class=\"et_pb_column et_pb_column_4_4 et_pb_column_1 et_pb_css_mix_blend_mode_passthrough et-last-child\">\n<div class=\"et_pb_module et_pb_text et_pb_text_1 et_pb_bg_layout_light et_pb_text_align_left\">\n<div class=\"et_pb_text_inner\">\n<p><a href=\"https:\/\/www.maosdadas.ong.br\/categoria-produto\/mutirao-mundial-de-oracao\/?orderby=date\"><b>J\u00e1 conhe\u00e7o o Mutir\u00e3o Mundial de Ora\u00e7\u00e3o, leve-me diretamente para os materiais.<\/b><\/a><\/p>\n<\/div>\n<\/div>\n<\/div>\n<\/div>\n<\/div>\n<div class=\"et_pb_section et_pb_section_1 et_section_regular\">\n<div class=\"et_pb_row et_pb_row_2\">\n<div class=\"et_pb_column et_pb_column_4_4 et_pb_column_2 et_pb_css_mix_blend_mode_passthrough et-last-child\">\n<div class=\"et_pb_module et_pb_text et_pb_text_2 et_pb_bg_layout_light et_pb_text_align_left\">\n<div class=\"et_pb_text_inner\">\n<p>Convidamos voc\u00ea a participar da 24<sup>a<\/sup>\u00a0edi\u00e7\u00e3o do\u00a0<strong>Mutir\u00e3o Mundial de Ora\u00e7\u00e3o por Crian\u00e7as e Adolescentes Socialmente Vulner\u00e1veis<\/strong>. O mutir\u00e3o re\u00fane crist\u00e3os de 40 pa\u00edses. Juntos intercedemos pelas crian\u00e7as e adolescentes que enfrentam situa\u00e7\u00f5es dif\u00edceis. \u00c9 uma iniciativa da Viva, uma organiza\u00e7\u00e3o crist\u00e3 filantr\u00f3pica com sede no Reino Unido. No Brasil, a mobiliza\u00e7\u00e3o \u00e9 feita pela Rede M\u00e3os Dadas com o apoio dos seus 47 parceiros institucionais.<\/p>\n<p>A escurid\u00e3o no mundo atual incomoda. As crian\u00e7as enfrentam dor, neglig\u00eancia e abuso. O desespero satura fam\u00edlias, comunidades, cidades e na\u00e7\u00f5es inteiras.<\/p>\n<p>E, no entanto, o nosso compromisso \u00e9 com o Deus da esperan\u00e7a:<\/p>\n<ul>\n<li>Uma esperan\u00e7a que fortalece e n\u00e3o nos deixa desfalecer<\/li>\n<li>Uma esperan\u00e7a que se encanta com as maravilhas e milagres ao nosso redor<\/li>\n<li>Uma esperan\u00e7a que jamais ser\u00e1 extinta<\/li>\n<li>Uma esperan\u00e7a que se faz \u00e2ncora na correnteza<\/li>\n<li>Uma esperan\u00e7a em se fundamenta no Senhor da Hist\u00f3ria<\/li>\n<\/ul>\n<p>S\u00f3 intercede quem entende que o Dono desta hist\u00f3ria \u00e9 Deus e que s\u00f3 Ele \u00e9 digno da nossa inteira confian\u00e7a. Este ano, o mutir\u00e3o convida voc\u00ea a mobilizar todos ao seu redor para se alegrarem na esperan\u00e7a, exercerem paci\u00eancia na afli\u00e7\u00e3o, e a perseveran\u00e7a na ora\u00e7\u00e3o (Ro 12.12). Fa\u00e7a-o com f\u00e9, acreditando que Deus usar\u00e1 voc\u00ea para fazer a diferen\u00e7a na vida das crian\u00e7as e adolescentes ao seu redor.<\/p>\n<p>Que o Deus da esperan\u00e7a os encha de toda alegria e paz, por sua confian\u00e7a Nele, para que voc\u00eas transbordem de esperan\u00e7a, pelo poder do Esp\u00edrito Santo. Ro 15.13<\/p>\n<p>Baixe os materiais dispon\u00edveis <span style=\"color: #339966;\"><a style=\"color: #339966;\" href=\"https:\/\/www.maosdadas.ong.br\/produto\/guia-de-oracao-2019\/\">aqui!<\/a><\/span><\/p>\n<p>&nbsp;<\/p>\n<\/div>\n<\/div>\n<\/div>\n<\/div>\n<\/div>\n<\/div>\n<\/div>\n<\/div>\n","protected":false},"excerpt":{"rendered":"<p>Mutir\u00e3o Mundial de Ora\u00e7\u00e3o 2019 J\u00e1 conhe\u00e7o o Mutir\u00e3o Mundial de Ora\u00e7\u00e3o, leve-me diretamente para os materiais. Convidamos voc\u00ea a participar da 24a\u00a0edi\u00e7\u00e3o do\u00a0Mutir\u00e3o Mundial de Ora\u00e7\u00e3o por Crian\u00e7as e Adolescentes Socialmente Vulner\u00e1veis. O mutir\u00e3o re\u00fane crist\u00e3os de 40 pa\u00edses. Juntos intercedemos pelas crian\u00e7as e adolescentes que enfrentam situa\u00e7\u00f5es dif\u00edceis. \u00c9 uma iniciativa da Viva, [&hellip;]<\/p>\n","protected":false},"author":33,"featured_media":0,"comment_status":"open","ping_status":"open","sticky":false,"template":"","format":"standard","meta":{"ngg_post_thumbnail":0,"footnotes":""},"categories":[15,15786,36585,128],"tags":[5175,40784,8441,40782,124],"class_list":["post-7814","post","type-post","status-publish","format-standard","hentry","category-criancas","category-em-pauta","category-material-de-apoio","category-rede-maos-dadas","tag-adolescentes","tag-comprometidos-com-a-esperanca","tag-familia","tag-mmo-2019","tag-oracao"],"_links":{"self":[{"href":"https:\/\/ultimato.com.br\/sites\/maosdadas\/wp-json\/wp\/v2\/posts\/7814","targetHints":{"allow":["GET"]}}],"collection":[{"href":"https:\/\/ultimato.com.br\/sites\/maosdadas\/wp-json\/wp\/v2\/posts"}],"about":[{"href":"https:\/\/ultimato.com.br\/sites\/maosdadas\/wp-json\/wp\/v2\/types\/post"}],"author":[{"embeddable":true,"href":"https:\/\/ultimato.com.br\/sites\/maosdadas\/wp-json\/wp\/v2\/users\/33"}],"replies":[{"embeddable":true,"href":"https:\/\/ultimato.com.br\/sites\/maosdadas\/wp-json\/wp\/v2\/comments?post=7814"}],"version-history":[{"count":3,"href":"https:\/\/ultimato.com.br\/sites\/maosdadas\/wp-json\/wp\/v2\/posts\/7814\/revisions"}],"predecessor-version":[{"id":7826,"href":"https:\/\/ultimato.com.br\/sites\/maosdadas\/wp-json\/wp\/v2\/posts\/7814\/revisions\/7826"}],"wp:attachment":[{"href":"https:\/\/ultimato.com.br\/sites\/maosdadas\/wp-json\/wp\/v2\/media?parent=7814"}],"wp:term":[{"taxonomy":"category","embeddable":true,"href":"https:\/\/ultimato.com.br\/sites\/maosdadas\/wp-json\/wp\/v2\/categories?post=7814"},{"taxonomy":"post_tag","embeddable":true,"href":"https:\/\/ultimato.com.br\/sites\/maosdadas\/wp-json\/wp\/v2\/tags?post=7814"}],"curies":[{"name":"wp","href":"https:\/\/api.w.org\/{rel}","templated":true}]}}