{"id":779,"date":"2012-11-30T08:12:47","date_gmt":"2012-11-30T11:12:47","guid":{"rendered":"http:\/\/ultimato.com.br\/sites\/maosdadas\/?p=779"},"modified":"2017-01-25T13:19:31","modified_gmt":"2017-01-25T16:19:31","slug":"fale-teologo-bonhoeffer-consola-menino","status":"publish","type":"post","link":"https:\/\/ultimato.com.br\/sites\/maosdadas\/2012\/11\/30\/fale-teologo-bonhoeffer-consola-menino\/","title":{"rendered":"Fale te\u00f3logo: Bonhoeffer consola menino"},"content":{"rendered":"<p><a href=\"http:\/\/ultimato.com.br\/sites\/maosdadas\/files\/2012\/11\/livro.jpg\" class=\"lightview\" data-lightview-group=\"group-779\" data-lightview-options=\"skin: 'dark', controls: 'relative', padding: '10', shadow: { color: '#000000', opacity: 0.08, blur: 3 }\" data-lightview-title=\"Capa do livro Bonhoeffer Pastor, m\u00e1rtir, profeta, espi\u00e3o\"><img loading=\"lazy\" decoding=\"async\" class=\"alignleft size-thumbnail wp-image-781\" title=\"Capa do livro Bonhoeffer Pastor, m\u00e1rtir, profeta, espi\u00e3o\" src=\"http:\/\/ultimato.com.br\/sites\/maosdadas\/files\/2012\/11\/livro-150x150.jpg\" alt=\"\" width=\"150\" height=\"150\" srcset=\"https:\/\/ultimato.com.br\/sites\/maosdadas\/files\/2012\/11\/livro-150x150.jpg 150w, https:\/\/ultimato.com.br\/sites\/maosdadas\/files\/2012\/11\/livro-64x64.jpg 64w\" sizes=\"auto, (max-width: 150px) 100vw, 150px\" \/><\/a>Um dos maiores her\u00f3is crist\u00e3os da Alemanha nazista, te\u00f3logo, pastor e martir da f\u00e9, Dietrich Bonhoeffer, escreveu esta carta para seu futuro cunhado, Walter Dress, durante o ano em que morou na Espanha trabalhando com minist\u00e9rio infantil, em 1928.<!--more--><\/p>\n<blockquote><p>Hoje encontrei um caso bem original em meu aconselhamento pastoral, o qual eu gostaria de recontar a voc\u00ea brevemente e que, apesar de sua simplicidade, realmente me fez pensar. \u00c0s onze da manh\u00e3, ouvi uma batida na porta e um menino de dez anos entrou na minha sala com algo que eu tinha pedido de seus pais. Notei que havia algo errado com ele, que, em estado normal, era a alegria personificada. E logo descobri o motivo: o garoto come\u00e7ou a chorar, fora de si, e eu s\u00f3 pude ouvir as palavras: \u201cHerr Wolf ist tod\u201d [Senhor Lobo morreu], e chorava sem parar.<\/p>\n<p>\u201cMas quem \u00e9 o senhor lobo?\u201d. Como se v\u00ea, era um cachorro, um jovem pastor alem\u00e3o, doente havia oito dias, e que morrera menos de meia hora atr\u00e1s. O menino, inconsolado, sentou-se no meu joelho e mal conseguia se recompor. Disse-me como o c\u00e3o morrera e que tudo estava acabado agora. Ele s\u00f3 se divertia com o cachorro; toda manh\u00e3, o cachorro subia em sua cama e o acordava \u2013 e agora o c\u00e3o tinha morrido.<\/p>\n<p>O que eu poderia dizer? Ele falou sobre o c\u00e3o durante um bom tempo. De repente, interrompeu o choro e disse: \u201cMas eu sei que ele n\u00e3o est\u00e1 morto de verdade\u201d. \u201cO que voc\u00ea quer dizer?\u201d \u201cO esp\u00edrito dele est\u00e1 no c\u00e9u agora, onde h\u00e1 felicidade. Uma vez, na aula, um garoto perguntou \u00e0 professora de religi\u00e3o se ela sabia como era o c\u00e9u, e a professora respondeu que ela ainda n\u00e3o tinha estado l\u00e1 para saber; mas, me diga, eu vou ver o Senhor Lobo mais uma vez? Tenho certeza de que ele foi para o c\u00e9u\u201d.<\/p>\n<p>Portanto, l\u00e1 estava eu, pensando se deveria responder sim ou n\u00e3o. Se dissesse \u201cn\u00e3o sabemos\u201d, serio o mesmo que dizer \u201cn\u00e3o\u201d [&#8230;]. Ent\u00e3o, decidi-me o mais r\u00e1pido poss\u00edvel e disse para ele: \u201cVeja, Deus criou seres humanos e animais, e tenho certeza que ele ama os animais. E eu acredito que, para Deus, todos os que amarem uns aos outros na terra \u2013 amarem de verdade \u2013 estar\u00e3o junto dele, pois o amor \u00e9 parte de Deus. Agora, como isso acontece, temos de admitir que n\u00e3o sabemos\u201d.<\/p>\n<p>Voc\u00ea deveria ver a express\u00e3o de felicidade no rosto do menino; ele parou de chorar na hora. \u201cEnt\u00e3o eu verei o Senhor Lobo de novo quando eu morrer; e a\u00ed vamos poder brincar juntos novamente\u201d \u2013 numa palavra, ele ficou extasiado. Repeti para ele diversas vezes que n\u00e3o sabemos realmente como isso acontece. Ele, todavia, <em>sabia, <\/em>e sabia de forma definitiva em sua mente.<\/p>\n<p>Depois de poucos minutos, ele disse: \u201cHoje eu realmente fiquei com raiva de Ad\u00e3o e Eva; se eles n\u00e3o tivessem comido a ma\u00e7\u00e3, o Senhor Lobo n\u00e3o teria morrido\u201d. A hist\u00f3ria toda era t\u00e3o importante para o garoto quanto para n\u00f3s quando algo muito ruim acontece. Mas estou quase surpreso e, digamos, emocionado pela ingenuidade da devo\u00e7\u00e3o despertada em tal momento num menino que, instantes atr\u00e1s, n\u00e3o conseguia pensar em nada. E l\u00e1 permaneci \u2013 eu, que supostamente deveria \u201csaber a resposta\u201d \u2013 sentindo-me muito pequeno em rela\u00e7\u00e3o a ele; e n\u00e3o consigo esquecer a express\u00e3o de confian\u00e7a em seu rosto quando ele foi embora.<\/p><\/blockquote>\n<p>Trecho retirado do <span style=\"text-decoration: underline; color: #0000ff;\"><a href=\"http:\/\/www.amazon.com\/s\/ref=nb_sb_noss?url=search-alias%3Ddigital-text&amp;field-keywords=Bonhoeffer+Pastor%2C+m%E1rtir%2C+profeta%2C+espi%E3o+Eric+metaxas+\" target=\"_blank\"><span style=\"color: #0000ff;\">livro BONHOEFFER PASTOR, M\u00c1RTIN, PROFETA, E<\/span><\/a>SP\u00cdA<\/span>, escrito por \u00a0<span style=\"text-decoration: underline; color: #0000ff;\"><span style=\"text-decoration: underline;\"><a href=\"http:\/\/www.ericmetaxas.com\/\" target=\"_blank\"><span style=\"text-decoration: underline; color: #0000ff;\">ERIC M<\/span><\/a>ETAXAS<\/span><\/span>.<\/p>\n","protected":false},"excerpt":{"rendered":"<p>Um dos maiores her\u00f3is crist\u00e3os da Alemanha nazista, te\u00f3logo, pastor e martir da f\u00e9, Dietrich Bonhoeffer, escreveu esta carta para seu futuro cunhado, Walter Dress, durante o ano em que morou na Espanha trabalhando com minist\u00e9rio infantil, em 1928.<\/p>\n","protected":false},"author":33,"featured_media":781,"comment_status":"open","ping_status":"open","sticky":false,"template":"","format":"standard","meta":{"ngg_post_thumbnail":0,"footnotes":""},"categories":[15786],"tags":[15883,5846,15882],"class_list":["post-779","post","type-post","status-publish","format-standard","has-post-thumbnail","hentry","category-em-pauta","tag-alemanha-nazista","tag-pastor","tag-teologo"],"_links":{"self":[{"href":"https:\/\/ultimato.com.br\/sites\/maosdadas\/wp-json\/wp\/v2\/posts\/779","targetHints":{"allow":["GET"]}}],"collection":[{"href":"https:\/\/ultimato.com.br\/sites\/maosdadas\/wp-json\/wp\/v2\/posts"}],"about":[{"href":"https:\/\/ultimato.com.br\/sites\/maosdadas\/wp-json\/wp\/v2\/types\/post"}],"author":[{"embeddable":true,"href":"https:\/\/ultimato.com.br\/sites\/maosdadas\/wp-json\/wp\/v2\/users\/33"}],"replies":[{"embeddable":true,"href":"https:\/\/ultimato.com.br\/sites\/maosdadas\/wp-json\/wp\/v2\/comments?post=779"}],"version-history":[{"count":14,"href":"https:\/\/ultimato.com.br\/sites\/maosdadas\/wp-json\/wp\/v2\/posts\/779\/revisions"}],"predecessor-version":[{"id":6558,"href":"https:\/\/ultimato.com.br\/sites\/maosdadas\/wp-json\/wp\/v2\/posts\/779\/revisions\/6558"}],"wp:featuredmedia":[{"embeddable":true,"href":"https:\/\/ultimato.com.br\/sites\/maosdadas\/wp-json\/wp\/v2\/media\/781"}],"wp:attachment":[{"href":"https:\/\/ultimato.com.br\/sites\/maosdadas\/wp-json\/wp\/v2\/media?parent=779"}],"wp:term":[{"taxonomy":"category","embeddable":true,"href":"https:\/\/ultimato.com.br\/sites\/maosdadas\/wp-json\/wp\/v2\/categories?post=779"},{"taxonomy":"post_tag","embeddable":true,"href":"https:\/\/ultimato.com.br\/sites\/maosdadas\/wp-json\/wp\/v2\/tags?post=779"}],"curies":[{"name":"wp","href":"https:\/\/api.w.org\/{rel}","templated":true}]}}