{"id":7571,"date":"2018-11-12T15:26:28","date_gmt":"2018-11-12T18:26:28","guid":{"rendered":"http:\/\/ultimato.com.br\/sites\/maosdadas\/?p=7571"},"modified":"2019-02-22T16:20:10","modified_gmt":"2019-02-22T19:20:10","slug":"as-meninas-e-os-objetivos-de-desenvolvimento-sustentavel","status":"publish","type":"post","link":"https:\/\/ultimato.com.br\/sites\/maosdadas\/2018\/11\/12\/as-meninas-e-os-objetivos-de-desenvolvimento-sustentavel\/","title":{"rendered":"As Meninas e os Objetivos de Desenvolvimento Sustent\u00e1vel"},"content":{"rendered":"<p>&nbsp;<\/p>\n<p><img loading=\"lazy\" decoding=\"async\" class=\"size-medium wp-image-7574 alignright\" src=\"http:\/\/ultimato.com.br\/sites\/maosdadas\/files\/relatorio-1-232x300.jpg\" alt=\"\" width=\"232\" height=\"300\" srcset=\"https:\/\/ultimato.com.br\/sites\/maosdadas\/files\/relatorio-1-232x300.jpg 232w, https:\/\/ultimato.com.br\/sites\/maosdadas\/files\/relatorio-1.jpg 273w\" sizes=\"auto, (max-width: 232px) 100vw, 232px\" \/><\/p>\n<p>Confira o relat\u00f3rio,<em> Meninas e os Objetivos de Desenvolvimento Sustent\u00e1vel &#8211; Uma an\u00e1lise da situa\u00e7\u00e3o das Meninas do Brasil.<\/em> Nele, &#8220;queremos ampliar o olhar sobre as quest\u00f5es que afetam a inf\u00e2ncia no Brasil com recorte de g\u00eanero que possa ajudar as organiza\u00e7\u00f5es, governos e sociedades em geral a perceber que a supera\u00e7\u00e3o das desigualdades n\u00e3o ser\u00e1 plena se n\u00e3o enfrentar as quest\u00f5es que afetam as meninas.<\/p>\n<p>Como organiza\u00e7\u00e3o, seguiremos lutando por um mundo mais justo que promova os direitos das crian\u00e7as e igualdades para as meninas.&#8221;\u00a0 Por Anette Trompeter &#8211; Diretora Executiva Plan International Brasil<\/p>\n<p>&nbsp;<\/p>\n<p>Veja na \u00edntegra e baixe o PDF diretamente do site da Plan International<span style=\"color: #339966;\">\u00a0<a href=\"https:\/\/plan.org.br\/wp-content\/uploads\/2019\/02\/meninasods-.pdf\">aqui!<\/a><\/span><\/p>\n<p>&nbsp;<\/p>\n","protected":false},"excerpt":{"rendered":"<p>&nbsp; Confira o relat\u00f3rio, Meninas e os Objetivos de Desenvolvimento Sustent\u00e1vel &#8211; Uma an\u00e1lise da situa\u00e7\u00e3o das Meninas do Brasil. Nele, &#8220;queremos ampliar o olhar sobre as quest\u00f5es que afetam a inf\u00e2ncia no Brasil com recorte de g\u00eanero que possa ajudar as organiza\u00e7\u00f5es, governos e sociedades em geral a perceber que a supera\u00e7\u00e3o das desigualdades [&hellip;]<\/p>\n","protected":false},"author":33,"featured_media":0,"comment_status":"open","ping_status":"open","sticky":false,"template":"","format":"standard","meta":{"ngg_post_thumbnail":0,"footnotes":""},"categories":[15,5456,36607,14,9],"tags":[61,36608,36609,36610],"class_list":["post-7571","post","type-post","status-publish","format-standard","hentry","category-criancas","category-direitos","category-odds","category-recursos","category-sem-categoria","tag-crianca","tag-direito-das-meninas","tag-meninas","tag-plan-international"],"_links":{"self":[{"href":"https:\/\/ultimato.com.br\/sites\/maosdadas\/wp-json\/wp\/v2\/posts\/7571","targetHints":{"allow":["GET"]}}],"collection":[{"href":"https:\/\/ultimato.com.br\/sites\/maosdadas\/wp-json\/wp\/v2\/posts"}],"about":[{"href":"https:\/\/ultimato.com.br\/sites\/maosdadas\/wp-json\/wp\/v2\/types\/post"}],"author":[{"embeddable":true,"href":"https:\/\/ultimato.com.br\/sites\/maosdadas\/wp-json\/wp\/v2\/users\/33"}],"replies":[{"embeddable":true,"href":"https:\/\/ultimato.com.br\/sites\/maosdadas\/wp-json\/wp\/v2\/comments?post=7571"}],"version-history":[{"count":6,"href":"https:\/\/ultimato.com.br\/sites\/maosdadas\/wp-json\/wp\/v2\/posts\/7571\/revisions"}],"predecessor-version":[{"id":7713,"href":"https:\/\/ultimato.com.br\/sites\/maosdadas\/wp-json\/wp\/v2\/posts\/7571\/revisions\/7713"}],"wp:attachment":[{"href":"https:\/\/ultimato.com.br\/sites\/maosdadas\/wp-json\/wp\/v2\/media?parent=7571"}],"wp:term":[{"taxonomy":"category","embeddable":true,"href":"https:\/\/ultimato.com.br\/sites\/maosdadas\/wp-json\/wp\/v2\/categories?post=7571"},{"taxonomy":"post_tag","embeddable":true,"href":"https:\/\/ultimato.com.br\/sites\/maosdadas\/wp-json\/wp\/v2\/tags?post=7571"}],"curies":[{"name":"wp","href":"https:\/\/api.w.org\/{rel}","templated":true}]}}