{"id":7220,"date":"2018-03-22T12:24:22","date_gmt":"2018-03-22T15:24:22","guid":{"rendered":"http:\/\/ultimato.com.br\/sites\/maosdadas\/?p=7220"},"modified":"2018-03-22T14:11:22","modified_gmt":"2018-03-22T17:11:22","slug":"debaixo-da-nuvem-tempo-para-ponderar-e-acertar-linhas-tortas","status":"publish","type":"post","link":"https:\/\/ultimato.com.br\/sites\/maosdadas\/2018\/03\/22\/debaixo-da-nuvem-tempo-para-ponderar-e-acertar-linhas-tortas\/","title":{"rendered":"Debaixo da Nuvem: Tempo para Ponderar e Acertar Linhas Tortas"},"content":{"rendered":"<div id=\"attachment_7229\" style=\"width: 432px\" class=\"wp-caption alignright\"><img loading=\"lazy\" decoding=\"async\" aria-describedby=\"caption-attachment-7229\" class=\"wp-image-7229\" title=\"Imagem: arquivo pessoal de Elsie Gilbert\" src=\"http:\/\/ultimato.com.br\/sites\/maosdadas\/files\/Trilho.jpg\" alt=\"\" width=\"422\" height=\"396\" srcset=\"https:\/\/ultimato.com.br\/sites\/maosdadas\/files\/Trilho.jpg 626w, https:\/\/ultimato.com.br\/sites\/maosdadas\/files\/Trilho-300x282.jpg 300w\" sizes=\"auto, (max-width: 422px) 100vw, 422px\" \/><p id=\"caption-attachment-7229\" class=\"wp-caption-text\">Trecho de ferrovia antigo &#8211; Universidade Federal de Vi\u00e7osa \/ MG<\/p><\/div>\n<p><span style=\"color: #008080;\"><em>Por Elsie Gilbert<\/em><\/span><\/p>\n<p>H\u00e1 vantagens presentes nos momentos de antecipa\u00e7\u00e3o a uma grande tempestade. A nuvem adiante de n\u00f3s, al\u00e9m de gerar ansiedade, produz em n\u00f3s cautela e um esp\u00edrito de prepara\u00e7\u00e3o. Quando est\u00e1 tudo bem, quando o nosso barquinho vai de \u201cvento em popa\u201d, ou nosso trenzinho desce a ladeira, \u00e9 dif\u00edcil parar para ponderar, refletir, e acertar a rota.<\/p>\n<p>Vejam a imagem ao lado. A foto foi tirada hoje pela manh\u00e3 quando me dirigia \u00e0 uma reuni\u00e3o no <a href=\"http:\/\/www.cem.org.br\/novo\/\" target=\"_blank\" rel=\"noopener\">CEM\u00a0(Centro Evang\u00e9lico de Miss\u00f5es)<\/a>, aqui em Vi\u00e7osa. Este trecho de ferrovia est\u00e1 inoperante h\u00e1 muito tempo. Portanto, n\u00e3o me alarmou o fato de um dos trilhos ter adquirido uma curva totalmente inadequada e perigosa. Se a ferrovia ainda funcionasse, este seria com certeza um ponto a ser revisto e corrigido ou o resultado seria um desastre. Creio que assim \u00e9 tamb\u00e9m para n\u00f3s que trabalhamos em favor das crian\u00e7as e adolescentes mais vulner\u00e1veis. \u00c0s vezes a rota precisa ser revista, avaliada e corrigida. N\u00e3o fazer este exerc\u00edcio pode nos levar a desastres que poderiam ter sido evitados.<!--more--><\/p>\n<p>A <a href=\"http:\/\/www.acridas.org\/\" target=\"_blank\" rel=\"noopener\">ACRIDAS<\/a>, uma organiza\u00e7\u00e3o que por 33 anos acolheu crian\u00e7as em casas lares, conta um pouco de como este exerc\u00edcio tem resultado em um novo tempo para a organiza\u00e7\u00e3o, para a igreja local e para as crian\u00e7as do seu entorno. Veja o depoimento da Leolina Cunha, atual superintendente de programas da <a href=\"http:\/\/www.acridas.org\/\" target=\"_blank\" rel=\"noopener\">ACRIDAS<\/a>:<\/p>\n<blockquote><p>\u201cGosto do texto b\u00edblico que afirma: \u2018Pai de \u00d3RF\u00c3OS e juiz de vi\u00favas \u00e9 Deus, no seu lugar santo. Deus faz que o solit\u00e1rio viva em FAM\u00cdLIA; liberta aqueles que est\u00e3o presos em grilh\u00f5es; mas os rebeldes habitam em terra seca.\u2019\u00a0\u00a0Salmos 68:5,6.<\/p><\/blockquote>\n<p>Estamos aqui na <a href=\"http:\/\/www.acridas.org\/\" target=\"_blank\" rel=\"noopener\">ACRIDAS<\/a> vivenciando um grande mover de Deus. Fomos por 33 anos uma institui\u00e7\u00e3o que trabalhou com acolhimento institucional e agora estamos gradativamente migrando para o acolhimento familiar. Em 2017 realizamos uma capacita\u00e7\u00e3o e formamos 5 fam\u00edlias das quais duas se tornaram fam\u00edlias acolhedoras.<\/p>\n<p>Agora em 2018 estamos capacitando 24 fam\u00edlias das quais escolheremos mais 8 para formamos um grupo de dez fam\u00edlias acolhedoras na nossa institui\u00e7\u00e3o.<\/p>\n<p>O melhor de tudo \u00e9 que fomos buscar as fam\u00edlias dentro das igrejas crist\u00e3s evang\u00e9licas e a receptividade foi surpreende. Temos inclusive lista de espera j\u00e1 para a pr\u00f3xima turma que come\u00e7ar\u00e1 o processo de capacita\u00e7\u00e3o em 2019.<\/p>\n<p>Deus ama esses pequeninos v\u00edtimas de viol\u00eancia. Ele tem pressa e deseja usar a igreja para socorrer e amar os mesmos.\u201d<\/p>\n<p>Se voc\u00ea se encontra em um momento de pausa no seu minist\u00e9rio para rever rotas e endireitar linhas curvas, entre em contato conosco. Ser\u00e1 um prazer colocar voc\u00ea em contato com outras pessoas que caminham no mesmo sentido e que podem compartilhar suas experi\u00eancias com voc\u00ea.<\/p>\n<p>&nbsp;<\/p>\n<p><strong>Leia mais:<\/strong><\/p>\n<p>-&gt;\u00a0<a href=\"http:\/\/ultimato.com.br\/sites\/maosdadas\/2018\/03\/14\/debaixo-da-nuvem-escura-que-paira-sobre-nos-deus-esta-presente-e-atuante\/\" rel=\"bookmark\">Debaixo da nuvem escura que paira sobre n\u00f3s, Deus est\u00e1 presente e atuante!<\/a><\/p>\n<p>-&gt;\u00a0<a href=\"http:\/\/ultimato.com.br\/sites\/maosdadas\/2018\/03\/13\/o-que-fazer-enquanto-se-espera-a-nuvem-passar-celebre-as-pequenas-vitorias\/\" rel=\"bookmark\">O que fazer enquanto se espera a nuvem passar: celebre as pequenas vit\u00f3rias<\/a><\/p>\n<p>-&gt;\u00a0<a href=\"http:\/\/ultimato.com.br\/sites\/maosdadas\/2018\/03\/06\/o-que-fazer-enquanto-voce-espera-a-nuvem-passar\/\" rel=\"bookmark\">O que fazer enquanto voc\u00ea espera a nuvem passar\u2026<\/a><\/p>\n<p>-&gt;\u00a0<a href=\"http:\/\/ultimato.com.br\/sites\/maosdadas\/2018\/02\/26\/debaixo-da-nuvem\/\" rel=\"bookmark\">Debaixo da Nuvem<\/a><\/p>\n","protected":false},"excerpt":{"rendered":"<p>Por Elsie Gilbert H\u00e1 vantagens presentes nos momentos de antecipa\u00e7\u00e3o a uma grande tempestade. A nuvem adiante de n\u00f3s, al\u00e9m de gerar ansiedade, produz em n\u00f3s cautela e um esp\u00edrito de prepara\u00e7\u00e3o. Quando est\u00e1 tudo bem, quando o nosso barquinho vai de \u201cvento em popa\u201d, ou nosso trenzinho desce a ladeira, \u00e9 dif\u00edcil parar para [&hellip;]<\/p>\n","protected":false},"author":33,"featured_media":0,"comment_status":"open","ping_status":"open","sticky":false,"template":"","format":"standard","meta":{"ngg_post_thumbnail":0,"footnotes":""},"categories":[15786],"tags":[36534,34257,5175,36533,15,19523,28716,36531,30671,6097],"class_list":["post-7220","post","type-post","status-publish","format-standard","hentry","category-em-pauta","tag-acolhimento-familiar","tag-acridas","tag-adolescentes","tag-casas-lares","tag-criancas","tag-elsie-gilbert","tag-lares","tag-leolina-cunha","tag-orfaos","tag-violencia"],"_links":{"self":[{"href":"https:\/\/ultimato.com.br\/sites\/maosdadas\/wp-json\/wp\/v2\/posts\/7220","targetHints":{"allow":["GET"]}}],"collection":[{"href":"https:\/\/ultimato.com.br\/sites\/maosdadas\/wp-json\/wp\/v2\/posts"}],"about":[{"href":"https:\/\/ultimato.com.br\/sites\/maosdadas\/wp-json\/wp\/v2\/types\/post"}],"author":[{"embeddable":true,"href":"https:\/\/ultimato.com.br\/sites\/maosdadas\/wp-json\/wp\/v2\/users\/33"}],"replies":[{"embeddable":true,"href":"https:\/\/ultimato.com.br\/sites\/maosdadas\/wp-json\/wp\/v2\/comments?post=7220"}],"version-history":[{"count":6,"href":"https:\/\/ultimato.com.br\/sites\/maosdadas\/wp-json\/wp\/v2\/posts\/7220\/revisions"}],"predecessor-version":[{"id":7231,"href":"https:\/\/ultimato.com.br\/sites\/maosdadas\/wp-json\/wp\/v2\/posts\/7220\/revisions\/7231"}],"wp:attachment":[{"href":"https:\/\/ultimato.com.br\/sites\/maosdadas\/wp-json\/wp\/v2\/media?parent=7220"}],"wp:term":[{"taxonomy":"category","embeddable":true,"href":"https:\/\/ultimato.com.br\/sites\/maosdadas\/wp-json\/wp\/v2\/categories?post=7220"},{"taxonomy":"post_tag","embeddable":true,"href":"https:\/\/ultimato.com.br\/sites\/maosdadas\/wp-json\/wp\/v2\/tags?post=7220"}],"curies":[{"name":"wp","href":"https:\/\/api.w.org\/{rel}","templated":true}]}}