{"id":7147,"date":"2018-02-07T15:55:05","date_gmt":"2018-02-07T18:55:05","guid":{"rendered":"http:\/\/ultimato.com.br\/sites\/maosdadas\/?p=7147"},"modified":"2018-02-07T15:55:05","modified_gmt":"2018-02-07T18:55:05","slug":"desde-2007-44-criancas-morreram-vitimas-de-bala-perdida-no-rio-diz-ong","status":"publish","type":"post","link":"https:\/\/ultimato.com.br\/sites\/maosdadas\/2018\/02\/07\/desde-2007-44-criancas-morreram-vitimas-de-bala-perdida-no-rio-diz-ong\/","title":{"rendered":"Desde 2007, 44 crian\u00e7as morreram v\u00edtimas de bala perdida no Rio, diz ONG"},"content":{"rendered":"<div id=\"attachment_7149\" style=\"width: 669px\" class=\"wp-caption aligncenter\"><img loading=\"lazy\" decoding=\"async\" aria-describedby=\"caption-attachment-7149\" class=\"wp-image-7149\" src=\"http:\/\/ultimato.com.br\/sites\/maosdadas\/files\/Picture1.jpg\" alt=\"\" width=\"659\" height=\"358\" srcset=\"https:\/\/ultimato.com.br\/sites\/maosdadas\/files\/Picture1.jpg 758w, https:\/\/ultimato.com.br\/sites\/maosdadas\/files\/Picture1-300x163.jpg 300w, https:\/\/ultimato.com.br\/sites\/maosdadas\/files\/Picture1-732x398.jpg 732w\" sizes=\"auto, (max-width: 659px) 100vw, 659px\" \/><p id=\"caption-attachment-7149\" class=\"wp-caption-text\">Emily morreu ap\u00f3s ser atingida por tiros. M\u00e3e e pai tamb\u00e9m foram atingidos em Anchieta (Foto: Reprodu\u00e7\u00e3o\/ TV Globo)\u00a0 \u00a0 &#8212;-\u00a0 \u00a0 \u00a0 Jeremias foi morto a tiros na Mar\u00e9 (Foto: Reprodu\u00e7\u00e3o\/Redes Sociais)<\/p><\/div>\n<p>Ontem ter\u00e7a-feira (6), duas crian\u00e7as foram v\u00edtimas da viol\u00eancia no estado do Rio de Janeiro. \u00a0Emily de 3 anos e do Jeremias de 13. \u00a0A lista de crian\u00e7as e adolescentes v\u00edtimas de viol\u00eancia cresce a cada dia.<\/p>\n<p>Emily estava no carro dos pais que foi abordado por criminosos, ao sair de uma lanchonete num posto de gasolina em Anchieta, na Zona Norte da cidade, na madrugada de ter\u00e7a-feira. O pai se assustou, acelerou e os criminosos atiraram v\u00e1rias vezes e fugiram sem nada levar. Os pais ficaram feridos e a menina morreu.<\/p>\n<p>Horas depois, um segundo caso foi registrado na cidade, na Favela Nova Holanda, no Complexo da Mar\u00e9, na Zona Norte do Rio. Jeremias, de 13 anos, tinha sa\u00eddo de casa para jogar futebol, e acabou baleado durante um confronto entre traficantes e policiais.<\/p>\n<p>Emily e Jeremias foram mortos no mesmo dia. E entraram para um triste estat\u00edstica feita pela ONG Rio de Paz.<\/p>\n<p>O fundador Ant\u00f4nio Carlos Costa, deu uma entrevista para o Bom Dia Rio e fez um balan\u00e7o da situa\u00e7\u00e3o das crian\u00e7as v\u00edtimas de balas perdidas que desde 2007, 44 crian\u00e7as morreram assim no Rio de Janeiro. Em 2017, dez crian\u00e7as foram mortas violentamente no Rio.<\/p>\n<blockquote><p>\u201cEm geral, as crian\u00e7as que tiveram as suas vidas interrompidas pelo crime, eram pobres, moradoras de favelas e que morreram por for\u00e7a de confronto entre policiais e traficantes, entre os pr\u00f3prios traficantes e assalto.\u201d Ant\u00f4nio ainda ressaltou: \u201cO problema j\u00e1 foi elucidado, eu poderia apresentar 10 estudos que apresentam diagn\u00f3sticos precisos, sobre as causas dessas viol\u00eancias e que tamb\u00e9m revelam que se medidas forem implementadas, \u2018medidas exequ\u00edveis\u2019 salvar\u00e3o vidas. O problema \u00e9 que n\u00e3o h\u00e1 vontade pol\u00edtica. E a sociedade, infelizmente ainda continua lidando com indiferen\u00e7a com essas mortes. Os especialistas em seguran\u00e7a p\u00fablica, n\u00f3s de direitos humanos, estamos falando as mesmas coisas. H\u00e1 muito tempo, eu n\u00e3o ou\u00e7o numa entrevista uma novidade, porque as causas est\u00e3o diante dos nossos olhos. Repito: o diagn\u00f3stico j\u00e1 foi feito, o que precisamos \u00e9 de vontade pol\u00edtica, para que este quadro seja alterado.\u201d<\/p><\/blockquote>\n<p>Veja a entrevista completa na p\u00e1gina do Bom Dia Rio: <a href=\"https:\/\/globoplay.globo.com\/v\/6481916\/\" target=\"_blank\" rel=\"noopener\">AQUI!<\/a><\/p>\n<p>&nbsp;<\/p>\n<p><img loading=\"lazy\" decoding=\"async\" class=\" wp-image-7148 alignleft\" src=\"http:\/\/ultimato.com.br\/sites\/maosdadas\/files\/antonio_carlos.jpg\" alt=\"\" width=\"144\" height=\"216\" srcset=\"https:\/\/ultimato.com.br\/sites\/maosdadas\/files\/antonio_carlos.jpg 270w, https:\/\/ultimato.com.br\/sites\/maosdadas\/files\/antonio_carlos-200x300.jpg 200w\" sizes=\"auto, (max-width: 144px) 100vw, 144px\" \/>Ant\u00f4nio Carlos A.S. Costa. Te\u00f3logo, jornalista e ativista social. Plantador da Igreja Presbiteriana da Barra (Rio de Janeiro) e fundador da ONG Rio de Paz. Autor dos livros &#8220;Convuls\u00e3o Protestante&#8221;, &#8220;As Dimens\u00f5es da Espiritualidade Reformada&#8221; e &#8220;Teologia da Trincheira&#8221;. Nascido no Rio de Janeiro em 1962. Casado com Adriany. Pai de tr\u00eas filhos: Pedro, Matheus e Alyssa.<\/p>\n","protected":false},"excerpt":{"rendered":"<p>Ontem ter\u00e7a-feira (6), duas crian\u00e7as foram v\u00edtimas da viol\u00eancia no estado do Rio de Janeiro. \u00a0Emily de 3 anos e do Jeremias de 13. \u00a0A lista de crian\u00e7as e adolescentes v\u00edtimas de viol\u00eancia cresce a cada dia. Emily estava no carro dos pais que foi abordado por criminosos, ao sair de uma lanchonete num posto [&hellip;]<\/p>\n","protected":false},"author":33,"featured_media":0,"comment_status":"open","ping_status":"open","sticky":false,"template":"","format":"standard","meta":{"ngg_post_thumbnail":0,"footnotes":""},"categories":[15786],"tags":[5175,36500,36501,15,161,36502,5958,6097],"class_list":["post-7147","post","type-post","status-publish","format-standard","hentry","category-em-pauta","tag-adolescentes","tag-antonio-carlos-a-s-costa","tag-balas-perdidas","tag-criancas","tag-morte","tag-ong-rio-de-paz","tag-rio-de-janeiro","tag-violencia"],"_links":{"self":[{"href":"https:\/\/ultimato.com.br\/sites\/maosdadas\/wp-json\/wp\/v2\/posts\/7147","targetHints":{"allow":["GET"]}}],"collection":[{"href":"https:\/\/ultimato.com.br\/sites\/maosdadas\/wp-json\/wp\/v2\/posts"}],"about":[{"href":"https:\/\/ultimato.com.br\/sites\/maosdadas\/wp-json\/wp\/v2\/types\/post"}],"author":[{"embeddable":true,"href":"https:\/\/ultimato.com.br\/sites\/maosdadas\/wp-json\/wp\/v2\/users\/33"}],"replies":[{"embeddable":true,"href":"https:\/\/ultimato.com.br\/sites\/maosdadas\/wp-json\/wp\/v2\/comments?post=7147"}],"version-history":[{"count":7,"href":"https:\/\/ultimato.com.br\/sites\/maosdadas\/wp-json\/wp\/v2\/posts\/7147\/revisions"}],"predecessor-version":[{"id":7156,"href":"https:\/\/ultimato.com.br\/sites\/maosdadas\/wp-json\/wp\/v2\/posts\/7147\/revisions\/7156"}],"wp:attachment":[{"href":"https:\/\/ultimato.com.br\/sites\/maosdadas\/wp-json\/wp\/v2\/media?parent=7147"}],"wp:term":[{"taxonomy":"category","embeddable":true,"href":"https:\/\/ultimato.com.br\/sites\/maosdadas\/wp-json\/wp\/v2\/categories?post=7147"},{"taxonomy":"post_tag","embeddable":true,"href":"https:\/\/ultimato.com.br\/sites\/maosdadas\/wp-json\/wp\/v2\/tags?post=7147"}],"curies":[{"name":"wp","href":"https:\/\/api.w.org\/{rel}","templated":true}]}}