{"id":6709,"date":"2017-03-27T17:02:00","date_gmt":"2017-03-27T20:02:00","guid":{"rendered":"http:\/\/ultimato.com.br\/sites\/maosdadas\/?p=6709"},"modified":"2017-03-28T08:54:20","modified_gmt":"2017-03-28T11:54:20","slug":"descer-ou-seguir-o-que-a-parabola-do-bom-samaritano-nos-ensina","status":"publish","type":"post","link":"https:\/\/ultimato.com.br\/sites\/maosdadas\/2017\/03\/27\/descer-ou-seguir-o-que-a-parabola-do-bom-samaritano-nos-ensina\/","title":{"rendered":"Descer ou seguir: o que a par\u00e1bola do Bom Samaritano nos ensina?"},"content":{"rendered":"<div id=\"attachment_6711\" style=\"width: 347px\" class=\"wp-caption alignright\"><img loading=\"lazy\" decoding=\"async\" aria-describedby=\"caption-attachment-6711\" class=\"wp-image-6711\" title=\"Foto: guiame.com.br\" src=\"http:\/\/ultimato.com.br\/sites\/maosdadas\/files\/2017\/03\/1196317396-fotos.jpg\" width=\"337\" height=\"254\" srcset=\"https:\/\/ultimato.com.br\/sites\/maosdadas\/files\/2017\/03\/1196317396-fotos.jpg 960w, https:\/\/ultimato.com.br\/sites\/maosdadas\/files\/2017\/03\/1196317396-fotos-300x225.jpg 300w, https:\/\/ultimato.com.br\/sites\/maosdadas\/files\/2017\/03\/1196317396-fotos-768x576.jpg 768w, https:\/\/ultimato.com.br\/sites\/maosdadas\/files\/2017\/03\/1196317396-fotos-150x113.jpg 150w\" sizes=\"auto, (max-width: 337px) 100vw, 337px\" \/><p id=\"caption-attachment-6711\" class=\"wp-caption-text\">Foto: guiame \u2013 Edm\u00e9ia Willians no Conselho de Pastores do Estado de S\u00e3o Paulo<\/p><\/div>\n<p>A mission\u00e1ria e conferencista Edm\u00e9ia Willians falou sobre a par\u00e1bola do Bom Samaritano na noite de abertura da Confer\u00eancia Anual do <a href=\"http:\/\/www.cadi.org.br\/site\/\" target=\"_blank\"><strong>CADI<\/strong><\/a> 2017. Este texto se encontra em Lucas 10. 25:37<\/p>\n<p>Ela destacou em sua leitura os dois verbos usados por Jesus para conduzir a narrativa: descer e seguir. Lembrou os conferencistas que \u201cdescer a Jeric\u00f3\u201d \u00e9 uma frase um tanto quanto contradit\u00f3ria j\u00e1 que Jeric\u00f3 era tamb\u00e9m uma cidade edificada em um lugar alto.<\/p>\n<p>Ela ent\u00e3o prop\u00f4s uma outra leitura. Disse que Jeric\u00f3 significava \u201clugares altos apodrecidos\u201d e que possivelmente quando Jesus usa o verbo \u201cdescer\u201d tanto para o sacerdote como para o levita, ele quer associar o verbo &#8220;descer&#8221; a uma correspondente \u201cdecad\u00eancia\u201d espiritual. Ela concluiu: \u201cQuando a lideran\u00e7a espiritual est\u00e1 em decad\u00eancia, as pessoas ficam jogadas pelo caminho. \u201d<\/p>\n<p>Voc\u00ea consegue ver um paralelo entre esta afirma\u00e7\u00e3o e a situa\u00e7\u00e3o atual da igreja evang\u00e9lica brasileira?<\/p>\n<p>O que devemos fazer para \u201cseguir\u201d como fez o Bom Samaritano ao inv\u00e9s de \u201cdescer\u201d como fizeram os l\u00edderes religiosos da par\u00e1bola de Jesus?<\/p>\n","protected":false},"excerpt":{"rendered":"<p>A mission\u00e1ria e conferencista Edm\u00e9ia Willians falou sobre a par\u00e1bola do Bom Samaritano na noite de abertura da Confer\u00eancia Anual do CADI 2017. Este texto se encontra em Lucas 10. 25:37 Ela destacou em sua leitura os dois verbos usados por Jesus para conduzir a narrativa: descer e seguir. Lembrou os conferencistas que \u201cdescer a [&hellip;]<\/p>\n","protected":false},"author":33,"featured_media":0,"comment_status":"open","ping_status":"open","sticky":false,"template":"","format":"standard","meta":{"ngg_post_thumbnail":0,"footnotes":""},"categories":[15786],"tags":[101,28858,28854,28853,28856,28857,28855],"class_list":["post-6709","post","type-post","status-publish","format-standard","hentry","category-em-pauta","tag-cadi","tag-decadencia","tag-descer","tag-edmeia-willians","tag-jerico","tag-sacerdote","tag-seguir"],"_links":{"self":[{"href":"https:\/\/ultimato.com.br\/sites\/maosdadas\/wp-json\/wp\/v2\/posts\/6709","targetHints":{"allow":["GET"]}}],"collection":[{"href":"https:\/\/ultimato.com.br\/sites\/maosdadas\/wp-json\/wp\/v2\/posts"}],"about":[{"href":"https:\/\/ultimato.com.br\/sites\/maosdadas\/wp-json\/wp\/v2\/types\/post"}],"author":[{"embeddable":true,"href":"https:\/\/ultimato.com.br\/sites\/maosdadas\/wp-json\/wp\/v2\/users\/33"}],"replies":[{"embeddable":true,"href":"https:\/\/ultimato.com.br\/sites\/maosdadas\/wp-json\/wp\/v2\/comments?post=6709"}],"version-history":[{"count":4,"href":"https:\/\/ultimato.com.br\/sites\/maosdadas\/wp-json\/wp\/v2\/posts\/6709\/revisions"}],"predecessor-version":[{"id":6715,"href":"https:\/\/ultimato.com.br\/sites\/maosdadas\/wp-json\/wp\/v2\/posts\/6709\/revisions\/6715"}],"wp:attachment":[{"href":"https:\/\/ultimato.com.br\/sites\/maosdadas\/wp-json\/wp\/v2\/media?parent=6709"}],"wp:term":[{"taxonomy":"category","embeddable":true,"href":"https:\/\/ultimato.com.br\/sites\/maosdadas\/wp-json\/wp\/v2\/categories?post=6709"},{"taxonomy":"post_tag","embeddable":true,"href":"https:\/\/ultimato.com.br\/sites\/maosdadas\/wp-json\/wp\/v2\/tags?post=6709"}],"curies":[{"name":"wp","href":"https:\/\/api.w.org\/{rel}","templated":true}]}}