{"id":6642,"date":"2017-02-14T13:08:16","date_gmt":"2017-02-14T16:08:16","guid":{"rendered":"http:\/\/ultimato.com.br\/sites\/maosdadas\/?p=6642"},"modified":"2017-02-14T13:12:36","modified_gmt":"2017-02-14T16:12:36","slug":"em-nome-dos-pais","status":"publish","type":"post","link":"https:\/\/ultimato.com.br\/sites\/maosdadas\/2017\/02\/14\/em-nome-dos-pais\/","title":{"rendered":"Em nome dos pais"},"content":{"rendered":"<div id=\"attachment_6643\" style=\"width: 388px\" class=\"wp-caption alignright\"><img loading=\"lazy\" decoding=\"async\" aria-describedby=\"caption-attachment-6643\" class=\"wp-image-6643\" title=\"Foto: Di\u00e1rio Nordeste\" src=\"http:\/\/ultimato.com.br\/sites\/maosdadas\/files\/2017\/02\/Certid\u00e3o.jpg\" width=\"378\" height=\"310\" srcset=\"https:\/\/ultimato.com.br\/sites\/maosdadas\/files\/2017\/02\/Certid\u00e3o.jpg 800w, https:\/\/ultimato.com.br\/sites\/maosdadas\/files\/2017\/02\/Certid\u00e3o-300x245.jpg 300w, https:\/\/ultimato.com.br\/sites\/maosdadas\/files\/2017\/02\/Certid\u00e3o-768x628.jpg 768w, https:\/\/ultimato.com.br\/sites\/maosdadas\/files\/2017\/02\/Certid\u00e3o-150x123.jpg 150w\" sizes=\"auto, (max-width: 378px) 100vw, 378px\" \/><p id=\"caption-attachment-6643\" class=\"wp-caption-text\">Somente aos 17 anos, Vit\u00f3ria conseguiu obter o seu registro civil de nascimento, no qual consta apenas o nome da m\u00e3e<\/p><\/div>\n<h5>Viver sem o registro de nascimento ou trazer nos documentos apenas o nome da m\u00e3e. Esses problemas ainda s\u00e3o comuns na periferia de Fortaleza, onde programas tentam reduzir os \u00edndices<\/h5>\n<p>&nbsp;<\/p>\n<p>Vit\u00f3ria levou 17 anos para obter o seu\u00a0registro civil de nascimento. Aos olhos do Estado, ela\u00a0n\u00e3o existia. Lidiane foi registrada apenas por sua\u00a0 m\u00e3e e, durante \u00a0anos, sofreu calada por n\u00e3o saber a origem do pai.\u00a0 Mois\u00e9s\u00a0morou em abrigos e nas ruas do Rio de Janeiro e, j\u00e1 adulto, conseguiu emitir \u00a0os documentos. Os nomes de seus pais, entretanto, resumem-se a apenas duas letras (NC), de &#8220;N\u00e3o Conhecido&#8221;.<\/p>\n<p>&nbsp;<\/p>\n<p>Edna contava os dias para conseguir o \u00a0registro dos tr\u00eas filhos ca\u00e7ulas, de 9, 7 e 6 anos, mas ainda faltavam\u00a0provas dos nascimentos. Ricardo, numa demonstra\u00e7\u00e3o de amor, fez o reconhecimento de paternidade tardia dos dois filhos biol\u00f3gicos e do seu enteado, de 14 anos.<\/p>\n<p>A fam\u00edlia de Ricardo foi uma das beneficiadas pelo projeto Pai Presente, coordenado pela Corregedoria Geral da Justi\u00e7a do Cear\u00e1. O \u00f3rg\u00e3o tamb\u00e9m \u00e9 respons\u00e1vel pelo Programa de Erradica\u00e7\u00e3o do Sub-Registro Civil de Nascimento, que tirou Vit\u00f3ria do anonimato e a transformou numa cidad\u00e3 de fato e de &#8220;direitos&#8221;.<\/p>\n<p>&nbsp;<\/p>\n<p>Veja abaixo o relato do Manuel Santana, educador social e membro do Comit\u00ea<\/p>\n<p><code><iframe loading=\"lazy\" src=\"https:\/\/www.youtube.com\/embed\/MGv1_D9-BHU\" width=\"560\" height=\"315\" frameborder=\"0\" allowfullscreen=\"allowfullscreen\"><\/iframe><\/code><\/p>\n<p>Em Fortaleza &#8211; CE, os dados s\u00e3o que <strong>6.509 crian\u00e7as n\u00e3o possuem certid\u00e3o de nascimento<\/strong>, segundo a Secretaria de Direitos Humanos. Infelizmente esse n\u00famero pode ser muito maior, pois na maioria das vezes os pais dessas crian\u00e7as, tamb\u00e9m n\u00e3o possuem o registro. Os casos relatados, s\u00e3o de fam\u00edlias com extrema vulnerabilidade social, que na maioria dos casos n\u00e3o se resolvem pela burocracia dos documentos necess\u00e1rios para haja o reconhecimento de suas origens.<\/p>\n<p>&nbsp;<\/p>\n<p>A hist\u00f3ria sobre a origem das pessoas \u00e9 muito mais relevante do que se imagina. Para quem foi registrado logo ap\u00f3s o nascimento, n\u00e3o consegue mensurar o quanto as &#8220;n\u00e3o informa\u00e7\u00f5es&#8221; podem interferir no cotidiano.<\/p>\n<p>Por esses caminhos, quase sempre tortuosos, seguimos neste DOC mostrando a falta que faz n\u00e3o ter documentos &#8211; ou t\u00ea-los incompletos. Aus\u00eancia ainda mais sentida quando a certid\u00e3o, uma vez conquistada, revela a inexist\u00eancia do nome do pai.<\/p>\n<p>&nbsp;<\/p>\n<hr \/>\n<p>Publicado originalmente no Di\u00e1rio do Nordeste <strong>(<a href=\"http:\/\/diariodonordeste.verdesmares.com.br\/mobile\/cadernos\/doc\/em-nome-dos-pais-1.1703171\" target=\"_blank\">Aqui<\/a>)<\/strong><\/p>\n","protected":false},"excerpt":{"rendered":"<p>Viver sem o registro de nascimento ou trazer nos documentos apenas o nome da m\u00e3e. Esses problemas ainda s\u00e3o comuns na periferia de Fortaleza, onde programas tentam reduzir os \u00edndices &nbsp; Vit\u00f3ria levou 17 anos para obter o seu\u00a0registro civil de nascimento. Aos olhos do Estado, ela\u00a0n\u00e3o existia. Lidiane foi registrada apenas por sua\u00a0 m\u00e3e [&hellip;]<\/p>\n","protected":false},"author":33,"featured_media":0,"comment_status":"open","ping_status":"open","sticky":false,"template":"","format":"standard","meta":{"ngg_post_thumbnail":0,"footnotes":""},"categories":[15786],"tags":[28843,15,27678,5732,4067,5826,45,28844],"class_list":["post-6642","post","type-post","status-publish","format-standard","hentry","category-em-pauta","tag-certidao-de-nascimento","tag-criancas","tag-documentos","tag-mae","tag-pai","tag-pais","tag-visao-mundial","tag-vunerabilidade"],"_links":{"self":[{"href":"https:\/\/ultimato.com.br\/sites\/maosdadas\/wp-json\/wp\/v2\/posts\/6642","targetHints":{"allow":["GET"]}}],"collection":[{"href":"https:\/\/ultimato.com.br\/sites\/maosdadas\/wp-json\/wp\/v2\/posts"}],"about":[{"href":"https:\/\/ultimato.com.br\/sites\/maosdadas\/wp-json\/wp\/v2\/types\/post"}],"author":[{"embeddable":true,"href":"https:\/\/ultimato.com.br\/sites\/maosdadas\/wp-json\/wp\/v2\/users\/33"}],"replies":[{"embeddable":true,"href":"https:\/\/ultimato.com.br\/sites\/maosdadas\/wp-json\/wp\/v2\/comments?post=6642"}],"version-history":[{"count":8,"href":"https:\/\/ultimato.com.br\/sites\/maosdadas\/wp-json\/wp\/v2\/posts\/6642\/revisions"}],"predecessor-version":[{"id":9699,"href":"https:\/\/ultimato.com.br\/sites\/maosdadas\/wp-json\/wp\/v2\/posts\/6642\/revisions\/9699"}],"wp:attachment":[{"href":"https:\/\/ultimato.com.br\/sites\/maosdadas\/wp-json\/wp\/v2\/media?parent=6642"}],"wp:term":[{"taxonomy":"category","embeddable":true,"href":"https:\/\/ultimato.com.br\/sites\/maosdadas\/wp-json\/wp\/v2\/categories?post=6642"},{"taxonomy":"post_tag","embeddable":true,"href":"https:\/\/ultimato.com.br\/sites\/maosdadas\/wp-json\/wp\/v2\/tags?post=6642"}],"curies":[{"name":"wp","href":"https:\/\/api.w.org\/{rel}","templated":true}]}}