{"id":6442,"date":"2016-12-06T14:49:23","date_gmt":"2016-12-06T17:49:23","guid":{"rendered":"http:\/\/ultimato.com.br\/sites\/maosdadas\/?p=6442"},"modified":"2016-12-06T14:49:23","modified_gmt":"2016-12-06T17:49:23","slug":"curso-teologia-da-crianca","status":"publish","type":"post","link":"https:\/\/ultimato.com.br\/sites\/maosdadas\/2016\/12\/06\/curso-teologia-da-crianca\/","title":{"rendered":"Curso Teologia da Crian\u00e7a"},"content":{"rendered":"<p><img loading=\"lazy\" decoding=\"async\" class=\"alignright wp-image-6443\" src=\"http:\/\/ultimato.com.br\/sites\/maosdadas\/files\/2016\/12\/Curso-Teologia-da-Crian\u00e7a.jpg\" alt=\"curso-teologia-da-crianca\" width=\"309\" height=\"233\" srcset=\"https:\/\/ultimato.com.br\/sites\/maosdadas\/files\/2016\/12\/Curso-Teologia-da-Crian\u00e7a.jpg 960w, https:\/\/ultimato.com.br\/sites\/maosdadas\/files\/2016\/12\/Curso-Teologia-da-Crian\u00e7a-300x225.jpg 300w, https:\/\/ultimato.com.br\/sites\/maosdadas\/files\/2016\/12\/Curso-Teologia-da-Crian\u00e7a-768x576.jpg 768w, https:\/\/ultimato.com.br\/sites\/maosdadas\/files\/2016\/12\/Curso-Teologia-da-Crian\u00e7a-150x113.jpg 150w\" sizes=\"auto, (max-width: 309px) 100vw, 309px\" \/><\/p>\n<p>Promovido por Andr\u00e9 Decotelli e Kely Decotelli, o Curso Teologia da Crian\u00e7a tem a proposta de enxergarmos o Reino de Deus como coisa de crian\u00e7a, tal qual pensou Jesus.<\/p>\n<p>Durante o curso ser\u00e1 abordado o percurso desde o lugar da crian\u00e7a no contexto b\u00edblico at\u00e9 a inven\u00e7\u00e3o da inf\u00e2ncia moderna. Tudo isso com atravessamentos filos\u00f3ficos, pedag\u00f3gicos, psicol\u00f3gicos e po\u00e9ticos-liter\u00e1rios.<\/p>\n<p>&nbsp;<\/p>\n<p><strong>Data:<\/strong> 10 de dezembro &#8211; s\u00e1bado (das 09 \u00e0s 18h)<br \/>\n<strong>Investimento:<\/strong> R$ 120,00 para matr\u00edcula<br \/>\n<span class=\"text_exposed_show\"><strong>Facilitadores:<\/strong> <a class=\"profileLink\" href=\"https:\/\/www.facebook.com\/andre.decotelli\" target=\"_blank\" data-hovercard=\"\/ajax\/hovercard\/user.php?id=100001025794612\" data-hovercard-prefer-more-content-show=\"1\">Andr\u00e9 Decotelli<\/a> e <a class=\"profileLink\" href=\"https:\/\/www.facebook.com\/kely.decotelli\" target=\"_blank\" data-hovercard=\"\/ajax\/hovercard\/user.php?id=100003125555886\" data-hovercard-prefer-more-content-show=\"1\">Kely Magalh\u00e3es Decotelli<\/a><\/span><\/p>\n<p><span class=\"text_exposed_show\"><br \/>\n<strong>Local:<\/strong> <a class=\"profileLink\" href=\"https:\/\/www.facebook.com\/compassiorio\/\" target=\"_blank\" data-hovercard=\"\/ajax\/hovercard\/page.php?id=836144443157701\" data-hovercard-prefer-more-content-show=\"1\">Instituto Compassio<\/a><br \/>\nRua Figueiredo de Magalh\u00e3es, 286 sala 712<br \/>\nCopacabana<\/p>\n<p><\/span><\/p>\n<p>Fa\u00e7a j\u00e1 a sua matr\u00edcula pelo e-mail <strong>incompassio@gmail.com<\/strong> ou pelo telefone <strong>(21) 9-9315-5628<\/strong><\/p>\n","protected":false},"excerpt":{"rendered":"<p>Promovido por Andr\u00e9 Decotelli e Kely Decotelli, o Curso Teologia da Crian\u00e7a tem a proposta de enxergarmos o Reino de Deus como coisa de crian\u00e7a, tal qual pensou Jesus. Durante o curso ser\u00e1 abordado o percurso desde o lugar da crian\u00e7a no contexto b\u00edblico at\u00e9 a inven\u00e7\u00e3o da inf\u00e2ncia moderna. Tudo isso com atravessamentos filos\u00f3ficos, [&hellip;]<\/p>\n","protected":false},"author":33,"featured_media":0,"comment_status":"open","ping_status":"open","sticky":false,"template":"","format":"standard","meta":{"ngg_post_thumbnail":0,"footnotes":""},"categories":[15874],"tags":[28828,61,5423,28827,103,28829,15856],"class_list":["post-6442","post","type-post","status-publish","format-standard","hentry","category-anuncios","tag-andre-decotelli","tag-crianca","tag-curso","tag-instituto-compassio","tag-jesus","tag-kely-decotelli","tag-teologia-da-crianca"],"_links":{"self":[{"href":"https:\/\/ultimato.com.br\/sites\/maosdadas\/wp-json\/wp\/v2\/posts\/6442","targetHints":{"allow":["GET"]}}],"collection":[{"href":"https:\/\/ultimato.com.br\/sites\/maosdadas\/wp-json\/wp\/v2\/posts"}],"about":[{"href":"https:\/\/ultimato.com.br\/sites\/maosdadas\/wp-json\/wp\/v2\/types\/post"}],"author":[{"embeddable":true,"href":"https:\/\/ultimato.com.br\/sites\/maosdadas\/wp-json\/wp\/v2\/users\/33"}],"replies":[{"embeddable":true,"href":"https:\/\/ultimato.com.br\/sites\/maosdadas\/wp-json\/wp\/v2\/comments?post=6442"}],"version-history":[{"count":10,"href":"https:\/\/ultimato.com.br\/sites\/maosdadas\/wp-json\/wp\/v2\/posts\/6442\/revisions"}],"predecessor-version":[{"id":6453,"href":"https:\/\/ultimato.com.br\/sites\/maosdadas\/wp-json\/wp\/v2\/posts\/6442\/revisions\/6453"}],"wp:attachment":[{"href":"https:\/\/ultimato.com.br\/sites\/maosdadas\/wp-json\/wp\/v2\/media?parent=6442"}],"wp:term":[{"taxonomy":"category","embeddable":true,"href":"https:\/\/ultimato.com.br\/sites\/maosdadas\/wp-json\/wp\/v2\/categories?post=6442"},{"taxonomy":"post_tag","embeddable":true,"href":"https:\/\/ultimato.com.br\/sites\/maosdadas\/wp-json\/wp\/v2\/tags?post=6442"}],"curies":[{"name":"wp","href":"https:\/\/api.w.org\/{rel}","templated":true}]}}