{"id":6429,"date":"2016-11-30T13:49:26","date_gmt":"2016-11-30T16:49:26","guid":{"rendered":"http:\/\/ultimato.com.br\/sites\/maosdadas\/?p=6429"},"modified":"2016-11-30T13:54:49","modified_gmt":"2016-11-30T16:54:49","slug":"sabemos-o-que-e-o-amor-por-causa-disto","status":"publish","type":"post","link":"https:\/\/ultimato.com.br\/sites\/maosdadas\/2016\/11\/30\/sabemos-o-que-e-o-amor-por-causa-disto\/","title":{"rendered":"2\u00b0 Semana: Sabemos o que \u00e9 o amor por causa disto"},"content":{"rendered":"<p><strong><em>Por Eliad Dias Santos<\/em><\/strong><\/p>\n<blockquote><p>Cristo deu a sua vida por n\u00f3s. Por isso n\u00f3s tamb\u00e9m devemos dar a nossa vida pelos nossos irm\u00e3os. 1 Jo\u00e3o 3:16<\/p><\/blockquote>\n<p><strong><img loading=\"lazy\" decoding=\"async\" class=\"alignright wp-image-6431\" title=\"Foto: DH3RE\" src=\"http:\/\/ultimato.com.br\/sites\/maosdadas\/files\/2016\/11\/Pipa.jpg\" alt=\"pipa\" width=\"297\" height=\"443\" \/>PARA IN\u00cdCIO DE CONVERSA<\/strong><br \/>\nEdson Rog\u00e9rio Silva dos Santos. Ele tinha 29 anos quando foi assassinado com tiros\u00a0por homens encapuzados. Outros jovens como ele foram v\u00edtimas de uma onda de assassinatos ocorridos entre os dias 12 e 16 de maio de 2006 que ficou conhecida como os \u201ccrimes de maio\u201d. O epis\u00f3dio foi uma rea\u00e7\u00e3o de grupos de exterm\u00ednio com a participa\u00e7\u00e3o de agentes do Estado a ataques. A cada 23 minutos, um jovem negro \u00e9 assassinado no Brasil. Todo ano, 23.100 jovens negros de 15 a 29 anos s\u00e3o mortos. A taxa de homic\u00eddios entre jovens negros \u00e9 quase quatro vezes a verificada entre os brancos, o que refor\u00e7a a tese de que est\u00e1 em curso um genoc\u00eddio da popula\u00e7\u00e3o negra. Essa \u00e9 uma das constata\u00e7\u00f5es do <a href=\"http:\/\/www12.senado.leg.br\/noticias\/materias\/2016\/06\/08\/em-relatorio-cpiapresenta-sugestoes-para-acabar-com-genocidio-da-juventude-negra.\" target=\"_blank\">Relat\u00f3rio\u00a0final CPI do Senado sobre o Assassinato de Jovens<\/a>.<\/p>\n<p>&nbsp;<\/p>\n<p><strong>NA REAL<\/strong><br \/>\nAo acabarmos o nosso culto ou aula quantos jovens negros estar\u00e3o mortos? Quantos jovens negros fazem parte da minha comunidade de f\u00e9? No Brasil e especialmente nas igrejas existe uma \u201cdificuldade\u201d em se falar do racismo, da exclus\u00e3o. \u201cSomos todos iguais, somos todos seres humanos, filhos e filhas do mesmo Deus e todo \u201cmundo\u201d sofre algum tipo de preconceito e bla, bla, bla.<\/p>\n<p>Com tais discursos, anula-se a perspectiva de pensar, refletir sobre o racismo e o genoc\u00eddio da popula\u00e7\u00e3o negra. Usar o texto de Paulo G\u00e1latas 3:28: &#8220;<em>Nisto n\u00e3o h\u00e1 judeu nem grego; n\u00e3o h\u00e1 servo nem livre; n\u00e3o h\u00e1 macho nem f\u00eamea; porque todos v\u00f3s sois um em Cristo Jesus. N\u00e3o resolve, porque n\u00e3o somos todos iguais, n\u00e3o neste mundo!&#8221;<\/em><!--more--><\/p>\n<p>As comunidades n\u00e3o t\u00eam coragem em aprofundar a quest\u00e3o racial, por ser \u201calgo espinhoso\u201d, o espinho na carne em admitir que somos sim racistas e exclu\u00edmos. N\u00e3o termos a coragem em admitir a nossa dificuldade em lidar com as diferen\u00e7as, de etnia, de orienta\u00e7\u00e3o sexual, do machismo e misoginia. Acreditamos, que falar do racismo \u00e9 t\u00e3o importante quanto falarmos sobre branquitude. Branquitude refere-se \u00e0 identidade racial branca, a branquitude se constr\u00f3i. A branquitude \u00e9 um lugar de privil\u00e9gios simb\u00f3licos, subjetivos, objetivo, isto \u00e9, materiais palp\u00e1veis que colaboram para constru\u00e7\u00e3o social e reprodu\u00e7\u00e3o do preconceito racial, discrimina\u00e7\u00e3o racial \u201cinjusta\u201d e racismo.<\/p>\n<p>As reprodu\u00e7\u00f5es de imagens das figuras brancas nas escolas dominicais contribu\u00edram na perpetua\u00e7\u00e3o do racismo; do n\u00e3o ver o outro como semelhante. Sabemos que Jesus n\u00e3o era loiro ou moreno de olhos claros, mas insistimos em personificar o divino como \u201calgo mais claro que a neve\u201d, pois assim o nosso cora\u00e7\u00e3o \u201dpreto\u201d se torne alvo, livre dos pecados.<\/p>\n<p>N\u00e3o \u00e9 discurso de vitimiza\u00e7\u00e3o, n\u00e3o \u00e9 quest\u00e3o de meritocracia, mas sim de enfrentamento aos nossos pecados no n\u00e3o enfrentamento a quest\u00e3o. O advento, o momento da chegada, deve ser um momento n\u00e3o s\u00f3 de reflex\u00e3o, mas de \u201ccompromisso com o Cristo do evangelho\u201d. Jo\u00e3o 10.10 diz \u201cEu vim para que todos tenham vida e vida em abund\u00e2ncia\u201d. Que neste momento, cada um e cada uma de n\u00f3s possa se comprometer n\u00e3o apenas a orar pela juventude negra, mas, a dar nossa vida, nosso tempo, nossas a\u00e7\u00f5es para nossas irm\u00e3s e nossos irm\u00e3os negros.<\/p>\n<p>&nbsp;<\/p>\n<hr \/>\n<p class=\"texto_titulo\">Baixe o estudo completo \u201c<strong>Adolescentes \u2013\u00a0<\/strong><em>\u201cSabemos o que \u00e9 o amor por causa disto\u201d<\/em><em>\u00a0<\/em>(<strong><a href=\"https:\/\/dh3re.files.wordpress.com\/2016\/11\/aedh2016-estudo-adolescentes.pdf\" target=\"_blank\">AQUI!<\/a><\/strong>)<\/p>\n<p>Baixe outros materiais da campanha (<strong><a href=\"https:\/\/dh3re.wordpress.com\/campanha2016\/\" target=\"_blank\">AQUI!<\/a><\/strong>)<\/p>\n","protected":false},"excerpt":{"rendered":"<p>Por Eliad Dias Santos Cristo deu a sua vida por n\u00f3s. Por isso n\u00f3s tamb\u00e9m devemos dar a nossa vida pelos nossos irm\u00e3os. 1 Jo\u00e3o 3:16 PARA IN\u00cdCIO DE CONVERSA Edson Rog\u00e9rio Silva dos Santos. Ele tinha 29 anos quando foi assassinado com tiros\u00a0por homens encapuzados. Outros jovens como ele foram v\u00edtimas de uma onda [&hellip;]<\/p>\n","protected":false},"author":33,"featured_media":0,"comment_status":"open","ping_status":"open","sticky":false,"template":"","format":"standard","meta":{"ngg_post_thumbnail":0,"footnotes":""},"categories":[15786],"tags":[],"class_list":["post-6429","post","type-post","status-publish","format-standard","hentry","category-em-pauta"],"_links":{"self":[{"href":"https:\/\/ultimato.com.br\/sites\/maosdadas\/wp-json\/wp\/v2\/posts\/6429","targetHints":{"allow":["GET"]}}],"collection":[{"href":"https:\/\/ultimato.com.br\/sites\/maosdadas\/wp-json\/wp\/v2\/posts"}],"about":[{"href":"https:\/\/ultimato.com.br\/sites\/maosdadas\/wp-json\/wp\/v2\/types\/post"}],"author":[{"embeddable":true,"href":"https:\/\/ultimato.com.br\/sites\/maosdadas\/wp-json\/wp\/v2\/users\/33"}],"replies":[{"embeddable":true,"href":"https:\/\/ultimato.com.br\/sites\/maosdadas\/wp-json\/wp\/v2\/comments?post=6429"}],"version-history":[{"count":10,"href":"https:\/\/ultimato.com.br\/sites\/maosdadas\/wp-json\/wp\/v2\/posts\/6429\/revisions"}],"predecessor-version":[{"id":6440,"href":"https:\/\/ultimato.com.br\/sites\/maosdadas\/wp-json\/wp\/v2\/posts\/6429\/revisions\/6440"}],"wp:attachment":[{"href":"https:\/\/ultimato.com.br\/sites\/maosdadas\/wp-json\/wp\/v2\/media?parent=6429"}],"wp:term":[{"taxonomy":"category","embeddable":true,"href":"https:\/\/ultimato.com.br\/sites\/maosdadas\/wp-json\/wp\/v2\/categories?post=6429"},{"taxonomy":"post_tag","embeddable":true,"href":"https:\/\/ultimato.com.br\/sites\/maosdadas\/wp-json\/wp\/v2\/tags?post=6429"}],"curies":[{"name":"wp","href":"https:\/\/api.w.org\/{rel}","templated":true}]}}