{"id":6352,"date":"2016-10-11T19:50:48","date_gmt":"2016-10-11T22:50:48","guid":{"rendered":"http:\/\/ultimato.com.br\/sites\/maosdadas\/?p=6352"},"modified":"2016-10-11T19:50:48","modified_gmt":"2016-10-11T22:50:48","slug":"no-dia-das-criancas-teste-sua-amizade-para-com-elas","status":"publish","type":"post","link":"https:\/\/ultimato.com.br\/sites\/maosdadas\/2016\/10\/11\/no-dia-das-criancas-teste-sua-amizade-para-com-elas\/","title":{"rendered":"No Dia das Crian\u00e7as, teste sua amizade para com elas"},"content":{"rendered":"<p><img loading=\"lazy\" decoding=\"async\" class=\"alignleft wp-image-6353 size-medium\" title=\"Foto: Reyner Ara\u00fajo \" src=\"http:\/\/ultimato.com.br\/sites\/maosdadas\/files\/2016\/10\/image3659425-300x208.jpg\" alt=\"image3659425\" width=\"300\" height=\"208\" srcset=\"https:\/\/ultimato.com.br\/sites\/maosdadas\/files\/2016\/10\/image3659425-300x208.jpg 300w, https:\/\/ultimato.com.br\/sites\/maosdadas\/files\/2016\/10\/image3659425-150x104.jpg 150w, https:\/\/ultimato.com.br\/sites\/maosdadas\/files\/2016\/10\/image3659425.jpg 637w\" sizes=\"auto, (max-width: 300px) 100vw, 300px\" \/>No dia 12 de outubro comemoramos o Dia das Crian\u00e7as. Nossas igrejas se mobilizam e festejam com as crian\u00e7as promovendo v\u00e1rias atividades e fazendo tudo com muito entusiasmo. N\u00f3s, da Rede M\u00e3os Dadas, queremos oferecer a voc\u00eas um toque reflexivo em meio \u00e0s comemora\u00e7\u00f5es: sua igreja \u00e9 de fato amiga da crian\u00e7a nos outros 364 dias do ano? Responda o teste <span style=\"color: #008000;\"><a style=\"color: #008000;\" href=\"http:\/\/www.redemaosdadas.org\/igreja-amiga-da-crianca\/segunda-campanha-igreja-amiga-da-crianca\/realize-o-teste-aqui\/teste-igreja-amiga-da-crianca\/\" target=\"_blank\">AQUI<\/a><\/span>, e nos ajude a buscar meios de ajudar nossas igrejas a obedecer mais e melhor \u00e0 ordem do nosso Mestre: &#8220;Deixai as crian\u00e7as virem a mim, n\u00e3o as impe\u00e7ais!&#8221;<\/p>\n","protected":false},"excerpt":{"rendered":"<p>No dia 12 de outubro comemoramos o Dia das Crian\u00e7as. Nossas igrejas se mobilizam e festejam com as crian\u00e7as promovendo v\u00e1rias atividades e fazendo tudo com muito entusiasmo. N\u00f3s, da Rede M\u00e3os Dadas, queremos oferecer a voc\u00eas um toque reflexivo em meio \u00e0s comemora\u00e7\u00f5es: sua igreja \u00e9 de fato amiga da crian\u00e7a nos outros 364 [&hellip;]<\/p>\n","protected":false},"author":33,"featured_media":0,"comment_status":"open","ping_status":"open","sticky":false,"template":"","format":"standard","meta":{"ngg_post_thumbnail":0,"footnotes":""},"categories":[15786],"tags":[],"class_list":["post-6352","post","type-post","status-publish","format-standard","hentry","category-em-pauta"],"_links":{"self":[{"href":"https:\/\/ultimato.com.br\/sites\/maosdadas\/wp-json\/wp\/v2\/posts\/6352","targetHints":{"allow":["GET"]}}],"collection":[{"href":"https:\/\/ultimato.com.br\/sites\/maosdadas\/wp-json\/wp\/v2\/posts"}],"about":[{"href":"https:\/\/ultimato.com.br\/sites\/maosdadas\/wp-json\/wp\/v2\/types\/post"}],"author":[{"embeddable":true,"href":"https:\/\/ultimato.com.br\/sites\/maosdadas\/wp-json\/wp\/v2\/users\/33"}],"replies":[{"embeddable":true,"href":"https:\/\/ultimato.com.br\/sites\/maosdadas\/wp-json\/wp\/v2\/comments?post=6352"}],"version-history":[{"count":2,"href":"https:\/\/ultimato.com.br\/sites\/maosdadas\/wp-json\/wp\/v2\/posts\/6352\/revisions"}],"predecessor-version":[{"id":6355,"href":"https:\/\/ultimato.com.br\/sites\/maosdadas\/wp-json\/wp\/v2\/posts\/6352\/revisions\/6355"}],"wp:attachment":[{"href":"https:\/\/ultimato.com.br\/sites\/maosdadas\/wp-json\/wp\/v2\/media?parent=6352"}],"wp:term":[{"taxonomy":"category","embeddable":true,"href":"https:\/\/ultimato.com.br\/sites\/maosdadas\/wp-json\/wp\/v2\/categories?post=6352"},{"taxonomy":"post_tag","embeddable":true,"href":"https:\/\/ultimato.com.br\/sites\/maosdadas\/wp-json\/wp\/v2\/tags?post=6352"}],"curies":[{"name":"wp","href":"https:\/\/api.w.org\/{rel}","templated":true}]}}