{"id":6335,"date":"2016-10-03T09:15:56","date_gmt":"2016-10-03T12:15:56","guid":{"rendered":"http:\/\/ultimato.com.br\/sites\/maosdadas\/?p=6335"},"modified":"2016-10-03T09:15:56","modified_gmt":"2016-10-03T12:15:56","slug":"plantao-de-oracao-rebusca-turmas-voz-ativa-e-gentileza","status":"publish","type":"post","link":"https:\/\/ultimato.com.br\/sites\/maosdadas\/2016\/10\/03\/plantao-de-oracao-rebusca-turmas-voz-ativa-e-gentileza\/","title":{"rendered":"Plant\u00e3o de Ora\u00e7\u00e3o \u2013 Rebusca (Turmas Voz Ativa e Gentileza)"},"content":{"rendered":"<p>Ore conosco no <strong><a href=\"https:\/\/www.youtube.com\/channel\/UCsVrrzpAcEBZzbtICCl62Gg\" target=\"_blank\">Plant\u00e3o de Ora\u00e7\u00e3o<\/a><\/strong> da Rede M\u00e3os Dadas!<\/p>\n<p>Trata-se de um canal no youtube\u00a0onde voc\u00ea pode registrar a sua ora\u00e7\u00e3o por pedidos espec\u00edficos de crian\u00e7as. Estes pedidos foram enviados para n\u00f3s durante o <a href=\"http:\/\/www.redemaosdadas.org\/mutirao-mundial-de-oracao\/mutirao-mundial-de-oracao-2016\/\" target=\"_blank\">21\u00b0 Mutir\u00e3o Mundial de Ora\u00e7\u00e3o<\/a>. Queremos honrar a cada crian\u00e7a e cada projeto social que se disp\u00f4s a participar enviando suas contribui\u00e7\u00f5es. Dedicaremos todas as sextas-feiras \u00e0 intercess\u00e3o.<\/p>\n<p>Interceda pelos motivos de ora\u00e7\u00e3o das crian\u00e7as da Rebusca. Entre l\u00e1, e escreva sua ora\u00e7\u00e3o!<\/p>\n<p>Participe!\u00a0N\u00e3o pare de orar!<\/p>\n<p>Ore pelas crian\u00e7as do <a href=\"http:\/\/rebusca.org.br\/website\/\" target=\"_blank\">Rebusca<\/a>!<\/p>\n<p><code><iframe loading=\"lazy\" src=\"https:\/\/www.youtube.com\/embed\/UCeGggTl0Vk\" width=\"560\" height=\"315\" frameborder=\"0\" allowfullscreen=\"allowfullscreen\"><\/iframe><\/code><\/p>\n","protected":false},"excerpt":{"rendered":"<p>Ore conosco no Plant\u00e3o de Ora\u00e7\u00e3o da Rede M\u00e3os Dadas! Trata-se de um canal no youtube\u00a0onde voc\u00ea pode registrar a sua ora\u00e7\u00e3o por pedidos espec\u00edficos de crian\u00e7as. Estes pedidos foram enviados para n\u00f3s durante o 21\u00b0 Mutir\u00e3o Mundial de Ora\u00e7\u00e3o. Queremos honrar a cada crian\u00e7a e cada projeto social que se disp\u00f4s a participar enviando [&hellip;]<\/p>\n","protected":false},"author":33,"featured_media":0,"comment_status":"open","ping_status":"open","sticky":false,"template":"","format":"standard","meta":{"ngg_post_thumbnail":0,"footnotes":""},"categories":[15786],"tags":[],"class_list":["post-6335","post","type-post","status-publish","format-standard","hentry","category-em-pauta"],"_links":{"self":[{"href":"https:\/\/ultimato.com.br\/sites\/maosdadas\/wp-json\/wp\/v2\/posts\/6335","targetHints":{"allow":["GET"]}}],"collection":[{"href":"https:\/\/ultimato.com.br\/sites\/maosdadas\/wp-json\/wp\/v2\/posts"}],"about":[{"href":"https:\/\/ultimato.com.br\/sites\/maosdadas\/wp-json\/wp\/v2\/types\/post"}],"author":[{"embeddable":true,"href":"https:\/\/ultimato.com.br\/sites\/maosdadas\/wp-json\/wp\/v2\/users\/33"}],"replies":[{"embeddable":true,"href":"https:\/\/ultimato.com.br\/sites\/maosdadas\/wp-json\/wp\/v2\/comments?post=6335"}],"version-history":[{"count":1,"href":"https:\/\/ultimato.com.br\/sites\/maosdadas\/wp-json\/wp\/v2\/posts\/6335\/revisions"}],"predecessor-version":[{"id":6337,"href":"https:\/\/ultimato.com.br\/sites\/maosdadas\/wp-json\/wp\/v2\/posts\/6335\/revisions\/6337"}],"wp:attachment":[{"href":"https:\/\/ultimato.com.br\/sites\/maosdadas\/wp-json\/wp\/v2\/media?parent=6335"}],"wp:term":[{"taxonomy":"category","embeddable":true,"href":"https:\/\/ultimato.com.br\/sites\/maosdadas\/wp-json\/wp\/v2\/categories?post=6335"},{"taxonomy":"post_tag","embeddable":true,"href":"https:\/\/ultimato.com.br\/sites\/maosdadas\/wp-json\/wp\/v2\/tags?post=6335"}],"curies":[{"name":"wp","href":"https:\/\/api.w.org\/{rel}","templated":true}]}}