{"id":6297,"date":"2016-09-19T07:00:37","date_gmt":"2016-09-19T10:00:37","guid":{"rendered":"http:\/\/ultimato.com.br\/sites\/maosdadas\/?p=6297"},"modified":"2016-09-16T15:02:55","modified_gmt":"2016-09-16T18:02:55","slug":"6297","status":"publish","type":"post","link":"https:\/\/ultimato.com.br\/sites\/maosdadas\/2016\/09\/19\/6297\/","title":{"rendered":"Educador social"},"content":{"rendered":"<p class=\"title-audio\">Ser invis\u00edvel s\u00f3 \u00e9 legal quando se tem poderes especiais, como o de passar por uma porta fechada, levantar grande quantidade de peso ou voar! Os educadores sociais sofrem com a falta de reconhecimento e apoio pelo trabalho importante que realizam. S\u00e3o os her\u00f3is an\u00f4nimos do reino&#8230; e se voc\u00ea busca o olhar especial poss\u00edvel aos que creem num Rei e num reino, busque tamb\u00e9m enxerg\u00e1-los, parabeniz\u00e1-los e apoi\u00e1-los ao menos no dia hoje!<\/p>\n<div class=\"yj6qo ajU\">\n<div id=\":2ux\" class=\"ajR\" tabindex=\"0\" data-tooltip=\"Mostrar conte\u00fado cortado\"><img decoding=\"async\" class=\"ajT\" src=\"https:\/\/ssl.gstatic.com\/ui\/v1\/icons\/mail\/images\/cleardot.gif\" \/>Veja abaixo os recursos que a Rede M\u00e3os Dadas postou por ocasi\u00e3o do <strong><a href=\"http:\/\/www.redemaosdadas.org\/meu-educador-social-cristao\/segunda-campanha-meu-educador-social-cristao-2016\/\" target=\"_blank\">Dia Nacional do Educador Social 2016<\/a><\/strong>.<\/div>\n<div class=\"ajR\" tabindex=\"0\" data-tooltip=\"Mostrar conte\u00fado cortado\"><\/div>\n<\/div>\n<p class=\"title-audio\"><em><img loading=\"lazy\" decoding=\"async\" class=\"alignleft wp-image-6258\" src=\"http:\/\/ultimato.com.br\/sites\/maosdadas\/files\/2016\/09\/2016.08.15_Invisibilidade_Campanha_Educadora_X-T1-72.jpg\" alt=\"2016.08.15_Invisibilidade_Campanha_Educadora_X-T1-72\" width=\"123\" height=\"84\" \/>Por Elsie Gilbert<\/em><\/p>\n<p class=\"title-audio\"><strong>Invisibilidade contagiosa<\/strong><\/p>\n<p>Ele tem prazer em orientar, proteger, guiar e valorizar os esfor\u00e7os dos que v\u00eaem e se colocam ao lado dos \u201cpequeninos\u201d de Jesus. \u00a0<a href=\"http:\/\/www.redemaosdadas.org\/meu-educador-social-cristao\/segunda-campanha-meu-educador-social-cristao-2016\/recursos\/dados\/\" target=\"_blank\">Leia mais aqui!<\/a><\/p>\n<hr \/>\n<p class=\"texto_titulo\"><strong><img loading=\"lazy\" decoding=\"async\" class=\"alignleft wp-image-6288\" src=\"http:\/\/ultimato.com.br\/sites\/maosdadas\/files\/2016\/09\/10333700_1056604077714545_6599615491130154585_o.jpg\" alt=\"10333700_1056604077714545_6599615491130154585_o\" width=\"127\" height=\"87\" \/><\/strong><\/p>\n<p class=\"texto_titulo\"><em>Por Thiago Costa e Dan Bianchin<\/em><\/p>\n<p class=\"texto_titulo\"><strong>Educador Social<em>: irrigando desertos<\/em><\/strong><\/p>\n<p class=\"texto_titulo\">Dificilmente algu\u00e9m toparia encarar diariamente contextos vulner\u00e1veis e violentos, a n\u00e3o ser por uma grande cilada do ego ou por um grande senso de voca\u00e7\u00e3o.\u00a0<a href=\"http:\/\/www.redemaosdadas.org\/meu-educador-social-cristao\/segunda-campanha-meu-educador-social-cristao-2016\/recursos\/depoimento\/\" target=\"_blank\">Leia mais aqui!<\/a><\/p>\n<hr \/>\n<p class=\"texto_titulo\"><strong><img loading=\"lazy\" decoding=\"async\" class=\"alignleft wp-image-6279\" src=\"http:\/\/ultimato.com.br\/sites\/maosdadas\/files\/2016\/09\/Estudo_James_Gilbert.jpg\" alt=\"estudo_james_gilbert\" width=\"126\" height=\"82\" \/><\/strong><\/p>\n<p class=\"texto_titulo\"><em>Por James Gilbert<\/em><\/p>\n<p class=\"texto_titulo\"><strong>As parteiras do Egito: <em>uma hist\u00f3ria contada do ponto de vista de Deus<\/em><\/strong><\/p>\n<p class=\"texto_titulo\">A desobedi\u00eancia e engano praticados pelas parteiras s\u00e3o o menor dos males, pois elas arriscam suas vidas para salvar a vida das crian\u00e7as. <a href=\"http:\/\/www.redemaosdadas.org\/meu-educador-social-cristao\/segunda-campanha-meu-educador-social-cristao-2016\/recursos\/estudo-biblico-para-adultos\/\" target=\"_blank\">Leia mais aqui!<\/a><\/p>\n<hr \/>\n<p><strong><img loading=\"lazy\" decoding=\"async\" class=\"alignleft wp-image-6302\" src=\"http:\/\/ultimato.com.br\/sites\/maosdadas\/files\/2016\/09\/DNES_vid_cov2.jpg\" alt=\"dnes_vid_cov2\" width=\"124\" height=\"72\" \/>Dicas para celebrar o dia Nacional do Educador Social<\/strong><\/p>\n<p>Veja sugest\u00f5es de atividades para serem feita com as crian\u00e7as, com o intuito de que elas tenham mais consci\u00eancia do papel dos educadores em suas vidas.\u00a0<a href=\"http:\/\/www.redemaosdadas.org\/meu-educador-social-cristao\/segunda-campanha-meu-educador-social-cristao-2016\/recursos\/parabenize\/\" target=\"_blank\">Leia mais aqui!<\/a><\/p>\n<hr \/>\n<p><strong><img loading=\"lazy\" decoding=\"async\" class=\"alignleft wp-image-6265\" src=\"http:\/\/ultimato.com.br\/sites\/maosdadas\/files\/2016\/09\/2016.07.19_UPA_Ilha_Grande_X-T1-138.jpg\" alt=\"2016.07.19_UPA_Ilha_Grande_X-T1-138\" width=\"122\" height=\"74\" \/><\/strong><\/p>\n<p><em>Por Elsie Gilbert<\/em><\/p>\n<p><strong>Din\u00e2mica para crian\u00e7as<\/strong><\/p>\n<p>Conhe\u00e7a a hist\u00f3ria de esperan\u00e7a da pequena Maria Gabriela de 4 anos, e veja as atividades especiais que a Rede M\u00e3os Dadas preparou para voc\u00ea desenvolver em seu projeto!\u00a0<a href=\"http:\/\/www.redemaosdadas.org\/meu-educador-social-cristao\/segunda-campanha-meu-educador-social-cristao-2016\/recursos\/dinamica-para-criancas\/\" target=\"_blank\">Leia mais aqui!<\/a><\/p>\n<hr \/>\n<p class=\"texto_titulo\"><strong><img loading=\"lazy\" decoding=\"async\" class=\"alignleft wp-image-6303\" src=\"http:\/\/ultimato.com.br\/sites\/maosdadas\/files\/2016\/09\/Recursos.jpg\" alt=\"recursos\" width=\"114\" height=\"134\" srcset=\"https:\/\/ultimato.com.br\/sites\/maosdadas\/files\/2016\/09\/Recursos.jpg 261w, https:\/\/ultimato.com.br\/sites\/maosdadas\/files\/2016\/09\/Recursos-253x300.jpg 253w, https:\/\/ultimato.com.br\/sites\/maosdadas\/files\/2016\/09\/Recursos-127x150.jpg 127w\" sizes=\"auto, (max-width: 114px) 100vw, 114px\" \/>Material Complementar<\/strong><\/p>\n<p class=\"texto_titulo\">A Rede M\u00e3os Dadas reuniu alguns recursos complementares para quem trabalham diretamente com os educadores sociais. Veja os materiais dispon\u00edveis. <a href=\"http:\/\/www.redemaosdadas.org\/meu-educador-social-cristao\/segunda-campanha-meu-educador-social-cristao-2016\/recursos\/material-complementar\/\" target=\"_blank\">Leia mais aqui!<\/a><\/p>\n<p>&nbsp;<\/p>\n","protected":false},"excerpt":{"rendered":"<p>Ser invis\u00edvel s\u00f3 \u00e9 legal quando se tem poderes especiais, como o de passar por uma porta fechada, levantar grande quantidade de peso ou voar! Os educadores sociais sofrem com a falta de reconhecimento e apoio pelo trabalho importante que realizam. S\u00e3o os her\u00f3is an\u00f4nimos do reino&#8230; e se voc\u00ea busca o olhar especial poss\u00edvel [&hellip;]<\/p>\n","protected":false},"author":33,"featured_media":0,"comment_status":"open","ping_status":"open","sticky":false,"template":"","format":"standard","meta":{"ngg_post_thumbnail":0,"footnotes":""},"categories":[15786],"tags":[5175,26786,15,28809,28806,19508,24220,28808,16],"class_list":["post-6297","post","type-post","status-publish","format-standard","hentry","category-em-pauta","tag-adolescentes","tag-campanha-meu-educador-social-cristao","tag-criancas","tag-desertos","tag-dinamicas","tag-educador","tag-educador-social","tag-invivibilidade","tag-material"],"_links":{"self":[{"href":"https:\/\/ultimato.com.br\/sites\/maosdadas\/wp-json\/wp\/v2\/posts\/6297","targetHints":{"allow":["GET"]}}],"collection":[{"href":"https:\/\/ultimato.com.br\/sites\/maosdadas\/wp-json\/wp\/v2\/posts"}],"about":[{"href":"https:\/\/ultimato.com.br\/sites\/maosdadas\/wp-json\/wp\/v2\/types\/post"}],"author":[{"embeddable":true,"href":"https:\/\/ultimato.com.br\/sites\/maosdadas\/wp-json\/wp\/v2\/users\/33"}],"replies":[{"embeddable":true,"href":"https:\/\/ultimato.com.br\/sites\/maosdadas\/wp-json\/wp\/v2\/comments?post=6297"}],"version-history":[{"count":15,"href":"https:\/\/ultimato.com.br\/sites\/maosdadas\/wp-json\/wp\/v2\/posts\/6297\/revisions"}],"predecessor-version":[{"id":6315,"href":"https:\/\/ultimato.com.br\/sites\/maosdadas\/wp-json\/wp\/v2\/posts\/6297\/revisions\/6315"}],"wp:attachment":[{"href":"https:\/\/ultimato.com.br\/sites\/maosdadas\/wp-json\/wp\/v2\/media?parent=6297"}],"wp:term":[{"taxonomy":"category","embeddable":true,"href":"https:\/\/ultimato.com.br\/sites\/maosdadas\/wp-json\/wp\/v2\/categories?post=6297"},{"taxonomy":"post_tag","embeddable":true,"href":"https:\/\/ultimato.com.br\/sites\/maosdadas\/wp-json\/wp\/v2\/tags?post=6297"}],"curies":[{"name":"wp","href":"https:\/\/api.w.org\/{rel}","templated":true}]}}