{"id":6172,"date":"2016-07-28T10:57:34","date_gmt":"2016-07-28T13:57:34","guid":{"rendered":"http:\/\/ultimato.com.br\/sites\/maosdadas\/?p=6172"},"modified":"2016-07-29T14:57:43","modified_gmt":"2016-07-29T17:57:43","slug":"crianca-abencoada-eu-cuido-de-voce","status":"publish","type":"post","link":"https:\/\/ultimato.com.br\/sites\/maosdadas\/2016\/07\/28\/crianca-abencoada-eu-cuido-de-voce\/","title":{"rendered":"Crian\u00e7a aben\u00e7oada, Eu cuido de voc\u00ea!"},"content":{"rendered":"<div id=\"attachment_6176\" style=\"width: 586px\" class=\"wp-caption aligncenter\"><img loading=\"lazy\" decoding=\"async\" aria-describedby=\"caption-attachment-6176\" class=\"wp-image-6176 \" title=\"Foto: James Gilbert\" src=\"http:\/\/ultimato.com.br\/sites\/maosdadas\/files\/2016\/07\/Angra_JamesGilbert.jpg\" alt=\"Angra_JamesGilbert\" width=\"576\" height=\"130\" srcset=\"https:\/\/ultimato.com.br\/sites\/maosdadas\/files\/2016\/07\/Angra_JamesGilbert.jpg 784w, https:\/\/ultimato.com.br\/sites\/maosdadas\/files\/2016\/07\/Angra_JamesGilbert-300x68.jpg 300w, https:\/\/ultimato.com.br\/sites\/maosdadas\/files\/2016\/07\/Angra_JamesGilbert-768x173.jpg 768w, https:\/\/ultimato.com.br\/sites\/maosdadas\/files\/2016\/07\/Angra_JamesGilbert-150x34.jpg 150w\" sizes=\"auto, (max-width: 576px) 100vw, 576px\" \/><p id=\"caption-attachment-6176\" class=\"wp-caption-text\">\u201cEu j\u00e1 ca\u00ed a\u00ed dentro. Mas eu sabia nadar!\u201d<\/p><\/div>\n<p><span style=\"color: #000080;\"><strong><em>Por Elsie Gilbert<\/em><\/strong><\/span><\/p>\n<p>Na escola da Praia da Longa, Ilha Grande, Angra dos Reis (RJ), \u00e9 pr\u00e1tica di\u00e1ria hastear a bandeira enquanto as 25 crian\u00e7as que frequentam esta escola em regime multisseriado cantam o hino nacional. Um dos meninos, o Miguel, de 6 anos, canta o hino com voz forte e afinada. Ele sabe quase toda a letra deste hino, trope\u00e7ando apenas naquelas partes em que todos n\u00f3s brasileiros tamb\u00e9m trope\u00e7amos.<\/p>\n<p>A diretora chama uma menina de 4 anos para hastear a bandeira. Explica para n\u00f3s que esta tarefa \u00e9 concedida a crian\u00e7as que desempenharam alguma a\u00e7\u00e3o digna de honra. Maria Gabriela, explica a diretora, ter\u00e1 a honra nesta manh\u00e3 simplesmente porque voltou para a ilha depois de dois meses ausente. A menina encara a tarefa com alegria e seriedade. A bandeira j\u00e1 estava l\u00e1 em cima quando ela se desconcentra e esta cai. A menina n\u00e3o se intimida. Come\u00e7a tudo de novo com gra\u00e7a e um sorriso charmoso.<\/p>\n<p>E quem somos n\u00f3s? Somos uma equipe de adolescentes da Igreja Presbiteriana de Vi\u00e7osa (MG) que decidiu gastar uma semana de nossas f\u00e9rias de julho trabalhando com as crian\u00e7as nesta escola p\u00fablica. Nossa motiva\u00e7\u00e3o? Demonstrar o amor de Jesus por elas de forma pr\u00e1tica: brincando, contando hist\u00f3rias, ensinando a dan\u00e7ar, a fazer massinha, a dobrar origami, etc.<\/p>\n<p>No decorrer da semana, a Maria Gabriela continua a nos encantar. Ela \u00e9 linda, charmosa, falante, desinibida. Mas alguns integrantes da nossa equipe come\u00e7am a perceber que a vida da menina n\u00e3o \u00e9 f\u00e1cil. Ela ocupa a quarta posi\u00e7\u00e3o numa fam\u00edlia de seis. Sua irm\u00e3 mais velha tem 9 anos ao passo que a mais nova ainda \u00e9 beb\u00ea. A m\u00e3e n\u00e3o est\u00e1 em casa. Teve que ir ao centro de Angra dos Reis e deixou os seis filhos numa casa com o novo companheiro. O irm\u00e3o de Maria Gabriela chega no segundo dia com o olho roxo. Diz, \u00e0 contragosto, que caiu. A pequenininha de dois anos \u00e9 vista no cais, sozinha, acompanhada apenas pela irm\u00e3 Maria Gabriela de 4 anos. Enquanto a pequena olha para a \u00e1gua l\u00e1 embaixo, a de quatro anos conta para n\u00f3s: \u201cEu j\u00e1 ca\u00ed a\u00ed dentro. Mas eu sabia nadar!\u201d<!--more--><\/p>\n<p>Os relatos dos adultos da comunidade n\u00e3o s\u00e3o nada animadores: \u201cJ\u00e1 veio o Conselho Tutelar para eles, n\u00e3o sei como n\u00e3o levaram as crian\u00e7as.\u201d \u201cTodos n\u00f3s queremos pegar as crian\u00e7as para criar, mas a m\u00e3e n\u00e3o deixa.\u201d \u201cOutro dia a Maria Gabriela estava andando pela praia de m\u00e3os dadas com um turista. N\u00f3s chamamos a aten\u00e7\u00e3o dela dizendo que sua m\u00e3e estava chamando por ela. N\u00e3o sabemos o que teria sido dela. N\u00e3o d\u00e1 para saber quando um turista \u00e9 do bem ou do mal.\u201d E assim por diante&#8230;<\/p>\n<p>Nossa equipe se comove com o drama se descortinando diante de n\u00f3. Sabemos que n\u00e3o temos o poder de mudar a vida desta menina e de seus irm\u00e3os.<\/p>\n<p>Uma educadora da nossa equipe, treinada para usar a metodologia do <a href=\"http:\/\/resources.sgmlifewords.com\/global\/br\/\" target=\"_blank\">Projeto Cal\u00e7ada<\/a>, se disp\u00f5e a conversar com todas as crian\u00e7as desta fam\u00edlia, come\u00e7ando pela Maria Gabriela. O conte\u00fado da conversa \u00e9 estritamente confidencial. Mas, depois da conversa, num momento mais descontra\u00eddo, a Maria Gabriela chega para a educadora e conta: \u201cDeus fala comigo de noite.\u201d \u201c\u00c9 mesmo? O que \u00e9 que ele diz?\u201d pergunta a educadora. \u201cEle diz \u2018Crian\u00e7a aben\u00e7oada, eu cuido de voc\u00ea!\u201d<\/p>\n<p>E foi assim que a Maria Gabriela aben\u00e7oou de fato toda a equipe de adolescentes incluindo os adultos l\u00edderes. Deus n\u00e3o est\u00e1 ausente na vida da menina. E \u00e9 por isto que nossas ora\u00e7\u00f5es por ela e por tantas outras crian\u00e7as que sofrem com a neglig\u00eancia e viol\u00eancia impostas por um mundo afastado de Deus s\u00e3o a nossa primeira arma de luta. N\u00e3o d\u00e1 para parar de orar!<\/p>\n<p>*Maria Gabriela e Miguel s\u00e3o nomes fict\u00edcios<\/p>\n<p><strong>Para pensar:<\/strong><\/p>\n<ol>\n<li>Voc\u00ea acha que Deus est\u00e1, de fato, envolvido, presente e atuante, na vida de crian\u00e7as em meio ao seu sofrimento?<\/li>\n<li>Se Ele est\u00e1, por que n\u00e3o resgata estas crian\u00e7as destas situa\u00e7\u00f5es?<\/li>\n<li>Que interven\u00e7\u00e3o n\u00f3s, crist\u00e3os, podemos promover para ajudar crian\u00e7as que sofrem como a Maria Gabriela?<\/li>\n<\/ol>\n<p><strong>Leia tamb\u00e9m<\/strong><br \/>\n<a href=\"http:\/\/www.ultimato.com.br\/revista\/artigos\/357\/ainda-bem-que-deus-fala-com-um-menino\" target=\"_blank\">Ainda bem que Deus fala com um menino!<\/a>\u00a0<em>por\u00a0<b>Valdir Steuernagel<\/b><\/em><\/p>\n<p>&nbsp;<\/p>\n","protected":false},"excerpt":{"rendered":"<p>Por Elsie Gilbert Na escola da Praia da Longa, Ilha Grande, Angra dos Reis (RJ), \u00e9 pr\u00e1tica di\u00e1ria hastear a bandeira enquanto as 25 crian\u00e7as que frequentam esta escola em regime multisseriado cantam o hino nacional. Um dos meninos, o Miguel, de 6 anos, canta o hino com voz forte e afinada. Ele sabe quase [&hellip;]<\/p>\n","protected":false},"author":33,"featured_media":0,"comment_status":"open","ping_status":"open","sticky":false,"template":"","format":"standard","meta":{"ngg_post_thumbnail":0,"footnotes":""},"categories":[15786],"tags":[15800,5206,15971,61,5444,9484,8441,19610,103,28762,19565,28763,15925],"class_list":["post-6172","post","type-post","status-publish","format-standard","hentry","category-em-pauta","tag-adolescente","tag-amor","tag-conselho-tutelar","tag-crianca","tag-deus","tag-escola","tag-familia","tag-igreja-presbiteriana-de-vicosa","tag-jesus","tag-maria-gabriela","tag-miguel","tag-praia","tag-projeto-calcada"],"_links":{"self":[{"href":"https:\/\/ultimato.com.br\/sites\/maosdadas\/wp-json\/wp\/v2\/posts\/6172","targetHints":{"allow":["GET"]}}],"collection":[{"href":"https:\/\/ultimato.com.br\/sites\/maosdadas\/wp-json\/wp\/v2\/posts"}],"about":[{"href":"https:\/\/ultimato.com.br\/sites\/maosdadas\/wp-json\/wp\/v2\/types\/post"}],"author":[{"embeddable":true,"href":"https:\/\/ultimato.com.br\/sites\/maosdadas\/wp-json\/wp\/v2\/users\/33"}],"replies":[{"embeddable":true,"href":"https:\/\/ultimato.com.br\/sites\/maosdadas\/wp-json\/wp\/v2\/comments?post=6172"}],"version-history":[{"count":11,"href":"https:\/\/ultimato.com.br\/sites\/maosdadas\/wp-json\/wp\/v2\/posts\/6172\/revisions"}],"predecessor-version":[{"id":6192,"href":"https:\/\/ultimato.com.br\/sites\/maosdadas\/wp-json\/wp\/v2\/posts\/6172\/revisions\/6192"}],"wp:attachment":[{"href":"https:\/\/ultimato.com.br\/sites\/maosdadas\/wp-json\/wp\/v2\/media?parent=6172"}],"wp:term":[{"taxonomy":"category","embeddable":true,"href":"https:\/\/ultimato.com.br\/sites\/maosdadas\/wp-json\/wp\/v2\/categories?post=6172"},{"taxonomy":"post_tag","embeddable":true,"href":"https:\/\/ultimato.com.br\/sites\/maosdadas\/wp-json\/wp\/v2\/tags?post=6172"}],"curies":[{"name":"wp","href":"https:\/\/api.w.org\/{rel}","templated":true}]}}