{"id":6160,"date":"2016-07-22T15:39:03","date_gmt":"2016-07-22T18:39:03","guid":{"rendered":"http:\/\/ultimato.com.br\/sites\/maosdadas\/?p=6160"},"modified":"2016-07-22T15:40:02","modified_gmt":"2016-07-22T18:40:02","slug":"lancamento-de-miqueias-global-no-brasil-cria-rede-em-torno-da-integralidade-da-missao-redentora-de-deus","status":"publish","type":"post","link":"https:\/\/ultimato.com.br\/sites\/maosdadas\/2016\/07\/22\/lancamento-de-miqueias-global-no-brasil-cria-rede-em-torno-da-integralidade-da-missao-redentora-de-deus\/","title":{"rendered":"Lan\u00e7amento de Miqueias Global no Brasil cria rede em torno da integralidade da miss\u00e3o redentora de Deus"},"content":{"rendered":"<div class=\"itemIntroText\">\n<p><img loading=\"lazy\" decoding=\"async\" class=\"alignright wp-image-6164\" title=\"Foto: Alian\u00e7a Evang\u00e9lica\" src=\"http:\/\/ultimato.com.br\/sites\/maosdadas\/files\/2016\/07\/RM.jpg\" alt=\"RM\" width=\"615\" height=\"287\" \/>Aconteceu entre os dias 15 e 16 de julho na sede da Igreja Batista da Reden\u00e7\u00e3o, em Belo Horizonte, o F\u00f3rum Miqu\u00e9ias Global. O evento, que tinha como objetivo refletir sobre a integralidade da Miss\u00e3o de Deus nos dias atuais e lan\u00e7ar o movimento Miqu\u00e9ias Brasil, contou com a presen\u00e7a de 95 pessoas que representavam 53 redes, coletivos, igrejas e denomina\u00e7\u00f5es evang\u00e9licas de 12 Estados da Federa\u00e7\u00e3o.<\/p>\n<\/div>\n<div class=\"itemFullText\">\n<p>No primeiro dia do F\u00f3rum os participantes pensaram sobre a pr\u00f3pria Rede Miqu\u00e9ias e os atores envolvidos neste novo come\u00e7o no Brasil. A programa\u00e7\u00e3o seguiu com uma rica discuss\u00e3o teol\u00f3gica e social. A primeira foi a reflex\u00e3o sobre o atual cen\u00e1rio pol\u00edtico no Brasil e a influ\u00eancia evang\u00e9lica neste cen\u00e1rio. O palestrante foi o soci\u00f3logo Paul Freston. A mesa contou ainda com a contribui\u00e7\u00e3o do historiador Lyndon Ara\u00fajo, do Conselho Coordenador da Alian\u00e7a Evang\u00e9lica.<\/p>\n<p>Paul Freston alertou para o fato que \u201co estado natural da comunidade crist\u00e3 \u00e9 que seja plural politicamente\u201d, raz\u00e3o pela qual \u201ccomo se comportar \u00e9 mais importante do que aquilo que se fala\u201d. Enfatizando que \u201cn\u00e3o podemos abrir m\u00e3o da \u00e9tica crist\u00e3 ao tratar da pol\u00edtica e nem dos ideais pol\u00edticos b\u00edblicos, como justi\u00e7a, combate \u00e0 desigualdade e defesa da democracia, baseados na antropologia crist\u00e3\u201d.Lyndon de Ara\u00fajo, ao fim de uma an\u00e1lise da conjuntura s\u00f3cio-pol\u00edtica brasileira, chamou os presentes a se espelharem em Jesus, que tinha lucidez sobre quem era Herodes (o governante de plant\u00e3o), ao mesmo tempo que tinha clareza sobre sua miss\u00e3o.<!--more--><\/p>\n<p>No segundo dia (16), Valdir Steuernagel, Embaixador Global da <a href=\"http:\/\/www.aliancaevangelica.org.br\/\" target=\"_blank\">Alian\u00e7a Crist\u00e3 Evang\u00e9lica Brasleira<\/a>, fez um apanhado hist\u00f3rico da caminhada evang\u00e9lica na Miss\u00e3o Integral e Paul Freston analisou a Miss\u00e3o Integral no cen\u00e1rio pol\u00edtico atual. Um dos pontos altos foi o painel \u201cConsidera\u00e7\u00f5es sobre o negro, o ind\u00edgena e quest\u00f5es de g\u00eanero no contexto da Igreja Evang\u00e9lica Brasileira\u201d, com as participa\u00e7\u00f5es dos pastores Luis de Jesus e Jader Oliveira, e de Kezzia Cristina, assessora pedag\u00f3gica da Diaconia.\u00a0Valdir lembrou que a Rede Miqueias se inspira na fala prof\u00e9tica de Miqueias (6.8), \u201cEle mostrou a voc\u00ea, \u00f3 homem, o que \u00e9 bom e o que o Senhor exige: Pratique a justi\u00e7a, ame a fidelidade e ande humildemente com o seu Deus.\u201d Lembro que n\u00e3o se trata da \u201cbusca de algo novo, mas a busca da permanente fidelidade\u201d.<\/p>\n<p><strong>Sobre Miqu\u00e9ias<br \/>\n<\/strong><br \/>\nPresente em todos os continentes, trata-se ao mesmo tempo de um movimento e de uma rede de crist\u00e3os que comungam da Vis\u00e3o de comunidades que vivem a vida em toda a sua plenitude livres da pobreza, injusti\u00e7a e conflito. No \u00e2mbito global, a Rede Miqu\u00e9ias conta com a parceria e apoio de grandes organiza\u00e7\u00f5es, como Alian\u00e7a Evang\u00e9lica Mundial (WEA), raz\u00e3o pela qual a Alian\u00e7a Crist\u00e3 Evang\u00e9lica Brasileira apoiou essa iniciativa e segue envolvida com ela. L\u00edderes da Alian\u00e7a participaram da organiza\u00e7\u00e3o do evento e do programa, como: Christian Gillis, Lyndon dos Santos, Soraya Dias, Valdir Steuernagel e Wilson Costa.<\/p>\n<p><strong>Miss\u00e3o:<\/strong><br \/>\nArraigados no Evangelho nos convertemos em agentes de mudan\u00e7a em nossas comunidades e nos tornamos catalizadores para a transforma\u00e7\u00e3o da miss\u00e3o atrav\u00e9s da promo\u00e7\u00e3o da abrang\u00eancia da miss\u00e3o redentora de Deus em Cristo.<\/p>\n<p><strong>Objetivos:<\/strong><br \/>\n\u2013 Movimento Miqu\u00e9ias: dar uma resposta unida advogando pela redu\u00e7\u00e3o da pobreza e pela promo\u00e7\u00e3o da justi\u00e7a, igualdade, equidade, reconcilia\u00e7\u00e3o, seguran\u00e7a e bem estar para todos.<br \/>\n\u2013 Rede Miqu\u00e9ias: proporcionar uma plataforma para a aprendizagem compartilhada, a reflex\u00e3o e a a\u00e7\u00e3o corporativa, a demostra\u00e7\u00e3o da miss\u00e3o integral e a facilita\u00e7\u00e3o de um centro de provis\u00e3o de informa\u00e7\u00e3o expresso por indiv\u00edduos e grupos corporativos (fam\u00edlia, igreja, comunidade, trabalho)<\/p>\n<p><strong>Encaminhamentos<\/strong><br \/>\nDurante o F\u00f3rum Miqu\u00e9ias Global foi eleito um Comit\u00ea de Miqu\u00e9ias Brasil para levar adiante os seguintes objetivos:<br \/>\n1. Promover, encorajar e motivar os crist\u00e3os a adotarem e a praticarem a miss\u00e3o redentora de Deus em todos os seus aspectos;<br \/>\n2. Capacita\u00e7\u00e3o dos membros na perspectiva integral baseada na Palavra de Deus para responder \u00e0s demandas do mundo por meio da presta\u00e7\u00e3o de aux\u00edlio em meio \u00e0 necessidade. Promo\u00e7\u00e3o do desenvolvimento, cuidado do meio ambiente, clamor pela justi\u00e7a atrav\u00e9s da proclama\u00e7\u00e3o e demonstra\u00e7\u00e3o do amor de Deus;<br \/>\n3. Servir e compartilhar uns com os outros fortalecendo a interdepend\u00eancia e aumentando nosso impacto e responsabilidade m\u00fatua.<br \/>\nMembros do Comit\u00ea Miqu\u00e9ias Brasil: Andr\u00e9 Nascimento, Doroth\u00e9a Luz, Usiel Souza, Morgana Boostel, T\u00e2nia Wutzki, Jos\u00e9 Marcos Silva, Christian Gillis, Mayara Suni, Walter Feckinghaus, Tarc\u00edsio Porto, S\u00e9rgio Andrade e Serguem Jessui<\/p>\n<p><strong>Agenda<\/strong><br \/>\nCongresso Miqu\u00e9ias Brasil<br \/>\n\u2022 Data: 27 \u00e0 29 de junho de 2017 em Vit\u00f3ria, Esp\u00edrito Santo. Brevemente ser\u00e3o enviadas informa\u00e7\u00f5es detalhadas sobre a programa\u00e7\u00e3o do evento. Tome nota!<br \/>\nPara mais informa\u00e7\u00f5es sobre Miqu\u00e9ias Global acessar \u2013 <a href=\"http:\/\/www.micahnetwork.org\/pt-br\" target=\"_blank\">http:\/\/www.micahnetwork.org\/pt-br<\/a><\/p>\n<p>(Por Wilson Costa, com contribui\u00e7\u00f5es da not\u00edcia de Tearfund, por \u00c9rica Neves.)<\/p>\n<\/div>\n<p>&nbsp;<\/p>\n<p>&nbsp;<\/p>\n","protected":false},"excerpt":{"rendered":"<p>Aconteceu entre os dias 15 e 16 de julho na sede da Igreja Batista da Reden\u00e7\u00e3o, em Belo Horizonte, o F\u00f3rum Miqu\u00e9ias Global. O evento, que tinha como objetivo refletir sobre a integralidade da Miss\u00e3o de Deus nos dias atuais e lan\u00e7ar o movimento Miqu\u00e9ias Brasil, contou com a presen\u00e7a de 95 pessoas que representavam [&hellip;]<\/p>\n","protected":false},"author":33,"featured_media":0,"comment_status":"open","ping_status":"open","sticky":false,"template":"","format":"standard","meta":{"ngg_post_thumbnail":0,"footnotes":""},"categories":[5799],"tags":[28761,5407,5444,28757,5926,6082],"class_list":["post-6160","post","type-post","status-publish","format-standard","hentry","category-noticia","tag-alianca-crista-evangelica","tag-crista","tag-deus","tag-miqueias-global","tag-rede","tag-valdir-steuernagel"],"_links":{"self":[{"href":"https:\/\/ultimato.com.br\/sites\/maosdadas\/wp-json\/wp\/v2\/posts\/6160","targetHints":{"allow":["GET"]}}],"collection":[{"href":"https:\/\/ultimato.com.br\/sites\/maosdadas\/wp-json\/wp\/v2\/posts"}],"about":[{"href":"https:\/\/ultimato.com.br\/sites\/maosdadas\/wp-json\/wp\/v2\/types\/post"}],"author":[{"embeddable":true,"href":"https:\/\/ultimato.com.br\/sites\/maosdadas\/wp-json\/wp\/v2\/users\/33"}],"replies":[{"embeddable":true,"href":"https:\/\/ultimato.com.br\/sites\/maosdadas\/wp-json\/wp\/v2\/comments?post=6160"}],"version-history":[{"count":8,"href":"https:\/\/ultimato.com.br\/sites\/maosdadas\/wp-json\/wp\/v2\/posts\/6160\/revisions"}],"predecessor-version":[{"id":6170,"href":"https:\/\/ultimato.com.br\/sites\/maosdadas\/wp-json\/wp\/v2\/posts\/6160\/revisions\/6170"}],"wp:attachment":[{"href":"https:\/\/ultimato.com.br\/sites\/maosdadas\/wp-json\/wp\/v2\/media?parent=6160"}],"wp:term":[{"taxonomy":"category","embeddable":true,"href":"https:\/\/ultimato.com.br\/sites\/maosdadas\/wp-json\/wp\/v2\/categories?post=6160"},{"taxonomy":"post_tag","embeddable":true,"href":"https:\/\/ultimato.com.br\/sites\/maosdadas\/wp-json\/wp\/v2\/tags?post=6160"}],"curies":[{"name":"wp","href":"https:\/\/api.w.org\/{rel}","templated":true}]}}