{"id":6104,"date":"2016-07-01T15:23:02","date_gmt":"2016-07-01T18:23:02","guid":{"rendered":"http:\/\/ultimato.com.br\/sites\/maosdadas\/?p=6104"},"modified":"2016-07-01T15:23:37","modified_gmt":"2016-07-01T18:23:37","slug":"criancas-veem-conselho-tutelar-como-orgao-repressor-diz-educador","status":"publish","type":"post","link":"https:\/\/ultimato.com.br\/sites\/maosdadas\/2016\/07\/01\/criancas-veem-conselho-tutelar-como-orgao-repressor-diz-educador\/","title":{"rendered":"Crian\u00e7as veem Conselho Tutelar como \u00f3rg\u00e3o repressor, diz educador"},"content":{"rendered":"<p><strong><span style=\"color: #008000;\"><em><img loading=\"lazy\" decoding=\"async\" class=\"alignright wp-image-6106\" src=\"http:\/\/ultimato.com.br\/sites\/maosdadas\/files\/2016\/07\/Binho_livro.jpg\" alt=\"Binho_livro\" width=\"263\" height=\"263\" srcset=\"https:\/\/ultimato.com.br\/sites\/maosdadas\/files\/2016\/07\/Binho_livro.jpg 864w, https:\/\/ultimato.com.br\/sites\/maosdadas\/files\/2016\/07\/Binho_livro-150x150.jpg 150w, https:\/\/ultimato.com.br\/sites\/maosdadas\/files\/2016\/07\/Binho_livro-300x300.jpg 300w, https:\/\/ultimato.com.br\/sites\/maosdadas\/files\/2016\/07\/Binho_livro-768x768.jpg 768w, https:\/\/ultimato.com.br\/sites\/maosdadas\/files\/2016\/07\/Binho_livro-64x64.jpg 64w\" sizes=\"auto, (max-width: 263px) 100vw, 263px\" \/>por Aldrin Jonathan\u00a0<\/em><\/span><\/strong><\/p>\n<p>Marcos Costa, autor do livro \u201cBinho, o menino que tinha medo do Conselho Tutelar\u201d, avaliou a percep\u00e7\u00e3o de crian\u00e7as e adolescentes sobre as fun\u00e7\u00f5es do Conselho Tutelar.<\/p>\n<p>\u201cToda crian\u00e7a tem um pouco de medo do Conselho Tutelar, pois a gente pensa que eles v\u00e3o nos levar para l\u00e1 e nunca mais vamos ver nossa fam\u00edlia\u201d. Essa \u00e9 a resposta de uma crian\u00e7a para a pergunta \u201c<strong>O que \u00e9 o Conselho Tutelar?<\/strong>\u201d, realizada por pesquisa que avaliou a percep\u00e7\u00e3o infantil sobre as fun\u00e7\u00f5es do \u00f3rg\u00e3o. O levantamento foi realizado pelo Conselho Tutelar de S\u00e3o Mateus, zona leste da capital paulista, no ano de 2014. Foram ouvidas cerca de 80 crian\u00e7as e adolescentes, do ensino fundamental I e II, representantes de sala e de gr\u00eamios estudantis de cinco unidades educacionais p\u00fablicas da regi\u00e3o.<\/p>\n<p>As crian\u00e7as e adolescentes n\u00e3o apontaram na pesquisa a responsabilidade do Conselho Tutelar de zelar pelos seus direitos. No entendimento dos entrevistados, o Conselho age para punir crian\u00e7as mal-educadas e com pend\u00eancias escolares. Para Marcos Costa, ent\u00e3o conselheiro, que aplicou o question\u00e1rios \u00e0s crian\u00e7as e adolescentes, a pesquisa confirma o desconhecimento social sobre o papel desempenhado pelos Conselhos Tutelares, \u201ca sociedade ainda n\u00e3o os reconhece como instrumento de defesa de direitos\u201d.<\/p>\n<p>Para o educador, os pais n\u00e3o procuram os Conselhos Tutelares para denunciar uma viola\u00e7\u00e3o praticada pelo Estado, como em casos de \u00a0aus\u00eancia ou insufici\u00eancia de servi\u00e7o p\u00fablico nas \u00e1reas de educa\u00e7\u00e3o, sa\u00fade e assist\u00eancia social. As crian\u00e7as confirmaram na pesquisa a imagem punitiva que os Conselhos Tutelares carregam na sociedade, \u201ccomo algu\u00e9m que sofre viol\u00eancia vai se sentir protegido por quem se sente medo?\u201d, indaga Costa.<\/p>\n<p>&nbsp;<\/p>\n<p>Continue lendo o post no site\u00a0Prioridade Absoluta\u00a0\u00a0<a href=\"http:\/\/prioridadeabsoluta.org.br\/noticias\/criancas-veem-conselho-tutelar-como-orgao-repressor-diz-educador\/\">AQUI!<\/a><\/p>\n<p>&nbsp;<\/p>\n<p><b><span style=\"color: #008000;\">Livro dispon\u00edvel para baixar!<\/span> \u201cBinho, o menino que tinha medo do Conselho Tutelar\u201d<\/b><\/p>\n<p>O material \u00e9 oferecido gratuitamente para <a href=\"http:\/\/www.redemaosdadas.org\/binho-o-menino-que-tinha-medo-do-conselho-tutelar-2\/\"><b>download<\/b><\/a>. Escolas e entidades de garantia dos direitos das crian\u00e7as que tenham interesse pela publica\u00e7\u00e3o podem solicitar a vers\u00e3o impressa pelo e-mail redeigrejaamigadacrianca@yahoo.com.br. O projeto conta com palestras de forma\u00e7\u00e3o para pais e educadores e pretende coletar experi\u00eancias e metodologias inovadores que se basearam no livro.<\/p>\n","protected":false},"excerpt":{"rendered":"<p>por Aldrin Jonathan\u00a0 Marcos Costa, autor do livro \u201cBinho, o menino que tinha medo do Conselho Tutelar\u201d, avaliou a percep\u00e7\u00e3o de crian\u00e7as e adolescentes sobre as fun\u00e7\u00f5es do Conselho Tutelar. \u201cToda crian\u00e7a tem um pouco de medo do Conselho Tutelar, pois a gente pensa que eles v\u00e3o nos levar para l\u00e1 e nunca mais vamos [&hellip;]<\/p>\n","protected":false},"author":33,"featured_media":0,"comment_status":"open","ping_status":"open","sticky":false,"template":"","format":"standard","meta":{"ngg_post_thumbnail":0,"footnotes":""},"categories":[15786],"tags":[15800,28744,28743,15971,28742,28741,5826,28745],"class_list":["post-6104","post","type-post","status-publish","format-standard","hentry","category-em-pauta","tag-adolescente","tag-aldrin-jonathan","tag-binho","tag-conselho-tutelar","tag-crainca","tag-marcos-costa","tag-pais","tag-prioridade-absoluta"],"_links":{"self":[{"href":"https:\/\/ultimato.com.br\/sites\/maosdadas\/wp-json\/wp\/v2\/posts\/6104","targetHints":{"allow":["GET"]}}],"collection":[{"href":"https:\/\/ultimato.com.br\/sites\/maosdadas\/wp-json\/wp\/v2\/posts"}],"about":[{"href":"https:\/\/ultimato.com.br\/sites\/maosdadas\/wp-json\/wp\/v2\/types\/post"}],"author":[{"embeddable":true,"href":"https:\/\/ultimato.com.br\/sites\/maosdadas\/wp-json\/wp\/v2\/users\/33"}],"replies":[{"embeddable":true,"href":"https:\/\/ultimato.com.br\/sites\/maosdadas\/wp-json\/wp\/v2\/comments?post=6104"}],"version-history":[{"count":5,"href":"https:\/\/ultimato.com.br\/sites\/maosdadas\/wp-json\/wp\/v2\/posts\/6104\/revisions"}],"predecessor-version":[{"id":6110,"href":"https:\/\/ultimato.com.br\/sites\/maosdadas\/wp-json\/wp\/v2\/posts\/6104\/revisions\/6110"}],"wp:attachment":[{"href":"https:\/\/ultimato.com.br\/sites\/maosdadas\/wp-json\/wp\/v2\/media?parent=6104"}],"wp:term":[{"taxonomy":"category","embeddable":true,"href":"https:\/\/ultimato.com.br\/sites\/maosdadas\/wp-json\/wp\/v2\/categories?post=6104"},{"taxonomy":"post_tag","embeddable":true,"href":"https:\/\/ultimato.com.br\/sites\/maosdadas\/wp-json\/wp\/v2\/tags?post=6104"}],"curies":[{"name":"wp","href":"https:\/\/api.w.org\/{rel}","templated":true}]}}