{"id":6033,"date":"2016-05-16T16:37:36","date_gmt":"2016-05-16T19:37:36","guid":{"rendered":"http:\/\/ultimato.com.br\/sites\/maosdadas\/?p=6033"},"modified":"2016-05-17T10:56:56","modified_gmt":"2016-05-17T13:56:56","slug":"a-bencao-desprezada-por-muitos","status":"publish","type":"post","link":"https:\/\/ultimato.com.br\/sites\/maosdadas\/2016\/05\/16\/a-bencao-desprezada-por-muitos\/","title":{"rendered":"A ben\u00e7\u00e3o desprezada por muitos&#8230;"},"content":{"rendered":"<div id=\"attachment_6035\" style=\"width: 299px\" class=\"wp-caption alignright\"><img loading=\"lazy\" decoding=\"async\" aria-describedby=\"caption-attachment-6035\" class=\"wp-image-6035\" title=\"Foto: James Gilbert\" src=\"http:\/\/ultimato.com.br\/sites\/maosdadas\/files\/2016\/05\/2013.02.01_untitled_NIKON_D700-21.jpg\" alt=\"2013.02.01_untitled_NIKON_D700-21\" width=\"289\" height=\"195\" \/><p id=\"caption-attachment-6035\" class=\"wp-caption-text\">Sua condi\u00e7\u00e3o n\u00e3o anula o fato de que ela \u00e9 uma ben\u00e7\u00e3o!<\/p><\/div>\n<p><span style=\"color: #008000;\"><strong>por James Gilbert<\/strong><\/span><\/p>\n<p>Uma coisa que n\u00f3s brasileiros pedimos a Deus com muita frequ\u00eancia \u00e9 para sermos aben\u00e7oados. Ao menos no mundo evang\u00e9lico com o qual estou familiarizado, pedimos a Deus b\u00ean\u00e7\u00e3os no culto, na escola dominical e em nossos diferentes grupos dentro da igreja. Al\u00e9m disso, rogamos a Deus que nos aben\u00e7oe em nossas ora\u00e7\u00f5es em fam\u00edlia e nas ora\u00e7\u00f5es individuais. Nosso desejo para que Deus nos aben\u00e7oe \u00e9 algo bom. J\u00e1 est\u00e1 previsto nas Escrituras.<\/p>\n<p>Mas o que estamos pedindo, quando oramos a Deus para que nos aben\u00e7oe?<\/p>\n<p>No in\u00edcio, Deus criou o homem e a mulher \u00e0 sua imagem e semelhan\u00e7a, ent\u00e3o os aben\u00e7oou. \u201cE lhes disse: \u2018Sede fecundos, multiplicai-vos, enchei a terra\u2019\u201d. (Gn 1.28). A primeira b\u00ean\u00e7\u00e3o registrada na hist\u00f3ria \u00e9 a de ter filhos, netos e bisnetos e assim por diante.<sup>\u00a0<\/sup>Isso mesmo, no in\u00edcio da cria\u00e7\u00e3o, a primeira b\u00ean\u00e7\u00e3o para nossos pais foi ter filhos, e muitos deles.<\/p>\n<p>Algum tempo depois, quando No\u00e9 sai da arca e entra na \u201cnova terra\u201d, Deus o aben\u00e7oa, juntamente com sua fam\u00edlia: \u201cSede fecundos e multiplicai-vos e enchei a terra\u201d. A b\u00ean\u00e7\u00e3o de Deus para o justo No\u00e9 e sua fam\u00edlia, foi a de ter filhos.<\/p>\n<p>Quando Deus chama Abra\u00e3o e lhe conta o que vai acontecer, aben\u00e7oa-o e registra que ele vai ser b\u00ean\u00e7\u00e3o para todos os povos da terra. Como isso aconteceria? Por meio de um dos descendentes de Abra\u00e3o. Este descendente foi Jesus Cristo e o mundo inteiro foi por ele aben\u00e7oado. A b\u00ean\u00e7\u00e3o das b\u00ean\u00e7\u00e3os veio por meio daquela ben\u00e7\u00e3o original de Deus, a de ter filhos.<\/p>\n<p>Este n\u00e3o \u00e9 um discurso sobre retid\u00e3o e fertilidade, mas sobre as crian\u00e7as como b\u00ean\u00e7\u00e3os. Ser\u00e1 que voc\u00ea e sua comunidade de f\u00e9 agradecem a Deus por todas as b\u00ean\u00e7\u00e3os que Ele lhes deu? Voc\u00eas incluem nesta gratid\u00e3o at\u00e9 aquelas crian\u00e7as que n\u00e3o s\u00e3o da sua comunidade de f\u00e9? Ou as crian\u00e7as que t\u00eam necessidades especiais, ou aquelas que n\u00e3o foram planejadas? O poeta indiano Rabinranath Tagore disse com propriedade \u201cToda crian\u00e7a vem com a mensagem de que Deus ainda n\u00e3o desistiu do ser humano\u201d<\/p>\n<p><strong>Por ocasi\u00e3o do <a href=\"http:\/\/www.redemaosdadas.org\/mutirao-mundial-de-oracao\/mutirao-mundial-de-oracao-2016\/\">Mutir\u00e3o Mundial de Ora\u00e7\u00e3o pelas Crian\u00e7as Socialmente Vulner\u00e1veis<\/a>, or<\/strong><strong>emos para que Deus mude a nossa atitude e percep\u00e7\u00e3o das crian\u00e7as. Que ele nos ajude a v\u00ea-las da forma como ele as v\u00ea e aprecia!<\/strong><\/p>\n","protected":false},"excerpt":{"rendered":"<p>por James Gilbert Uma coisa que n\u00f3s brasileiros pedimos a Deus com muita frequ\u00eancia \u00e9 para sermos aben\u00e7oados. Ao menos no mundo evang\u00e9lico com o qual estou familiarizado, pedimos a Deus b\u00ean\u00e7\u00e3os no culto, na escola dominical e em nossos diferentes grupos dentro da igreja. Al\u00e9m disso, rogamos a Deus que nos aben\u00e7oe em nossas [&hellip;]<\/p>\n","protected":false},"author":33,"featured_media":0,"comment_status":"open","ping_status":"open","sticky":false,"template":"","format":"standard","meta":{"ngg_post_thumbnail":0,"footnotes":""},"categories":[15786],"tags":[61,5444,11102,17006,124,28725],"class_list":["post-6033","post","type-post","status-publish","format-standard","hentry","category-em-pauta","tag-crianca","tag-deus","tag-james-gilbert","tag-mutirao-mundial-de-oracao","tag-oracao","tag-rabinranath"],"_links":{"self":[{"href":"https:\/\/ultimato.com.br\/sites\/maosdadas\/wp-json\/wp\/v2\/posts\/6033","targetHints":{"allow":["GET"]}}],"collection":[{"href":"https:\/\/ultimato.com.br\/sites\/maosdadas\/wp-json\/wp\/v2\/posts"}],"about":[{"href":"https:\/\/ultimato.com.br\/sites\/maosdadas\/wp-json\/wp\/v2\/types\/post"}],"author":[{"embeddable":true,"href":"https:\/\/ultimato.com.br\/sites\/maosdadas\/wp-json\/wp\/v2\/users\/33"}],"replies":[{"embeddable":true,"href":"https:\/\/ultimato.com.br\/sites\/maosdadas\/wp-json\/wp\/v2\/comments?post=6033"}],"version-history":[{"count":3,"href":"https:\/\/ultimato.com.br\/sites\/maosdadas\/wp-json\/wp\/v2\/posts\/6033\/revisions"}],"predecessor-version":[{"id":6037,"href":"https:\/\/ultimato.com.br\/sites\/maosdadas\/wp-json\/wp\/v2\/posts\/6033\/revisions\/6037"}],"wp:attachment":[{"href":"https:\/\/ultimato.com.br\/sites\/maosdadas\/wp-json\/wp\/v2\/media?parent=6033"}],"wp:term":[{"taxonomy":"category","embeddable":true,"href":"https:\/\/ultimato.com.br\/sites\/maosdadas\/wp-json\/wp\/v2\/categories?post=6033"},{"taxonomy":"post_tag","embeddable":true,"href":"https:\/\/ultimato.com.br\/sites\/maosdadas\/wp-json\/wp\/v2\/tags?post=6033"}],"curies":[{"name":"wp","href":"https:\/\/api.w.org\/{rel}","templated":true}]}}