{"id":5487,"date":"2015-09-18T11:32:06","date_gmt":"2015-09-18T14:32:06","guid":{"rendered":"http:\/\/ultimato.com.br\/sites\/maosdadas\/?p=5487"},"modified":"2015-09-18T11:36:00","modified_gmt":"2015-09-18T14:36:00","slug":"primeiro-amazonense-nota-10","status":"publish","type":"post","link":"https:\/\/ultimato.com.br\/sites\/maosdadas\/2015\/09\/18\/primeiro-amazonense-nota-10\/","title":{"rendered":"Primeiro amazonense Nota 10"},"content":{"rendered":"<div id=\"attachment_5490\" style=\"width: 552px\" class=\"wp-caption aligncenter\"><a href=\"http:\/\/ultimato.com.br\/sites\/maosdadas\/files\/2015\/09\/12038195_964838886887848_2081939604921627431_n2.jpg\" class=\"lightview\" data-lightview-group=\"group-5487\" data-lightview-options=\"skin: 'dark', controls: 'relative', padding: '10', shadow: { color: '#000000', opacity: 0.08, blur: 3 }\" data-lightview-title=\"Foto: arquivo pessoal de Valter Menezes\"><img loading=\"lazy\" decoding=\"async\" aria-describedby=\"caption-attachment-5490\" class=\"wp-image-5490\" title=\"Foto: arquivo pessoal de Valter Menezes\" src=\"http:\/\/ultimato.com.br\/sites\/maosdadas\/files\/2015\/09\/12038195_964838886887848_2081939604921627431_n2.jpg\" alt=\"12038195_964838886887848_2081939604921627431_n2\" width=\"542\" height=\"259\" srcset=\"https:\/\/ultimato.com.br\/sites\/maosdadas\/files\/2015\/09\/12038195_964838886887848_2081939604921627431_n2.jpg 959w, https:\/\/ultimato.com.br\/sites\/maosdadas\/files\/2015\/09\/12038195_964838886887848_2081939604921627431_n2-300x143.jpg 300w, https:\/\/ultimato.com.br\/sites\/maosdadas\/files\/2015\/09\/12038195_964838886887848_2081939604921627431_n2-150x72.jpg 150w\" sizes=\"auto, (max-width: 542px) 100vw, 542px\" \/><\/a><p id=\"caption-attachment-5490\" class=\"wp-caption-text\">Professor Valter<\/p><\/div>\n<p><a href=\"http:\/\/ultimato.com.br\/sites\/maosdadas\/files\/2015\/09\/12038195_964838886887848_2081939604921627431_n.jpg\"><br \/>\n<\/a>O professor Valter Pereira de Menezes, 44 anos, casado com Francisca Maria e pai de Akeline (17 anos), Luan (14 anos), Diego (11 anos) e David (<em>em mem\u00f3ria<\/em>) \u00e9 um entre 10 vencedores do Pr\u00eamio Educador Nota 10 de 2015. O pr\u00eamio, uma iniciativa da Funda\u00e7\u00e3o Victor Civita, visa a valoriza\u00e7\u00e3o do trabalho docente. O Prof. Valter \u00e9 licenciado em ci\u00eancias pela Universidade Federal do Amazonas, trabalha a 20 anos na Comunidade do Santo Ant\u00f4nio do Rio Tracaj\u00e1, localizada na zona rural do munic\u00edpio de Parintins, AM. Sua trajet\u00f3ria inclui 9 anos como gestor da Escola Municipal Luiz Gonzaga, 3 anos como coordenador pedag\u00f3gico de 10 escolas ao longo do Rio Tracaj\u00e1 e a doc\u00eancia propriamente dita. Hoje ele trabalha como professor de ci\u00eancias em tr\u00eas turnos: pela manh\u00e3 com alunos do 4\u00ba ano do Ensino Fundamental, \u00e0 tarde com alunos do 8\u00ba e 9\u00ba anos e a noite com o 1\u00ba ano do Ensino M\u00e9dio Mediado por Tecnologia.<\/p>\n<p>Apesar desta carga alta de horas no magist\u00e9rio, o Prof. Valter saber conciliar conte\u00fado com pr\u00e1tica comunit\u00e1ria e \u00e9 no trabalho comunit\u00e1rio que Valter exerce uma influ\u00eancia transformadora. Desde 2012 estabeleceu e nutriu uma parceria com a ONG Asas de Socorro e juntos eles implementaram o Projeto \u00c1gua Limpa para o Curumins. Os agentes da \u00e1gua s\u00e3o alunos da Escola Municipal Luis Gonzaga, e agem em parceria com a organiza\u00e7\u00e3o\u00a0<a href=\"http:\/\/asasdesocorro.org.br\/2012\/pt\/\"><strong>Asas de Socorro<\/strong><\/a><strong>. <\/strong>O filtro biol\u00f3gico transforma \u00e1gua suja em \u00e1gua boa para consumo. Asas de Socorro em parceria com a Tearfund e\u00a0<a href=\"http:\/\/asasdesocorro.org.br\/tamojunto\/\"><strong>Opera\u00e7\u00e3o Amaz\u00f4nia<\/strong><\/a>, se esfor\u00e7am por levar o filtro at\u00e9 a fam\u00edlia e cuidar de sua instala\u00e7\u00e3o adequada. Mas somente o uso cont\u00ednuo da \u00e1gua limpa trar\u00e1 benef\u00edcios \u00e0 sa\u00fade dos curumins (como s\u00e3o chamadas as crian\u00e7as na regi\u00e3o amaz\u00f4nica). E \u00e9 nesta etapa de conscientiza\u00e7\u00e3o e aprendizado que os adolescentes est\u00e3o se mostrando verdadeiros campe\u00f5es.<\/p>\n<p>Eles convencem as crian\u00e7as menores, falam nas reuni\u00f5es de comunit\u00e1rios e visitam fam\u00edlias, constatando a situa\u00e7\u00e3o de cada filtro e buscando solu\u00e7\u00f5es quando necess\u00e1rio. At\u00e9 hoje foram instalados nos lares dos comunit\u00e1rios 485 filtros beneficiando mais de 2.000 pessoas ao longo do Rio Tracaj\u00e1. A ades\u00e3o do uso destes filtros biol\u00f3gicos tem sido um grande sucesso.<\/p>\n<p>Em celebra\u00e7\u00e3o ao Dia Nacional do Educador Social e em solidariedade com a Comunidade do Santo Ant\u00f4nio pela sua alegria de ter um de seus membros reconhecido nacionalmente, a Rede M\u00e3os Dadas resolveu entrevist\u00e1-lo.<\/p>\n<p>&nbsp;<\/p>\n<p><strong>RMD:\u00a0\u00a0 <\/strong><strong>Como a f\u00e9 crist\u00e3 o ajuda a cumprir sua miss\u00e3o como educador?<\/strong><\/p>\n<p>Sou uma pessoa muito crente em Deus e no Evangelho. Vejo que minha miss\u00e3o como educador n\u00e3o \u00e9 s\u00f3 ensinar as li\u00e7\u00f5es da vida cotidiana, mas tamb\u00e9m evangelizar uma gera\u00e7\u00e3o futura para um mundo conturbado. Sem essa f\u00e9, eu n\u00e3o seria o homem que sou hoje. Acredito muito que Deus sempre est\u00e1 ao meu lado. No in\u00edcio desse ano sofri uma decep\u00e7\u00e3o muito grande na minha vida quando quebrei a perna em fevereiro e fiquei 6 meses na cadeira de roda sem poder me locomover. Teve momentos em que a f\u00e9 me faltou, mas Deus \u00e9 bom e me fortaleceu e me deu esse pr\u00eamio como recompensa. Estou pedindo a ele mais uma vit\u00f3ria, quero uma vaga para fazer mestrado!<!--more--><\/p>\n<p>&nbsp;<\/p>\n<p><strong>RMD: O que voc\u00ea aprendeu sobre Deus enquanto trabalha com as crian\u00e7as?<\/strong><\/p>\n<p>As crian\u00e7as s\u00e3o presentes de Deus. No cora\u00e7\u00e3o delas n\u00e3o tem rancor e nem \u00f3dio. Tudo \u00e9 moment\u00e2neo. S\u00e3o um exemplo de conviv\u00eancia fraterna, coisa que gente adulta n\u00e3o tem&#8230;As crian\u00e7as nos ensinam muitas coisas, principalmente o amor m\u00fatuo.<\/p>\n<p>&nbsp;<\/p>\n<p><strong>RMD: O que voc\u00ea acha que falta para que a educa\u00e7\u00e3o no Brasil seja toda ela &#8220;nota 10&#8221;?<\/strong><\/p>\n<p>Bom vejo que a maioria dos professores est\u00e3o preocupados com o sal\u00e1rio do educador o que com certeza faz parte da vida!\u00a0 Mas vejo tamb\u00e9m que faltam educadores comprometidos com a educa\u00e7\u00e3o de verdade. Para que todos sejamos 10 precisamos inovar em nossas pr\u00e1ticas pedag\u00f3gicas e principalmente praticar a pedagogia do amor.<\/p>\n<p>&nbsp;<\/p>\n<p><strong>RMD: Conte-nos um pouco de sua hist\u00f3ria e o que o levou a se inscrever para o Pr\u00eamio Educador Nota 10?<\/strong><\/p>\n<p>Foi assim, o Prof. Walci Batista, gestor numa reuni\u00e3o de professores comunicou que estavam abertas as inscri\u00e7\u00f5es para o Pr\u00eamio e eu tamb\u00e9m j\u00e1 havia visto o an\u00fancio pela Globo. Algo me tocou dizendo \u201cVai escreve sobre o projeto dos filtros e das fossas. A\u00ed, comecei a busca pelo nome do projeto. J\u00e1 hav\u00edamos montado com a Eunice o Projeto \u00c1gua para os Curumins. S\u00f3 que era um nome do projeto que foi implantado em toda regi\u00e3o ribeirinha entre Tracaj\u00e1 e \u00e1rea de V\u00e1rzea. A\u00ed pensei em um nome \u00c1GUA LIMPA PARA OS CURUMINS DO TRACAJ\u00c1, conversei com a Eunice e pedi a licen\u00e7a dela para escrever o projeto. Ela como uma pessoa muito boa disse: \u201cO projeto tamb\u00e9m \u00e9 seu!\u201d Escrevi o projeto onde descobri sobre duas vertentes: sa\u00fade e preserva\u00e7\u00e3o do meio ambiente.\u00a0 Preparei toda documenta\u00e7\u00e3o e enviei n\u00e3o muito confiante por ser uma competi\u00e7\u00e3o nacional. Foi a\u00ed que um belo dia de s\u00e1bado saiu a lista dos 50 finalistas e o meu projeto estava no meio. A emo\u00e7\u00e3o foi muito grande. As l\u00e1grimas vieram molhar meu rosto de tanta alegria. Quando saiu a lista dos 10 professores Nota 10 do Brasil e eu estava nesta lista, a\u00ed ent\u00e3o, puxa, que alegria e emo\u00e7\u00e3o! Quase n\u00e3o parava de chorar por n\u00e3o acreditar que um amazonense tinha entrado para a hist\u00f3ria desse Pr\u00eamio que h\u00e1 18 anos vem descobrindo professores nota 10. Sou o primeiro do Amazonas nessa classifica\u00e7\u00e3o. O pr\u00eamio \u00e9 para todos os educadores do Amazonas, de Parintins e da minha Comunidade do Santo Ant\u00f4nio do Tracaj\u00e1. Sou Nota 10! Mas n\u00e3o estou sozinho! S\u00e3o nota 10 os amigos de Asas de Socorro, principalmente a Eunice e o seu esposo Juraci. Compartilho aqui s\u00f3 um pouquinho dessa hist\u00f3ria&#8230;<\/p>\n<p>&nbsp;<\/p>\n<p><strong>RMD: Qual foi, para voc\u00ea a import\u00e2ncia do trabalho em parceria com Asas de Socorro e por que, na Comunidade do Santo Ant\u00f4nio, o projeto que voc\u00eas desenvolveram juntos obteve tanto sucesso?<\/strong><\/p>\n<p>Acredito que Asas de Socorro faz um trabalho com amor e que por isto Deus ajuda. No Tracaj\u00e1 o grande diferencial foi que abra\u00e7amos a luta com garra, olhando e crendo que ter\u00edamos a vit\u00f3ria. Tracaj\u00e1 \u00e9 uma comunidade aben\u00e7oada, porque n\u00e3o olhamos religi\u00e3o e sim a prega\u00e7\u00e3o do Evangelho. A melhor coisa que aconteceu na minha vida como Crist\u00e3o, foi conhecer os amigos de Asas de Socorro, principalmente a Dona Eunice. \u00c9 uma amigona do peito de verdade. Por isso Asas \u00e9 10 em nossa Comunidade.<\/p>\n<p>&nbsp;<\/p>\n<p><strong>RMD: Que palavras de encorajamento voc\u00ea gostaria de deixar para outros educadores sociais crist\u00e3os espalhados por todo o Brasil?<\/strong><\/p>\n<p>Confian\u00e7a em Deus dizendo que \u201cLonge \u00e9 o lugar que n\u00e3o existe\u201d (Prof. Valter Menezes). O professor tem que ser corajoso e criativo, tudo se consegue com a gra\u00e7a de Deus, ainda mais quando \u00e9 para fazer o bem. F\u00e9, confian\u00e7a, criatividade, humildade e paix\u00e3o pela miss\u00e3o do educador. Somos todos Nota 10 com Jesus!<\/p>\n<p>&nbsp;<\/p>\n<p><span style=\"color: #000000;\"><strong>Parabenize o seu educador her\u00f3i. <span style=\"color: #99cc00;\"><a style=\"color: #99cc00;\" href=\"https:\/\/www.facebook.com\/events\/665934096875725\/\" target=\"_blank\">CLIQUE AQUI!<\/a><\/span><\/strong><\/span><\/p>\n","protected":false},"excerpt":{"rendered":"<p>O professor Valter Pereira de Menezes, 44 anos, casado com Francisca Maria e pai de Akeline (17 anos), Luan (14 anos), Diego (11 anos) e David (em mem\u00f3ria) \u00e9 um entre 10 vencedores do Pr\u00eamio Educador Nota 10 de 2015. O pr\u00eamio, uma iniciativa da Funda\u00e7\u00e3o Victor Civita, visa a valoriza\u00e7\u00e3o do trabalho docente. O [&hellip;]<\/p>\n","protected":false},"author":33,"featured_media":5490,"comment_status":"open","ping_status":"open","sticky":false,"template":"","format":"standard","meta":{"ngg_post_thumbnail":0,"footnotes":""},"categories":[15786],"tags":[77,5206,4007,27358,15,5444,24030,27353,103,17733,27360,27359,27357,27352],"class_list":["post-5487","post","type-post","status-publish","format-standard","has-post-thumbnail","hentry","category-em-pauta","tag-amazonia","tag-amor","tag-asas-de-socorro","tag-carinho","tag-criancas","tag-deus","tag-eunice-bueno-cunha","tag-globo","tag-jesus","tag-parintins","tag-premio-educador-nota-10","tag-professor","tag-professor-nota-10","tag-valter-menezes"],"_links":{"self":[{"href":"https:\/\/ultimato.com.br\/sites\/maosdadas\/wp-json\/wp\/v2\/posts\/5487","targetHints":{"allow":["GET"]}}],"collection":[{"href":"https:\/\/ultimato.com.br\/sites\/maosdadas\/wp-json\/wp\/v2\/posts"}],"about":[{"href":"https:\/\/ultimato.com.br\/sites\/maosdadas\/wp-json\/wp\/v2\/types\/post"}],"author":[{"embeddable":true,"href":"https:\/\/ultimato.com.br\/sites\/maosdadas\/wp-json\/wp\/v2\/users\/33"}],"replies":[{"embeddable":true,"href":"https:\/\/ultimato.com.br\/sites\/maosdadas\/wp-json\/wp\/v2\/comments?post=5487"}],"version-history":[{"count":10,"href":"https:\/\/ultimato.com.br\/sites\/maosdadas\/wp-json\/wp\/v2\/posts\/5487\/revisions"}],"predecessor-version":[{"id":5499,"href":"https:\/\/ultimato.com.br\/sites\/maosdadas\/wp-json\/wp\/v2\/posts\/5487\/revisions\/5499"}],"wp:featuredmedia":[{"embeddable":true,"href":"https:\/\/ultimato.com.br\/sites\/maosdadas\/wp-json\/wp\/v2\/media\/5490"}],"wp:attachment":[{"href":"https:\/\/ultimato.com.br\/sites\/maosdadas\/wp-json\/wp\/v2\/media?parent=5487"}],"wp:term":[{"taxonomy":"category","embeddable":true,"href":"https:\/\/ultimato.com.br\/sites\/maosdadas\/wp-json\/wp\/v2\/categories?post=5487"},{"taxonomy":"post_tag","embeddable":true,"href":"https:\/\/ultimato.com.br\/sites\/maosdadas\/wp-json\/wp\/v2\/tags?post=5487"}],"curies":[{"name":"wp","href":"https:\/\/api.w.org\/{rel}","templated":true}]}}