{"id":5460,"date":"2015-09-10T15:10:45","date_gmt":"2015-09-10T18:10:45","guid":{"rendered":"http:\/\/ultimato.com.br\/sites\/maosdadas\/?p=5460"},"modified":"2015-09-10T12:31:11","modified_gmt":"2015-09-10T15:31:11","slug":"josimar-bianchi-e-o-seu-educador-heroi","status":"publish","type":"post","link":"https:\/\/ultimato.com.br\/sites\/maosdadas\/2015\/09\/10\/josimar-bianchi-e-o-seu-educador-heroi\/","title":{"rendered":"Josimar Bianchi e o seu educador her\u00f3i"},"content":{"rendered":"<p>Assista o depoimento comovente de <strong><a href=\"https:\/\/www.facebook.com\/josimar.bianchi?fref=hovercard\" target=\"_blank\">Josimar Bianchi<\/a><\/strong>, um cantor evang\u00e9lico cuja inf\u00e2ncia foi marcada por um dist\u00farbio de aprendizagem grave o suficiente para que fosse encaminhado para uma unidade filiada \u00e0 APAE. Josimar fala de sua cura e agradece a pessoa, o seu educador her\u00f3i, usado por Deus para ajud\u00e1-lo a ser quem ele \u00e9 hoje.<\/p>\n<div><\/div>\n<div>\n<p>Este v\u00eddeo faz parte dos materiais produzidos pela Rede M\u00e3os Dadas para a <strong><a href=\"http:\/\/www.redemaosdadas.org\/meu-educador-social-cristao\/\" target=\"_blank\">Campanha Meu Educador Social Crist\u00e3o<\/a><\/strong> que tem como data o dia 19 de setembro, Dia Nacional do Educador Social. A inten\u00e7\u00e3o \u00e9 ajudar organiza\u00e7\u00f5es sociais crist\u00e3s e igrejas a reconhecer o trabalho important\u00edssimo desenvolvido pelas pessoas que buscam solu\u00e7\u00f5es para as crian\u00e7as mais vulner\u00e1veis. <strong><a href=\"http:\/\/www.redemaosdadas.org\/meu-educador-social-cristao\/\" target=\"_blank\">Participe!<\/a><\/strong><\/p>\n<div class=\"yj6qo ajU\">\n<div id=\":12d\" class=\"ajR\" tabindex=\"0\" data-tooltip=\"Mostrar conte\u00fado cortado\"><img decoding=\"async\" class=\"ajT\" src=\"https:\/\/ssl.gstatic.com\/ui\/v1\/icons\/mail\/images\/cleardot.gif\" alt=\"\" \/><\/div>\n<div class=\"ajR\" tabindex=\"0\" data-tooltip=\"Mostrar conte\u00fado cortado\">Deixe o seu recado para o seu educador her\u00f3i <strong><a href=\"https:\/\/www.facebook.com\/events\/665934096875725\/\" target=\"_blank\">AQUI!<\/a><\/strong><\/div>\n<\/div>\n<div class=\"ajR\" tabindex=\"0\" data-tooltip=\"Mostrar conte\u00fado cortado\"><\/div>\n<\/div>\n<p><code><iframe loading=\"lazy\" src=\"https:\/\/www.youtube.com\/embed\/4EXA-BCfuaQ\" width=\"560\" height=\"315\" frameborder=\"0\" allowfullscreen=\"allowfullscreen\"><\/iframe><\/code><\/p>\n","protected":false},"excerpt":{"rendered":"<p>Assista o depoimento comovente de Josimar Bianchi, um cantor evang\u00e9lico cuja inf\u00e2ncia foi marcada por um dist\u00farbio de aprendizagem grave o suficiente para que fosse encaminhado para uma unidade filiada \u00e0 APAE. Josimar fala de sua cura e agradece a pessoa, o seu educador her\u00f3i, usado por Deus para ajud\u00e1-lo a ser quem ele \u00e9 [&hellip;]<\/p>\n","protected":false},"author":33,"featured_media":0,"comment_status":"open","ping_status":"open","sticky":false,"template":"","format":"standard","meta":{"ngg_post_thumbnail":0,"footnotes":""},"categories":[15786],"tags":[5175,26786,15,19508,7611,27351,24202],"class_list":["post-5460","post","type-post","status-publish","format-standard","hentry","category-em-pauta","tag-adolescentes","tag-campanha-meu-educador-social-cristao","tag-criancas","tag-educador","tag-infancia","tag-josimar-bianchi","tag-vulnerabilidade-social"],"_links":{"self":[{"href":"https:\/\/ultimato.com.br\/sites\/maosdadas\/wp-json\/wp\/v2\/posts\/5460","targetHints":{"allow":["GET"]}}],"collection":[{"href":"https:\/\/ultimato.com.br\/sites\/maosdadas\/wp-json\/wp\/v2\/posts"}],"about":[{"href":"https:\/\/ultimato.com.br\/sites\/maosdadas\/wp-json\/wp\/v2\/types\/post"}],"author":[{"embeddable":true,"href":"https:\/\/ultimato.com.br\/sites\/maosdadas\/wp-json\/wp\/v2\/users\/33"}],"replies":[{"embeddable":true,"href":"https:\/\/ultimato.com.br\/sites\/maosdadas\/wp-json\/wp\/v2\/comments?post=5460"}],"version-history":[{"count":6,"href":"https:\/\/ultimato.com.br\/sites\/maosdadas\/wp-json\/wp\/v2\/posts\/5460\/revisions"}],"predecessor-version":[{"id":5464,"href":"https:\/\/ultimato.com.br\/sites\/maosdadas\/wp-json\/wp\/v2\/posts\/5460\/revisions\/5464"}],"wp:attachment":[{"href":"https:\/\/ultimato.com.br\/sites\/maosdadas\/wp-json\/wp\/v2\/media?parent=5460"}],"wp:term":[{"taxonomy":"category","embeddable":true,"href":"https:\/\/ultimato.com.br\/sites\/maosdadas\/wp-json\/wp\/v2\/categories?post=5460"},{"taxonomy":"post_tag","embeddable":true,"href":"https:\/\/ultimato.com.br\/sites\/maosdadas\/wp-json\/wp\/v2\/tags?post=5460"}],"curies":[{"name":"wp","href":"https:\/\/api.w.org\/{rel}","templated":true}]}}