{"id":5406,"date":"2015-08-27T14:06:15","date_gmt":"2015-08-27T17:06:15","guid":{"rendered":"http:\/\/ultimato.com.br\/sites\/maosdadas\/?p=5406"},"modified":"2015-08-27T14:06:15","modified_gmt":"2015-08-27T17:06:15","slug":"campanha-meu-educador-social-cristao-2015","status":"publish","type":"post","link":"https:\/\/ultimato.com.br\/sites\/maosdadas\/2015\/08\/27\/campanha-meu-educador-social-cristao-2015\/","title":{"rendered":"Campanha Meu Educador Social Crist\u00e3o 2015"},"content":{"rendered":"<p>Aproveitando o Dia Nacional do Educador Social, dia 19 de setembro, a Rede M\u00e3os Dadas deseja mobilizar seus parceiros para juntos lembrar da import\u00e2ncia do trabalho realizado por seus colaboradores, sobretudo aqueles que atuam na linha de frente no enfrentamento a todo tipo de situa\u00e7\u00e3o adversa vivida por crian\u00e7as e adolescentes socialmente vulner\u00e1veis.<\/p>\n<p>Para tanto, al\u00e9m da sugest\u00e3o de v\u00e1rias atividades para serem realizadas nas organiza\u00e7\u00f5es sociais crist\u00e3s, queremos convocar os crist\u00e3os da sociedade em geral para que aproveitem a oportunidade de demonstrar o seu apre\u00e7o ao trabalho e dedica\u00e7\u00e3o destes que s\u00e3o os maiores aliados na luta pelos direitos das crian\u00e7as e adolescentes brasileiros.<\/p>\n<p>Com aten\u00e7\u00e3o especial queremos aumentar a visibilidade dos Educadores Sociais envolvidos em Organiza\u00e7\u00f5es Sociais Crist\u00e3s que perfazem a base da Rede M\u00e3os Dadas.<\/p>\n<p>&nbsp;<\/p>\n<p><strong>Para mais informa\u00e7\u00f5es sobre a campanha acesse:<\/strong>\u00a0<a href=\"http:\/\/www.redemaosdadas.org\/meu-educador-social-cristao\/\" target=\"_blank\">http:\/\/www.redemaosdadas.org\/meu-educador-social-cristao\/<\/a><\/p>\n<p>&nbsp;<\/p>\n<p><a href=\"http:\/\/ultimato.com.br\/sites\/maosdadas\/files\/2015\/08\/cartaz.jpg\" class=\"lightview\" data-lightview-group=\"group-5406\" data-lightview-options=\"skin: 'dark', controls: 'relative', padding: '10', shadow: { color: '#000000', opacity: 0.08, blur: 3 }\"><img loading=\"lazy\" decoding=\"async\" class=\"wp-image-5407 alignleft\" src=\"http:\/\/ultimato.com.br\/sites\/maosdadas\/files\/2015\/08\/cartaz-1024x728.jpg\" alt=\"cartaz\" width=\"569\" height=\"406\" srcset=\"https:\/\/ultimato.com.br\/sites\/maosdadas\/files\/2015\/08\/cartaz-1024x728.jpg 1024w, https:\/\/ultimato.com.br\/sites\/maosdadas\/files\/2015\/08\/cartaz-300x213.jpg 300w, https:\/\/ultimato.com.br\/sites\/maosdadas\/files\/2015\/08\/cartaz-150x107.jpg 150w, https:\/\/ultimato.com.br\/sites\/maosdadas\/files\/2015\/08\/cartaz.jpg 1083w\" sizes=\"auto, (max-width: 569px) 100vw, 569px\" \/><\/a><\/p>\n<p>&nbsp;<\/p>\n","protected":false},"excerpt":{"rendered":"<p>Aproveitando o Dia Nacional do Educador Social, dia 19 de setembro, a Rede M\u00e3os Dadas deseja mobilizar seus parceiros para juntos lembrar da import\u00e2ncia do trabalho realizado por seus colaboradores, sobretudo aqueles que atuam na linha de frente no enfrentamento a todo tipo de situa\u00e7\u00e3o adversa vivida por crian\u00e7as e adolescentes socialmente vulner\u00e1veis. Para tanto, [&hellip;]<\/p>\n","protected":false},"author":33,"featured_media":0,"comment_status":"open","ping_status":"open","sticky":false,"template":"","format":"standard","meta":{"ngg_post_thumbnail":0,"footnotes":""},"categories":[15786],"tags":[5175,26786,15,27330,27329],"class_list":["post-5406","post","type-post","status-publish","format-standard","hentry","category-em-pauta","tag-adolescentes","tag-campanha-meu-educador-social-cristao","tag-criancas","tag-organizacoes-cristas","tag-trabalho-social"],"_links":{"self":[{"href":"https:\/\/ultimato.com.br\/sites\/maosdadas\/wp-json\/wp\/v2\/posts\/5406","targetHints":{"allow":["GET"]}}],"collection":[{"href":"https:\/\/ultimato.com.br\/sites\/maosdadas\/wp-json\/wp\/v2\/posts"}],"about":[{"href":"https:\/\/ultimato.com.br\/sites\/maosdadas\/wp-json\/wp\/v2\/types\/post"}],"author":[{"embeddable":true,"href":"https:\/\/ultimato.com.br\/sites\/maosdadas\/wp-json\/wp\/v2\/users\/33"}],"replies":[{"embeddable":true,"href":"https:\/\/ultimato.com.br\/sites\/maosdadas\/wp-json\/wp\/v2\/comments?post=5406"}],"version-history":[{"count":4,"href":"https:\/\/ultimato.com.br\/sites\/maosdadas\/wp-json\/wp\/v2\/posts\/5406\/revisions"}],"predecessor-version":[{"id":5411,"href":"https:\/\/ultimato.com.br\/sites\/maosdadas\/wp-json\/wp\/v2\/posts\/5406\/revisions\/5411"}],"wp:attachment":[{"href":"https:\/\/ultimato.com.br\/sites\/maosdadas\/wp-json\/wp\/v2\/media?parent=5406"}],"wp:term":[{"taxonomy":"category","embeddable":true,"href":"https:\/\/ultimato.com.br\/sites\/maosdadas\/wp-json\/wp\/v2\/categories?post=5406"},{"taxonomy":"post_tag","embeddable":true,"href":"https:\/\/ultimato.com.br\/sites\/maosdadas\/wp-json\/wp\/v2\/tags?post=5406"}],"curies":[{"name":"wp","href":"https:\/\/api.w.org\/{rel}","templated":true}]}}