{"id":5113,"date":"2015-06-03T12:49:35","date_gmt":"2015-06-03T15:49:35","guid":{"rendered":"http:\/\/ultimato.com.br\/sites\/maosdadas\/?p=5113"},"modified":"2015-06-03T13:08:48","modified_gmt":"2015-06-03T16:08:48","slug":"faltam-2-dias","status":"publish","type":"post","link":"https:\/\/ultimato.com.br\/sites\/maosdadas\/2015\/06\/03\/faltam-2-dias\/","title":{"rendered":"Faltam 2 dias!"},"content":{"rendered":"<p><span style=\"font-family: 'Trebuchet MS', Geneva; font-size: 16px; color: #000000;\">\u00a0<\/span><\/p>\n<div id=\"attachment_5117\" style=\"width: 540px\" class=\"wp-caption aligncenter\"><a href=\"http:\/\/ultimato.com.br\/sites\/maosdadas\/files\/2015\/06\/Bem_Estar_Sabinapolis_0013.jpg\" class=\"lightview\" data-lightview-group=\"group-5113\" data-lightview-options=\"skin: 'dark', controls: 'relative', padding: '10', shadow: { color: '#000000', opacity: 0.08, blur: 3 }\"><img loading=\"lazy\" decoding=\"async\" aria-describedby=\"caption-attachment-5117\" class=\"wp-image-5117\" src=\"http:\/\/ultimato.com.br\/sites\/maosdadas\/files\/2015\/06\/Bem_Estar_Sabinapolis_0013.jpg\" alt=\"Day Care Graduation\" width=\"530\" height=\"353\" srcset=\"https:\/\/ultimato.com.br\/sites\/maosdadas\/files\/2015\/06\/Bem_Estar_Sabinapolis_0013.jpg 857w, https:\/\/ultimato.com.br\/sites\/maosdadas\/files\/2015\/06\/Bem_Estar_Sabinapolis_0013-300x200.jpg 300w, https:\/\/ultimato.com.br\/sites\/maosdadas\/files\/2015\/06\/Bem_Estar_Sabinapolis_0013-150x100.jpg 150w\" sizes=\"auto, (max-width: 530px) 100vw, 530px\" \/><\/a><p id=\"caption-attachment-5117\" class=\"wp-caption-text\">Participe voc\u00ea tamb\u00e9m!<\/p><\/div>\n<p><span style=\"font-family: 'Trebuchet MS', Geneva; font-size: 16px; color: #000000;\">Agora estamos chegando na reta final! <\/span><\/p>\n<p>&nbsp;<\/p>\n<p><span style=\"font-family: 'Trebuchet MS', Geneva; font-size: 16px; color: #000000;\">Faltam apenas 2 dias para o <a href=\"http:\/\/www.redemaosdadas.org\/mutirao-mundial-de-oracao\/mutirao-mundial-de-oracao-2015\/\" target=\"_blank\"><strong>20\u00ba Mutir\u00e3o Mundial de Ora\u00e7\u00e3o pelas Crian\u00e7as e Adolescentes Socialmente Vulner\u00e1vei<\/strong>s<\/a>, e voc\u00ea e sua igreja n\u00e3o podem ficar de fora deste momento t\u00e3o importante. Contamos com sua participa\u00e7\u00e3o!<br \/>\n<\/span><\/p>\n<p>&nbsp;<\/p>\n<p><span style=\"font-family: 'Trebuchet MS', Geneva; font-size: 16px; color: #000000;\">Visite nosso site e baixe o material de apoio dispon\u00edvel. L\u00e1 voc\u00ea encontrar\u00e1 o <strong><a style=\"color: #db640a;\" href=\"http:\/\/www.redemaosdadas.org\/mutirao-mundial-de-oracao\/mutirao-mundial-de-oracao-2015\/baixe-o-cartaz\/cartaz-mutirao-mundial-de-oracao-2015\/\" target=\"_blank\">cartaz<\/a><\/strong>, o <strong><a style=\"color: #db640a;\" href=\"http:\/\/www.redemaosdadas.org\/mutirao-mundial-de-oracao\/mutirao-mundial-de-oracao-2015\/obtenha-pacote-de-informacoes\/guia-de-oracao\/\" target=\"_blank\">guia de ora\u00e7\u00e3o<\/a><\/strong>, um <strong><a style=\"color: #db640a;\" href=\"http:\/\/www.redemaosdadas.org\/mutirao-mundial-de-oracao\/mutirao-mundial-de-oracao-2015\/obtenha-pacote-de-informacoes\/power-point\/\" target=\"_blank\">power point com fotos e motivos de ora\u00e7\u00e3o<\/a>, <a style=\"color: #db640a;\" href=\"http:\/\/www.redemaosdadas.org\/mutirao-mundial-de-oracao\/mutirao-mundial-de-oracao-2015\/obtenha-pacote-de-informacoes\/reflexoes-para-o-mmo\/\" target=\"_blank\">reflex\u00f5es para o mmo<\/a>, <a style=\"color: #db640a;\" href=\"http:\/\/www.redemaosdadas.org\/mutirao-mundial-de-oracao\/mutirao-mundial-de-oracao-2015\/obtenha-pacote-de-informacoes\/video-vamos-orar\/\" target=\"_blank\">v\u00eddeo<\/a>, <a style=\"color: #db640a;\" href=\"http:\/\/www.redemaosdadas.org\/mutirao-mundial-de-oracao\/mutirao-mundial-de-oracao-2015\/obtenha-pacote-de-informacoes\/liturgias\/\" target=\"_blank\">liturgias<\/a>, <span style=\"color: #ba4d1a;\"><a style=\"color: #ba4d1a;\" href=\"http:\/\/www.redemaosdadas.org\/mutirao-mundial-de-oracao\/mutirao-mundial-de-oracao-2015\/obtenha-pacote-de-informacoes\/imagens\/\" target=\"_blank\">fotos<\/a> <\/span>e muito mais.<br \/>\n<\/strong><br \/>\n<\/span><\/p>\n<p><span style=\"font-family: 'Trebuchet MS', Geneva; font-size: 16px; color: #000000;\">O tema este ano \u00e9 \u201cJesus presente na inf\u00e2ncia de cada crian\u00e7a\u201d.<\/span><\/p>\n<p>&nbsp;<\/p>\n<p><span style=\"font-family: 'Trebuchet MS', Geneva; font-size: 16px; color: #000000;\">Participe conosco.<\/span><\/p>\n<p>&nbsp;<\/p>\n<p><span style=\"font-family: 'Trebuchet MS', Geneva; font-size: 16px; color: #000000;\"><strong>Baixe o material de apoio<\/strong> <strong><a style=\"color: #db640a;\" href=\"http:\/\/www.redemaosdadas.org\/mutirao-mundial-de-oracao\/mutirao-mundial-de-oracao-2015\/\" target=\"_blank\">AQUI!<\/a><\/strong><\/span><\/p>\n<p>&nbsp;<\/p>\n<div><span style=\"font-family: 'Trebuchet MS', Geneva; font-size: 16px; color: #000000;\"><strong>Participe das 40 Horas de Ora\u00e7\u00e3o no Facebook<\/strong>, (<strong><a style=\"color: #db640a;\" href=\"http:\/\/www.redemaosdadas.org\/mutirao-mundial-de-oracao\/mutirao-mundial-de-oracao-2015\/40-horas-de-oracao-no-facebook\/campanha-de-oracao\/\" target=\"_blank\">Clique aqui!<\/a><\/strong>)<\/span><\/div>\n<p>&nbsp;<\/p>\n","protected":false},"excerpt":{"rendered":"<p>\u00a0 Agora estamos chegando na reta final! &nbsp; Faltam apenas 2 dias para o 20\u00ba Mutir\u00e3o Mundial de Ora\u00e7\u00e3o pelas Crian\u00e7as e Adolescentes Socialmente Vulner\u00e1veis, e voc\u00ea e sua igreja n\u00e3o podem ficar de fora deste momento t\u00e3o importante. Contamos com sua participa\u00e7\u00e3o! &nbsp; Visite nosso site e baixe o material de apoio dispon\u00edvel. L\u00e1 [&hellip;]<\/p>\n","protected":false},"author":33,"featured_media":0,"comment_status":"open","ping_status":"open","sticky":false,"template":"","format":"standard","meta":{"ngg_post_thumbnail":0,"footnotes":""},"categories":[15874],"tags":[5175,15,103,17006],"class_list":["post-5113","post","type-post","status-publish","format-standard","hentry","category-anuncios","tag-adolescentes","tag-criancas","tag-jesus","tag-mutirao-mundial-de-oracao"],"_links":{"self":[{"href":"https:\/\/ultimato.com.br\/sites\/maosdadas\/wp-json\/wp\/v2\/posts\/5113","targetHints":{"allow":["GET"]}}],"collection":[{"href":"https:\/\/ultimato.com.br\/sites\/maosdadas\/wp-json\/wp\/v2\/posts"}],"about":[{"href":"https:\/\/ultimato.com.br\/sites\/maosdadas\/wp-json\/wp\/v2\/types\/post"}],"author":[{"embeddable":true,"href":"https:\/\/ultimato.com.br\/sites\/maosdadas\/wp-json\/wp\/v2\/users\/33"}],"replies":[{"embeddable":true,"href":"https:\/\/ultimato.com.br\/sites\/maosdadas\/wp-json\/wp\/v2\/comments?post=5113"}],"version-history":[{"count":4,"href":"https:\/\/ultimato.com.br\/sites\/maosdadas\/wp-json\/wp\/v2\/posts\/5113\/revisions"}],"predecessor-version":[{"id":5118,"href":"https:\/\/ultimato.com.br\/sites\/maosdadas\/wp-json\/wp\/v2\/posts\/5113\/revisions\/5118"}],"wp:attachment":[{"href":"https:\/\/ultimato.com.br\/sites\/maosdadas\/wp-json\/wp\/v2\/media?parent=5113"}],"wp:term":[{"taxonomy":"category","embeddable":true,"href":"https:\/\/ultimato.com.br\/sites\/maosdadas\/wp-json\/wp\/v2\/categories?post=5113"},{"taxonomy":"post_tag","embeddable":true,"href":"https:\/\/ultimato.com.br\/sites\/maosdadas\/wp-json\/wp\/v2\/tags?post=5113"}],"curies":[{"name":"wp","href":"https:\/\/api.w.org\/{rel}","templated":true}]}}