{"id":4989,"date":"2015-04-29T16:08:36","date_gmt":"2015-04-29T19:08:36","guid":{"rendered":"http:\/\/ultimato.com.br\/sites\/maosdadas\/?p=4989"},"modified":"2015-04-30T13:53:49","modified_gmt":"2015-04-30T16:53:49","slug":"tesouros-escondidos-na-sua-comunidade","status":"publish","type":"post","link":"https:\/\/ultimato.com.br\/sites\/maosdadas\/2015\/04\/29\/tesouros-escondidos-na-sua-comunidade\/","title":{"rendered":"Tesouros escondidos na sua comunidade!"},"content":{"rendered":"<p><a href=\"http:\/\/ultimato.com.br\/sites\/maosdadas\/files\/2014\/04\/sextas.jpg\" class=\"lightview\" data-lightview-group=\"group-4989\" data-lightview-options=\"skin: 'dark', controls: 'relative', padding: '10', shadow: { color: '#000000', opacity: 0.08, blur: 3 }\"><img loading=\"lazy\" decoding=\"async\" class=\"alignleft  wp-image-3475\" src=\"http:\/\/ultimato.com.br\/sites\/maosdadas\/files\/2014\/04\/sextas.jpg\" alt=\"sextas\" width=\"605\" height=\"140\" srcset=\"https:\/\/ultimato.com.br\/sites\/maosdadas\/files\/2014\/04\/sextas-300x68.jpg 300w, https:\/\/ultimato.com.br\/sites\/maosdadas\/files\/2014\/04\/sextas-150x34.jpg 150w\" sizes=\"auto, (max-width: 605px) 100vw, 605px\" \/><\/a><strong>O que pode acontecer em uma\u00a0col\u00f4nia de pescadores cercada por riquezas naturais escondidas no fundo do mar, em que reside uma mission\u00e1ria que faz mergulho e que gosta de crian\u00e7as?!<\/strong><\/p>\n<p>A resposta est\u00e1 no album de fotos abaixo! Conhe\u00e7a o trabalho da misson\u00e1ria Alison M. Worrall&#8230;<\/p>\n<p>Entre os dias 03 a 09 de abril 2015,\u00a0aconteceu nas depend\u00eancias da Igreja Crist\u00e3 Nova Vida em Maraca\u00edpe, a exposi\u00e7\u00e3o:\u00a0<strong>Pascoa, Peixes e o\u00a0Pontal &#8211;\u00a0\u201cConhecendo seu\u00a0quintal\u201d<\/strong> promovida e produzida pela\u00a0mission\u00e1ria <em>Alison M. Worrall<\/em>. A exposi\u00e7\u00e3o foi composta por 18 fotos, 152 visitantes e 84 crian\u00e7as da escola municipal.<\/p>\n<p>Formada em fotografia na Escola de Arte de Plymouth na Inglaterra Alison se especializou em fotografia\u00a0aqu\u00e1tica no \u00fanico curso de n\u00edvel superior oferecido na europa. Mas, durante os \u00faltimos 25 anos ela tem\u00a0trabalhado em defesa dos direitos das crian\u00e7as e adolescentes com diversos projetos sociais no Brasil atuando\u00a0como educadora art\u00edstica\/social e tamb\u00e9m\u00a0como Facilitadora da Rede M\u00e3os Dadas no Nordeste.<!--more--><\/p>\n<p>Atualmente colabora com iniciativas voltadas para a prote\u00e7\u00e3o da inf\u00e2ncia\u00a0em Maraca\u00edpe.\u00a0Sua paix\u00e3o pela Baia de Maraca\u00edpe nasceu h\u00e1 mais de 12 anos enquanto morava em Recife. Cada visita\u00a0apresentava novas descobertas, mudan\u00e7as no pontal, p\u00f4res do sol deslumbrantes, e condi\u00e7\u00f5es de mergulho\u00a0bem diferenciadas devido as fases da lua e da mar\u00e9. Naquelas vindas nunca foi cogitada a posibilidade de se\u00a0tornar moradora da vila. Mas, isso aconteceu e h\u00e1 tr\u00eas anos em v\u00e1rios mergulhos livres as fotos\u00a0desta exposi\u00e7\u00e3o\/amostra, registram um pouco da biodiversidade e vida marinha do recife localizada no Pontal\u00a0de Maraca\u00edpe.<\/p>\n<p>A p\u00e1scoa nos lembra de uma paix\u00e3o maior, a f\u00e9 em Cristo Jesus. Para Alison um envolvimento pessoal em\u00a0conserva\u00e7\u00e3o \u00e9 resultado de uma f\u00e9 B\u00edblica no Deus vivo que criou o mundo, ama-o e confiou seu cuidado ao\u00a0ser humano. Vida em Cristo tamb\u00e9m significa responsibilidade social e ambiental.\u00a0Incentivar a valoriza\u00e7\u00e3o e zelar pela conserva\u00e7\u00e3o dos preciosos recifes de Maraca\u00edpe, foi a grande motiva\u00e7\u00e3o\u00a0para socializar estas imagens.<\/p>\n<p>Incluir as crian\u00e7as como protagonistas neste projeto \u00e9 sua grande esperan\u00e7a.<\/p>\n<p><code><!-- Place this tag in your head or just before your close body tag. --><br \/>\n<script src=\"https:\/\/apis.google.com\/js\/plusone.js\" type=\"text\/javascript\"><\/script><\/code><\/p>\n<p><!-- Place this tag where you want the widget to render. --><\/p>\n<div class=\"g-post\" data-href=\"https:\/\/plus.google.com\/111700021162190097257\/posts\/d5cD7AnBXHE\"><\/div>\n<p>&nbsp;<\/p>\n","protected":false},"excerpt":{"rendered":"<p>O que pode acontecer em uma\u00a0col\u00f4nia de pescadores cercada por riquezas naturais escondidas no fundo do mar, em que reside uma mission\u00e1ria que faz mergulho e que gosta de crian\u00e7as?! A resposta est\u00e1 no album de fotos abaixo! Conhe\u00e7a o trabalho da misson\u00e1ria Alison M. Worrall&#8230; Entre os dias 03 a 09 de abril 2015,\u00a0aconteceu [&hellip;]<\/p>\n","protected":false},"author":33,"featured_media":0,"comment_status":"open","ping_status":"open","sticky":false,"template":"","format":"standard","meta":{"ngg_post_thumbnail":0,"footnotes":""},"categories":[5799],"tags":[24166,24167,24168],"class_list":["post-4989","post","type-post","status-publish","format-standard","hentry","category-noticia","tag-boas-iniciativas","tag-boas-praticas-alison-worral","tag-exposicao-fotografica"],"_links":{"self":[{"href":"https:\/\/ultimato.com.br\/sites\/maosdadas\/wp-json\/wp\/v2\/posts\/4989","targetHints":{"allow":["GET"]}}],"collection":[{"href":"https:\/\/ultimato.com.br\/sites\/maosdadas\/wp-json\/wp\/v2\/posts"}],"about":[{"href":"https:\/\/ultimato.com.br\/sites\/maosdadas\/wp-json\/wp\/v2\/types\/post"}],"author":[{"embeddable":true,"href":"https:\/\/ultimato.com.br\/sites\/maosdadas\/wp-json\/wp\/v2\/users\/33"}],"replies":[{"embeddable":true,"href":"https:\/\/ultimato.com.br\/sites\/maosdadas\/wp-json\/wp\/v2\/comments?post=4989"}],"version-history":[{"count":16,"href":"https:\/\/ultimato.com.br\/sites\/maosdadas\/wp-json\/wp\/v2\/posts\/4989\/revisions"}],"predecessor-version":[{"id":5005,"href":"https:\/\/ultimato.com.br\/sites\/maosdadas\/wp-json\/wp\/v2\/posts\/4989\/revisions\/5005"}],"wp:attachment":[{"href":"https:\/\/ultimato.com.br\/sites\/maosdadas\/wp-json\/wp\/v2\/media?parent=4989"}],"wp:term":[{"taxonomy":"category","embeddable":true,"href":"https:\/\/ultimato.com.br\/sites\/maosdadas\/wp-json\/wp\/v2\/categories?post=4989"},{"taxonomy":"post_tag","embeddable":true,"href":"https:\/\/ultimato.com.br\/sites\/maosdadas\/wp-json\/wp\/v2\/tags?post=4989"}],"curies":[{"name":"wp","href":"https:\/\/api.w.org\/{rel}","templated":true}]}}