{"id":4972,"date":"2015-04-23T13:25:15","date_gmt":"2015-04-23T16:25:15","guid":{"rendered":"http:\/\/ultimato.com.br\/sites\/maosdadas\/?p=4972"},"modified":"2015-04-23T13:25:15","modified_gmt":"2015-04-23T16:25:15","slug":"a-rede-em-acao-por-uma-infancia-e-comunidades-protegidas","status":"publish","type":"post","link":"https:\/\/ultimato.com.br\/sites\/maosdadas\/2015\/04\/23\/a-rede-em-acao-por-uma-infancia-e-comunidades-protegidas\/","title":{"rendered":"A Rede em A\u00e7\u00e3o por uma inf\u00e2ncia e comunidades protegidas"},"content":{"rendered":"<p><a href=\"http:\/\/ultimato.com.br\/sites\/maosdadas\/files\/2014\/04\/quintas2.jpg\" class=\"lightview\" data-lightview-group=\"group-4972\" data-lightview-options=\"skin: 'dark', controls: 'relative', padding: '10', shadow: { color: '#000000', opacity: 0.08, blur: 3 }\"><img loading=\"lazy\" decoding=\"async\" class=\"alignleft  wp-image-3533\" src=\"http:\/\/ultimato.com.br\/sites\/maosdadas\/files\/2014\/04\/quintas2.jpg\" alt=\"quintas2\" width=\"659\" height=\"152\" \/><\/a><\/p>\n<p><span style=\"color: #808000;\"><strong>Para mais informa\u00e7\u00f5es acesse: <span style=\"color: #0000ff;\"><a style=\"color: #0000ff;\" href=\"http:\/\/www.batistas-mg.org.br\/\" target=\"_blank\">www.batistas-mg.org.br<\/a><\/span><\/strong><\/span><\/p>\n<p><a href=\"http:\/\/ultimato.com.br\/sites\/maosdadas\/files\/2015\/04\/Cartaz_Seminario_NorteMinas-FINALISSIMO-1.jpg\" class=\"lightview\" data-lightview-group=\"group-4972\" data-lightview-options=\"skin: 'dark', controls: 'relative', padding: '10', shadow: { color: '#000000', opacity: 0.08, blur: 3 }\"><img loading=\"lazy\" decoding=\"async\" class=\"alignleft  wp-image-4973\" src=\"http:\/\/ultimato.com.br\/sites\/maosdadas\/files\/2015\/04\/Cartaz_Seminario_NorteMinas-FINALISSIMO-1.jpg\" alt=\"Cartaz_Seminario_NorteMinas FINALISSIMO (1)\" width=\"463\" height=\"651\" \/><\/a><\/p>\n","protected":false},"excerpt":{"rendered":"<p>Para mais informa\u00e7\u00f5es acesse: www.batistas-mg.org.br<\/p>\n","protected":false},"author":33,"featured_media":0,"comment_status":"open","ping_status":"open","sticky":false,"template":"","format":"standard","meta":{"ngg_post_thumbnail":0,"footnotes":""},"categories":[15874],"tags":[73,15,5528,24164,7611,24163],"class_list":["post-4972","post","type-post","status-publish","format-standard","hentry","category-anuncios","tag-comunidade","tag-criancas","tag-exploracao-sexual","tag-igreja-batista-monte-carmelo","tag-infancia","tag-petrucia-de-melo-andrade"],"_links":{"self":[{"href":"https:\/\/ultimato.com.br\/sites\/maosdadas\/wp-json\/wp\/v2\/posts\/4972","targetHints":{"allow":["GET"]}}],"collection":[{"href":"https:\/\/ultimato.com.br\/sites\/maosdadas\/wp-json\/wp\/v2\/posts"}],"about":[{"href":"https:\/\/ultimato.com.br\/sites\/maosdadas\/wp-json\/wp\/v2\/types\/post"}],"author":[{"embeddable":true,"href":"https:\/\/ultimato.com.br\/sites\/maosdadas\/wp-json\/wp\/v2\/users\/33"}],"replies":[{"embeddable":true,"href":"https:\/\/ultimato.com.br\/sites\/maosdadas\/wp-json\/wp\/v2\/comments?post=4972"}],"version-history":[{"count":6,"href":"https:\/\/ultimato.com.br\/sites\/maosdadas\/wp-json\/wp\/v2\/posts\/4972\/revisions"}],"predecessor-version":[{"id":4979,"href":"https:\/\/ultimato.com.br\/sites\/maosdadas\/wp-json\/wp\/v2\/posts\/4972\/revisions\/4979"}],"wp:attachment":[{"href":"https:\/\/ultimato.com.br\/sites\/maosdadas\/wp-json\/wp\/v2\/media?parent=4972"}],"wp:term":[{"taxonomy":"category","embeddable":true,"href":"https:\/\/ultimato.com.br\/sites\/maosdadas\/wp-json\/wp\/v2\/categories?post=4972"},{"taxonomy":"post_tag","embeddable":true,"href":"https:\/\/ultimato.com.br\/sites\/maosdadas\/wp-json\/wp\/v2\/tags?post=4972"}],"curies":[{"name":"wp","href":"https:\/\/api.w.org\/{rel}","templated":true}]}}