{"id":4938,"date":"2015-04-06T13:27:41","date_gmt":"2015-04-06T16:27:41","guid":{"rendered":"http:\/\/ultimato.com.br\/sites\/maosdadas\/?p=4938"},"modified":"2015-04-06T13:27:41","modified_gmt":"2015-04-06T16:27:41","slug":"a-nossa-esperanca-esta-no-futuro","status":"publish","type":"post","link":"https:\/\/ultimato.com.br\/sites\/maosdadas\/2015\/04\/06\/a-nossa-esperanca-esta-no-futuro\/","title":{"rendered":"A nossa esperan\u00e7a est\u00e1 no futuro"},"content":{"rendered":"<p><span style=\"color: #0000ff;\"><em><strong><a href=\"http:\/\/ultimato.com.br\/sites\/maosdadas\/files\/2014\/09\/segundas-1024x231.jpg\" class=\"lightview\" data-lightview-group=\"group-4938\" data-lightview-options=\"skin: 'dark', controls: 'relative', padding: '10', shadow: { color: '#000000', opacity: 0.08, blur: 3 }\"><img loading=\"lazy\" decoding=\"async\" class=\"alignleft size-full wp-image-4331\" src=\"http:\/\/ultimato.com.br\/sites\/maosdadas\/files\/2014\/09\/segundas-1024x231.jpg\" alt=\"segundas-1024x231\" width=\"590\" height=\"133\" srcset=\"https:\/\/ultimato.com.br\/sites\/maosdadas\/files\/2014\/09\/segundas-1024x231.jpg 590w, https:\/\/ultimato.com.br\/sites\/maosdadas\/files\/2014\/09\/segundas-1024x231-300x67.jpg 300w, https:\/\/ultimato.com.br\/sites\/maosdadas\/files\/2014\/09\/segundas-1024x231-150x33.jpg 150w\" sizes=\"auto, (max-width: 590px) 100vw, 590px\" \/><\/a>Por\u00a0Vanderlei Schach<\/strong><\/em><\/span><\/p>\n<p><strong>Pois vejam! Criarei novos c\u00e9us e nova terra, e as coisas passadas n\u00e3o ser\u00e3o lembradas. Jamais vir\u00e3o \u00e0 mente! (Is 65.17).<\/strong><\/p>\n<p>Atualmente h\u00e1 muitas pessoas que vivem pensando em seu passado. Algumas com raz\u00e3o devido \u00e0 viol\u00eancia sofrida na inf\u00e2ncia ou mesmo na idade adulta e n\u00e3o conseguem administrar as consequ\u00eancias decorrentes da viol\u00eancia sofrida. Outras simplesmente se lamentam dizendo que se as situa\u00e7\u00f5es passadas tivessem sido melhores, o presente tamb\u00e9m poderia ser melhor. Seja como for, parece que Deus j\u00e1 sabia dos dilemas humanos.<\/p>\n<p><a href=\"http:\/\/ultimato.com.br\/sites\/maosdadas\/files\/2015\/04\/The-Chronicles-Of-Narnia-001.jpg\" class=\"lightview\" data-lightview-group=\"group-4938\" data-lightview-options=\"skin: 'dark', controls: 'relative', padding: '10', shadow: { color: '#000000', opacity: 0.08, blur: 3 }\" data-lightview-title=\"http:\/\/pixgood.com\/chronicles-of-narnia-animal-characters.html\"><img loading=\"lazy\" decoding=\"async\" class=\"alignright wp-image-4939 size-full\" title=\"http:\/\/pixgood.com\/chronicles-of-narnia-animal-characters.html\" src=\"http:\/\/ultimato.com.br\/sites\/maosdadas\/files\/2015\/04\/The-Chronicles-Of-Narnia-001.jpg\" alt=\"The-Chronicles-Of-Narnia-001\" width=\"460\" height=\"276\" srcset=\"https:\/\/ultimato.com.br\/sites\/maosdadas\/files\/2015\/04\/The-Chronicles-Of-Narnia-001.jpg 460w, https:\/\/ultimato.com.br\/sites\/maosdadas\/files\/2015\/04\/The-Chronicles-Of-Narnia-001-300x180.jpg 300w, https:\/\/ultimato.com.br\/sites\/maosdadas\/files\/2015\/04\/The-Chronicles-Of-Narnia-001-150x90.jpg 150w\" sizes=\"auto, (max-width: 460px) 100vw, 460px\" \/><\/a>No texto b\u00edblico de Isa\u00edas 65.17-25 o profeta menciona que Deus far\u00e1 novas todas as coisas e as antigas n\u00e3o ser\u00e3o mais lembradas. O povo dever\u00e1 ter alegria pelas coisas novas que Deus criar\u00e1, porque n\u00e3o se ouvir\u00e1 mais voz de choro de tristeza. Crian\u00e7as viver\u00e3o muitos dias, ou seja, para sempre. Pessoas construir\u00e3o casas e morar\u00e3o nelas, plantar\u00e3o lavouras e colher\u00e3o e comer\u00e3o do seu fruto. \u00c9 uma indica\u00e7\u00e3o que o povo viver\u00e1 em seguran\u00e7a. Uma cita\u00e7\u00e3o importante \u00e9 que as pessoas ou os pais n\u00e3o trabalhar\u00e3o mais em v\u00e3o, mas ter\u00e3o uma retribui\u00e7\u00e3o digna de seu trabalho e, mais importante ainda \u00e9 que n\u00e3o gerar\u00e3o filhos para desgra\u00e7a, isto \u00e9, os filhos ser\u00e3o protegidos de doen\u00e7as, viol\u00eancia e a mortalidade infantil n\u00e3o ser\u00e1 conhecida (veja Lv 26.16). Assim as gera\u00e7\u00f5es ter\u00e3o sucessivamente a b\u00ean\u00e7\u00e3o de Deus e as linhagens familiares continuar\u00e3o sem interrup\u00e7\u00e3o e com os idosos testemunhando os feitos de Deus. O \u00e1pice dessa narrativa ocorre no verso 24: \u201cAntes de clamarem, eu responderei; ainda n\u00e3o estar\u00e3o falando, eu os ouvirei.\u201d Isto significa que o relacionamento entre Deus e seu povo ser\u00e1 restaurado assim como a rela\u00e7\u00e3o da v\u00edtima com seu predador (65.25), que aponta para a reconcilia\u00e7\u00e3o da humanidade e a natureza criada por Deus. O mesmo verso ainda declara que \u201cningu\u00e9m far\u00e1 mal nem destrui\u00e7\u00e3o&#8230;\u201d aponta para a reconcilia\u00e7\u00e3o entre os seres humanos. A partir dessa narrativa b\u00edblica podemos olhar com otimismo e esperan\u00e7a para o futuro.<!--more--><\/p>\n<p>A situa\u00e7\u00e3o de viola\u00e7\u00e3o dos direitos da crian\u00e7a, que podem ocorrer na forma de quem deveria proteger, agride, como acontece em algumas fam\u00edlias. Este cen\u00e1rio vai praticamente virando cultura e emerge a impunidade que instala nas rela\u00e7\u00f5es familiares a viola\u00e7\u00e3o dos direitos da crian\u00e7a. No Brasil muitas crian\u00e7as em vez de serem acolhidas pelos adultos e t\u00ea-los como refer\u00eancia de princ\u00edpios \u00e9ticos e morais s\u00e3o estimuladas precocemente \u00e0 viol\u00eancia, sexualidade, intimida\u00e7\u00e3o entre outros.<\/p>\n<p>Estas formas de viol\u00eancia que v\u00e3o sendo constru\u00eddas na crian\u00e7a, e \u00e0s vezes at\u00e9 inconscientemente por causa da press\u00e3o do sistema, poder\u00e3o ser repetidas com a pr\u00f3xima gera\u00e7\u00e3o. A isso ainda pode ser somado o sensacionalismo de alguns profissionais de m\u00eddia que acabam por revitimar a crian\u00e7a que sofreu viola\u00e7\u00e3o dos seus direitos, embora tenha um papel importante na den\u00fancia da viol\u00eancia e forma\u00e7\u00e3o da opini\u00e3o p\u00fablica.<\/p>\n<p>O n\u00e3o cumprimento dos direitos preconizados na legisla\u00e7\u00e3o vigente para prote\u00e7\u00e3o da crian\u00e7a aponta para um certo desrespeito \u00e0 crian\u00e7a. A partir do texto b\u00edblico, educadores, professores e pais podem alimentar uma esperan\u00e7a no que diz respeito \u00e0 prote\u00e7\u00e3o da crian\u00e7a. Como diz o texto, ainda h\u00e1 esperan\u00e7a para construir, plantar colher e saborear os resultados desta colheita na sociedade brasileira, deixando o mal no passado, fazendo tudo novo.<\/p>\n<p>&nbsp;<\/p>\n<p><span style=\"color: #0000ff;\"><strong>Quest\u00f5es para reflex\u00e3o:<\/strong><\/span><\/p>\n<p>1- Como fazer para que a crian\u00e7a deixe seus traumas no passado e tenha uma perspectiva otimista de futuro?<\/p>\n<p>2- Que iniciativas podemos tomar para conscientizar os adultos para a n\u00e3o viola\u00e7\u00e3o dos direitos da crian\u00e7a?<\/p>\n","protected":false},"excerpt":{"rendered":"<p>Por\u00a0Vanderlei Schach Pois vejam! Criarei novos c\u00e9us e nova terra, e as coisas passadas n\u00e3o ser\u00e3o lembradas. Jamais vir\u00e3o \u00e0 mente! (Is 65.17). Atualmente h\u00e1 muitas pessoas que vivem pensando em seu passado. Algumas com raz\u00e3o devido \u00e0 viol\u00eancia sofrida na inf\u00e2ncia ou mesmo na idade adulta e n\u00e3o conseguem administrar as consequ\u00eancias decorrentes da [&hellip;]<\/p>\n","protected":false},"author":33,"featured_media":0,"comment_status":"open","ping_status":"open","sticky":false,"template":"","format":"standard","meta":{"ngg_post_thumbnail":0,"footnotes":""},"categories":[15786],"tags":[61,5444,5506,4069,6097],"class_list":["post-4938","post","type-post","status-publish","format-standard","hentry","category-em-pauta","tag-crianca","tag-deus","tag-esperanca","tag-filhos","tag-violencia"],"_links":{"self":[{"href":"https:\/\/ultimato.com.br\/sites\/maosdadas\/wp-json\/wp\/v2\/posts\/4938","targetHints":{"allow":["GET"]}}],"collection":[{"href":"https:\/\/ultimato.com.br\/sites\/maosdadas\/wp-json\/wp\/v2\/posts"}],"about":[{"href":"https:\/\/ultimato.com.br\/sites\/maosdadas\/wp-json\/wp\/v2\/types\/post"}],"author":[{"embeddable":true,"href":"https:\/\/ultimato.com.br\/sites\/maosdadas\/wp-json\/wp\/v2\/users\/33"}],"replies":[{"embeddable":true,"href":"https:\/\/ultimato.com.br\/sites\/maosdadas\/wp-json\/wp\/v2\/comments?post=4938"}],"version-history":[{"count":4,"href":"https:\/\/ultimato.com.br\/sites\/maosdadas\/wp-json\/wp\/v2\/posts\/4938\/revisions"}],"predecessor-version":[{"id":4943,"href":"https:\/\/ultimato.com.br\/sites\/maosdadas\/wp-json\/wp\/v2\/posts\/4938\/revisions\/4943"}],"wp:attachment":[{"href":"https:\/\/ultimato.com.br\/sites\/maosdadas\/wp-json\/wp\/v2\/media?parent=4938"}],"wp:term":[{"taxonomy":"category","embeddable":true,"href":"https:\/\/ultimato.com.br\/sites\/maosdadas\/wp-json\/wp\/v2\/categories?post=4938"},{"taxonomy":"post_tag","embeddable":true,"href":"https:\/\/ultimato.com.br\/sites\/maosdadas\/wp-json\/wp\/v2\/tags?post=4938"}],"curies":[{"name":"wp","href":"https:\/\/api.w.org\/{rel}","templated":true}]}}