{"id":4838,"date":"2015-02-06T10:20:48","date_gmt":"2015-02-06T13:20:48","guid":{"rendered":"http:\/\/ultimato.com.br\/sites\/maosdadas\/?p=4838"},"modified":"2015-02-06T09:15:03","modified_gmt":"2015-02-06T12:15:03","slug":"o-universo-contado-pelas-criancas","status":"publish","type":"post","link":"https:\/\/ultimato.com.br\/sites\/maosdadas\/2015\/02\/06\/o-universo-contado-pelas-criancas\/","title":{"rendered":"O universo contado pelas crian\u00e7as"},"content":{"rendered":"<p>A nossa hist\u00f3ria de hoje, foi uma sugest\u00e3o enviada pela Denise Maranh\u00e3o, coordenadora do projeto <a href=\"http:\/\/www.bem-br.org\/\" target=\"_blank\">Bem Estar do Menor<\/a>.<\/p>\n<p><a href=\"http:\/\/ultimato.com.br\/sites\/maosdadas\/files\/2015\/02\/480816_522889841106966_165772267_n-600x401.jpeg\" class=\"lightview\" data-lightview-group=\"group-4838\" data-lightview-options=\"skin: 'dark', controls: 'relative', padding: '10', shadow: { color: '#000000', opacity: 0.08, blur: 3 }\" data-lightview-title=\"http:\/\/www.repertoriocriativo.com.br\/\"><img loading=\"lazy\" decoding=\"async\" class=\"alignright wp-image-4840 size-full\" title=\"http:\/\/www.repertoriocriativo.com.br\/\" src=\"http:\/\/ultimato.com.br\/sites\/maosdadas\/files\/2015\/02\/480816_522889841106966_165772267_n-600x401.jpeg\" alt=\"480816_522889841106966_165772267_n-600x401\" width=\"420\" height=\"281\" srcset=\"https:\/\/ultimato.com.br\/sites\/maosdadas\/files\/2015\/02\/480816_522889841106966_165772267_n-600x401.jpeg 420w, https:\/\/ultimato.com.br\/sites\/maosdadas\/files\/2015\/02\/480816_522889841106966_165772267_n-600x401-300x200.jpeg 300w, https:\/\/ultimato.com.br\/sites\/maosdadas\/files\/2015\/02\/480816_522889841106966_165772267_n-600x401-150x100.jpeg 150w\" sizes=\"auto, (max-width: 420px) 100vw, 420px\" \/><\/a>Em abril de 2013, aconteceu a <strong>Feira do Livro de Bogot\u00e1<\/strong> e um dos maiores sucessos foi um livro chamado <strong>\u201cCasa das estrelas: o universo contado pelas crian\u00e7as\u201d<\/strong>. Nele, h\u00e1 um dicion\u00e1rio com mais de 500 defini\u00e7\u00f5es para 133 palavras, de A a Z, feitas por crian\u00e7as.<\/p>\n<p>O curioso deste <strong>\u201cdicion\u00e1rio infantil\u201d<\/strong> \u00e9 como as crian\u00e7as definem o mundo atrav\u00e9s daquilo que os adultos j\u00e1 n\u00e3o conseguem perceber. O autor do livro \u00e9 o professor <strong>Javier Naranjo<\/strong>, que compilou informa\u00e7\u00f5es durante dez anos durante as aulas. Ele conta que a ideia surgiu quando ele pediu aos seus alunos para definirem a palavra crian\u00e7a e uma das respostas que lhe chamou aten\u00e7\u00e3o foi: uma crian\u00e7a \u00e9 um amigo que tem o cabelo curtinho, n\u00e3o toma rum e vai dormir cedo.<!--more--><\/p>\n<blockquote>\n<h6><span style=\"color: #cf0808;\"><strong>Veja outros verbetes do livro<\/strong><\/span><\/h6>\n<p><span style=\"color: #000000;\"><strong>Adulto:<\/strong><\/span> Pessoa que em toda coisa que fala, fala primeiro dela mesma (Andr\u00e9s Felipe Bedoya, 8 anos)<\/p>\n<p><strong><span style=\"color: #000000;\">Anci\u00e3o:<\/span><\/strong> \u00c9 um homem que fica sentado o dia todo (Maryluz Arbel\u00e1ez, 9 anos)<\/p>\n<p><strong><span style=\"color: #000000;\">\u00c1gua:<\/span><\/strong> Transpar\u00eancia que se pode tomar (Tatiana Ram\u00edrez, 7 anos)<\/p>\n<p><strong><span style=\"color: #000000;\">Branco:<\/span><\/strong> O branco \u00e9 uma cor que n\u00e3o pinta (Jonathan Ram\u00edrez, 11 anos)<\/p>\n<p><strong><span style=\"color: #000000;\">Campon\u00eas:<\/span><\/strong> um campon\u00eas n\u00e3o tem casa, nem dinheiro. Somente seus filhos (Luis Alberto Ortiz, 8 anos)<\/p>\n<p><strong><span style=\"color: #000000;\">C\u00e9u:<\/span><\/strong> De onde sai o dia (Duv\u00e1n Arnulfo Arango, 8 anos)<\/p>\n<p><strong><span style=\"color: #000000;\">Col\u00f4mbia:<\/span><\/strong> \u00c9 uma partida de futebol (Diego Giraldo, 8 anos)<\/p>\n<p><span style=\"color: #000000;\"><strong>Dinheiro:<\/strong> <\/span>Coisa de interesse para os outros com a qual se faz amigos e, sem ela, se faz inimigos (Ana Mar\u00eda Nore\u00f1a, 12 anos)<\/p>\n<p><strong><span style=\"color: #000000;\">Deus:<\/span><\/strong> \u00c9 o amor com cabelo grande e poderes (Ana Milena Hurtado, 5 anos)<\/p>\n<p><strong><span style=\"color: #000000;\">Escurid\u00e3o:<\/span><\/strong> \u00c9 como o frescor da noite (Ana Cristina Henao, 8 anos)<\/p>\n<p><strong><span style=\"color: #000000;\">Guerra:<\/span><\/strong> Gente que se mata por um peda\u00e7o de terra ou de paz (Juan Carlos Mej\u00eda, 11 anos)<\/p>\n<p><strong><span style=\"color: #000000;\">Inveja:<\/span><\/strong> Atirar pedras nos amigos (Alejandro Tob\u00f3n, 7 anos)<\/p>\n<p><strong><span style=\"color: #000000;\">Igreja:<\/span><\/strong> Onde a pessoa vai perdoar Deus (Natalia Bueno, 7 anos)<\/p>\n<p><strong><span style=\"color: #000000;\">Lua:<\/span><\/strong> \u00c9 o que nos d\u00e1 a noite (Leidy Johanna Garc\u00eda, 8 anos)<\/p>\n<p><strong><span style=\"color: #000000;\">M\u00e3e:<\/span> <\/strong>M\u00e3e entende e depois vai dormir (Juan Alzate, 6 anos)<\/p>\n<p><strong><span style=\"color: #000000;\">Paz:<\/span> <\/strong>Quando a pessoa se perdoa (Juan Camilo Hurtado, 8 anos)<\/p>\n<p><strong><span style=\"color: #000000;\">Sexo<\/span><\/strong>: \u00c9 uma pessoa que se beija em cima da outra (Luisa Pates, 8 anos)<\/p>\n<p><strong><span style=\"color: #000000;\">Solid\u00e3o:<\/span><\/strong> Tristeza que d\u00e1 na pessoa \u00e0s vezes (Iv\u00e1n Dar\u00edo L\u00f3pez, 10 anos)<\/p>\n<p><strong><span style=\"color: #000000;\">Tempo:<\/span><\/strong> Coisa que passa para lembrar (Jorge Armando, 8 anos)<\/p>\n<p><strong><span style=\"color: #000000;\">Universo:<\/span><\/strong> Casa das estrelas (Carlos G\u00f3mez, 12 anos)<\/p>\n<p><strong><span style=\"color: #000000;\">Viol\u00eancia:<\/span><\/strong> Parte ruim da paz (Sara Mart\u00ednez, 7 anos)<\/p><\/blockquote>\n<p>Postado por Andr\u00e9 via <a href=\"http:\/\/catracalivre.com.br\/geral\/cidadania\/indicacao\/dicionario-feito-por-criancas-revela-a-adultos-um-mundo-que-ja-esqueceram\/\" target=\"_blank\">Catraca Livre<\/a><\/p>\n<p>_ _ _ _ _\u00a0_ _ _ _ _\u00a0_ _ _ _ _\u00a0_ _ _ _ _\u00a0_ _ _ _ _\u00a0_ _ _ _ _\u00a0_ _ _ _ _\u00a0_ _ _ _ _\u00a0_ _ _ _ _\u00a0_ _ _ _ _\u00a0_ _ _ _ _\u00a0_ _ _ _ _<br \/>\nPublicado originalmente no site <a href=\"http:\/\/www.repertoriocriativo.com.br\/dicionario-feito-por-criancas-revela-um-mundo-que-os-adultos-nao-enxergam-mais\/\" target=\"_blank\">Repert\u00f3rio Criativo<\/a><\/p>\n<p>&nbsp;<\/p>\n","protected":false},"excerpt":{"rendered":"<p>A nossa hist\u00f3ria de hoje, foi uma sugest\u00e3o enviada pela Denise Maranh\u00e3o, coordenadora do projeto Bem Estar do Menor. Em abril de 2013, aconteceu a Feira do Livro de Bogot\u00e1 e um dos maiores sucessos foi um livro chamado \u201cCasa das estrelas: o universo contado pelas crian\u00e7as\u201d. Nele, h\u00e1 um dicion\u00e1rio com mais de 500 [&hellip;]<\/p>\n","protected":false},"author":33,"featured_media":0,"comment_status":"open","ping_status":"open","sticky":false,"template":"","format":"standard","meta":{"ngg_post_thumbnail":0,"footnotes":""},"categories":[5799],"tags":[24123,15,24124,24126,24127,24125],"class_list":["post-4838","post","type-post","status-publish","format-standard","hentry","category-noticia","tag-bem-estar-do-menor","tag-criancas","tag-denise-maranhao","tag-dicionario","tag-javier-naranjo","tag-verbetes"],"_links":{"self":[{"href":"https:\/\/ultimato.com.br\/sites\/maosdadas\/wp-json\/wp\/v2\/posts\/4838","targetHints":{"allow":["GET"]}}],"collection":[{"href":"https:\/\/ultimato.com.br\/sites\/maosdadas\/wp-json\/wp\/v2\/posts"}],"about":[{"href":"https:\/\/ultimato.com.br\/sites\/maosdadas\/wp-json\/wp\/v2\/types\/post"}],"author":[{"embeddable":true,"href":"https:\/\/ultimato.com.br\/sites\/maosdadas\/wp-json\/wp\/v2\/users\/33"}],"replies":[{"embeddable":true,"href":"https:\/\/ultimato.com.br\/sites\/maosdadas\/wp-json\/wp\/v2\/comments?post=4838"}],"version-history":[{"count":10,"href":"https:\/\/ultimato.com.br\/sites\/maosdadas\/wp-json\/wp\/v2\/posts\/4838\/revisions"}],"predecessor-version":[{"id":4853,"href":"https:\/\/ultimato.com.br\/sites\/maosdadas\/wp-json\/wp\/v2\/posts\/4838\/revisions\/4853"}],"wp:attachment":[{"href":"https:\/\/ultimato.com.br\/sites\/maosdadas\/wp-json\/wp\/v2\/media?parent=4838"}],"wp:term":[{"taxonomy":"category","embeddable":true,"href":"https:\/\/ultimato.com.br\/sites\/maosdadas\/wp-json\/wp\/v2\/categories?post=4838"},{"taxonomy":"post_tag","embeddable":true,"href":"https:\/\/ultimato.com.br\/sites\/maosdadas\/wp-json\/wp\/v2\/tags?post=4838"}],"curies":[{"name":"wp","href":"https:\/\/api.w.org\/{rel}","templated":true}]}}