{"id":4668,"date":"2014-12-11T14:01:17","date_gmt":"2014-12-11T17:01:17","guid":{"rendered":"http:\/\/ultimato.com.br\/sites\/maosdadas\/?p=4668"},"modified":"2014-12-11T12:59:36","modified_gmt":"2014-12-11T15:59:36","slug":"iii-coloquio-internacional-sobre-acolhimento-familiar","status":"publish","type":"post","link":"https:\/\/ultimato.com.br\/sites\/maosdadas\/2014\/12\/11\/iii-coloquio-internacional-sobre-acolhimento-familiar\/","title":{"rendered":"III Col\u00f3quio Internacional sobre Acolhimento Familiar"},"content":{"rendered":"<p><a href=\"http:\/\/ultimato.com.br\/sites\/maosdadas\/files\/2014\/04\/quintas2.jpg\" class=\"lightview\" data-lightview-group=\"group-4668\" data-lightview-options=\"skin: 'dark', controls: 'relative', padding: '10', shadow: { color: '#000000', opacity: 0.08, blur: 3 }\"><img loading=\"lazy\" decoding=\"async\" class=\"alignleft  wp-image-3533\" src=\"http:\/\/ultimato.com.br\/sites\/maosdadas\/files\/2014\/04\/quintas2.jpg\" alt=\"quintas2\" width=\"605\" height=\"143\" \/><\/a>O <span style=\"color: #800000;\"><strong>III COL\u00d3QUIO INTERNACIONAL SOBRE ACOLHIMENTO FAMILIAR<\/strong><\/span> ser\u00e1 realizado dos dias <strong>15 a 17 de dezembro<\/strong> de 2014, em <strong>Campinas\/SP<\/strong>, com a participa\u00e7\u00e3o de 13 pa\u00edses (<i>\u00c1frica do Sul, Argentina, Col\u00f4mbia, Fran\u00e7a, Guiana Inglesa, Holanda, Inglaterra, Moldova, Paraguai, Peru, Ruanda, R\u00fassia e Uruguai<\/i>) e os <strong>26 estados brasileiros mais o Distrito Federal<\/strong>.<\/p>\n<p>O <strong>objetivo do evento<\/strong> \u00e9 retomar a import\u00e2ncia da qualifica\u00e7\u00e3o t\u00e9cnica dos profissionais engajados neste tipo de trabalho, assim como a qualifica\u00e7\u00e3o dos que ocupam \u00f3rg\u00e3os decis\u00f3rios pela implementa\u00e7\u00e3o de pol\u00edticas publicas.<\/p>\n<p><a href=\"http:\/\/ultimato.com.br\/sites\/maosdadas\/files\/2014\/12\/image.jpg\" class=\"lightview\" data-lightview-group=\"group-4668\" data-lightview-options=\"skin: 'dark', controls: 'relative', padding: '10', shadow: { color: '#000000', opacity: 0.08, blur: 3 }\"><img loading=\"lazy\" decoding=\"async\" class=\"alignright wp-image-4671\" src=\"http:\/\/ultimato.com.br\/sites\/maosdadas\/files\/2014\/12\/image.jpg\" alt=\"image\" width=\"345\" height=\"173\" \/><\/a>A Fam\u00edlia Acolhedora \u00e9 uma modalidade, ainda pouco difundida, de acolhimento de crian\u00e7as e adolescentes afastados de suas fam\u00edlias de origem, prevista no <i>GUIDELINES FOR ALTERNATIVE CARE OF CHILDREN &#8211; ONU<\/i>. Este acolhimento deve se dar numa fam\u00edlia diferente da fam\u00edlia de origem da crian\u00e7a, selecionada, preparada e cadastrada num programa oferecido pelo poder executivo e\/ou por Ongs devidamente registradas em seus munic\u00edpios, estados e pa\u00edses.<\/p>\n<p><strong><span style=\"color: #800000;\">As inscri\u00e7\u00f5es podem ser feitas<\/span> <a href=\"http:\/\/campinas.sp.gov.br\/formularios\/form-3o-coloquio-internacional-2014p\/index.php?id=BR\" target=\"_blank\">aqui!<\/a><\/strong><\/p>\n<p><a title=\"Acesse a programa\u00e7\u00e3o do evento\" href=\"http:\/\/campinas.sp.gov.br\/formularios\/form-3o-coloquio-internacional-2014p\/arquivos\/4_programacao_port.pdf\" target=\"blanc\">ACESSE A PROGRAMA\u00c7\u00c3O DO EVENTO<\/a><\/p>\n","protected":false},"excerpt":{"rendered":"<p>O III COL\u00d3QUIO INTERNACIONAL SOBRE ACOLHIMENTO FAMILIAR ser\u00e1 realizado dos dias 15 a 17 de dezembro de 2014, em Campinas\/SP, com a participa\u00e7\u00e3o de 13 pa\u00edses (\u00c1frica do Sul, Argentina, Col\u00f4mbia, Fran\u00e7a, Guiana Inglesa, Holanda, Inglaterra, Moldova, Paraguai, Peru, Ruanda, R\u00fassia e Uruguai) e os 26 estados brasileiros mais o Distrito Federal. O objetivo do [&hellip;]<\/p>\n","protected":false},"author":33,"featured_media":0,"comment_status":"open","ping_status":"open","sticky":false,"template":"","format":"standard","meta":{"ngg_post_thumbnail":0,"footnotes":""},"categories":[15874],"tags":[19506,61,8441,24066],"class_list":["post-4668","post","type-post","status-publish","format-standard","hentry","category-anuncios","tag-acolhimento","tag-crianca","tag-familia","tag-iii-coloqui-internacional-sobre-acolhimento-familiar"],"_links":{"self":[{"href":"https:\/\/ultimato.com.br\/sites\/maosdadas\/wp-json\/wp\/v2\/posts\/4668","targetHints":{"allow":["GET"]}}],"collection":[{"href":"https:\/\/ultimato.com.br\/sites\/maosdadas\/wp-json\/wp\/v2\/posts"}],"about":[{"href":"https:\/\/ultimato.com.br\/sites\/maosdadas\/wp-json\/wp\/v2\/types\/post"}],"author":[{"embeddable":true,"href":"https:\/\/ultimato.com.br\/sites\/maosdadas\/wp-json\/wp\/v2\/users\/33"}],"replies":[{"embeddable":true,"href":"https:\/\/ultimato.com.br\/sites\/maosdadas\/wp-json\/wp\/v2\/comments?post=4668"}],"version-history":[{"count":9,"href":"https:\/\/ultimato.com.br\/sites\/maosdadas\/wp-json\/wp\/v2\/posts\/4668\/revisions"}],"predecessor-version":[{"id":4684,"href":"https:\/\/ultimato.com.br\/sites\/maosdadas\/wp-json\/wp\/v2\/posts\/4668\/revisions\/4684"}],"wp:attachment":[{"href":"https:\/\/ultimato.com.br\/sites\/maosdadas\/wp-json\/wp\/v2\/media?parent=4668"}],"wp:term":[{"taxonomy":"category","embeddable":true,"href":"https:\/\/ultimato.com.br\/sites\/maosdadas\/wp-json\/wp\/v2\/categories?post=4668"},{"taxonomy":"post_tag","embeddable":true,"href":"https:\/\/ultimato.com.br\/sites\/maosdadas\/wp-json\/wp\/v2\/tags?post=4668"}],"curies":[{"name":"wp","href":"https:\/\/api.w.org\/{rel}","templated":true}]}}