{"id":4630,"date":"2014-12-01T12:18:40","date_gmt":"2014-12-01T15:18:40","guid":{"rendered":"http:\/\/ultimato.com.br\/sites\/maosdadas\/?p=4630"},"modified":"2014-12-01T12:18:40","modified_gmt":"2014-12-01T15:18:40","slug":"deus-quer-ver-suas-promessas-se-cumprirem-na-vida-das-criancas-e-adolescentes","status":"publish","type":"post","link":"https:\/\/ultimato.com.br\/sites\/maosdadas\/2014\/12\/01\/deus-quer-ver-suas-promessas-se-cumprirem-na-vida-das-criancas-e-adolescentes\/","title":{"rendered":"Deus quer ver suas promessas se cumprirem na vida das crian\u00e7as e adolescentes"},"content":{"rendered":"<p><a href=\"http:\/\/ultimato.com.br\/sites\/maosdadas\/files\/2014\/09\/segundas-1024x231.jpg\" class=\"lightview\" data-lightview-group=\"group-4630\" data-lightview-options=\"skin: 'dark', controls: 'relative', padding: '10', shadow: { color: '#000000', opacity: 0.08, blur: 3 }\" data-lightview-title=\"Projeto Cal\u00e7ada\"><img loading=\"lazy\" decoding=\"async\" class=\"alignleft size-full wp-image-4331\" src=\"http:\/\/ultimato.com.br\/sites\/maosdadas\/files\/2014\/09\/segundas-1024x231.jpg\" alt=\"segundas-1024x231\" width=\"590\" height=\"133\" srcset=\"https:\/\/ultimato.com.br\/sites\/maosdadas\/files\/2014\/09\/segundas-1024x231.jpg 590w, https:\/\/ultimato.com.br\/sites\/maosdadas\/files\/2014\/09\/segundas-1024x231-300x67.jpg 300w, https:\/\/ultimato.com.br\/sites\/maosdadas\/files\/2014\/09\/segundas-1024x231-150x33.jpg 150w\" sizes=\"auto, (max-width: 590px) 100vw, 590px\" \/><\/a><strong><span style=\"color: #800000;\"><a href=\"http:\/\/ultimato.com.br\/sites\/maosdadas\/files\/2014\/12\/Projeto-Cal\u00e7ada1.jpg\"><img loading=\"lazy\" decoding=\"async\" class=\"alignright wp-image-4632 size-full\" title=\"Projeto Cal\u00e7ada\" src=\"http:\/\/ultimato.com.br\/sites\/maosdadas\/files\/2014\/12\/Projeto-Cal\u00e7ada1.jpg\" alt=\"Projeto Cal\u00e7ada1\" width=\"284\" height=\"408\" srcset=\"https:\/\/ultimato.com.br\/sites\/maosdadas\/files\/2014\/12\/Projeto-Cal\u00e7ada1.jpg 284w, https:\/\/ultimato.com.br\/sites\/maosdadas\/files\/2014\/12\/Projeto-Cal\u00e7ada1-208x300.jpg 208w, https:\/\/ultimato.com.br\/sites\/maosdadas\/files\/2014\/12\/Projeto-Cal\u00e7ada1-104x150.jpg 104w\" sizes=\"auto, (max-width: 284px) 100vw, 284px\" \/><\/a>A CRIAN\u00c7A NASCE PARA SER AMADA<\/span><\/strong><br \/>\nQuando uma crian\u00e7a nasce, sua identidade\u00a0come\u00e7a a se formar a partir de suas\u00a0experi\u00eancias com seu cuidador, e as pessoas \u00e0\u00a0sua volta, atrav\u00e9s de seus olhares, o tom de sua\u00a0voz, a for\u00e7a do toque, a express\u00e3o do rosto, o\u00a0movimento do colo, a chegada do alimento&#8230;\u00a0As impress\u00f5es e sensa\u00e7\u00f5es se repetem e ao\u00a0passo que o beb\u00ea cresce, elas v\u00e3o se\u00a0confirmando. A crian\u00e7a come\u00e7a a interpretar\u00a0suas emo\u00e7\u00f5es e a partir delas come\u00e7a a tirar\u00a0conclus\u00e3o a respeito de si mesma.\u00a0Uma crian\u00e7a que n\u00e3o tem a felicidade de\u00a0perceber no outro o acolhimento e sorrisos de\u00a0aprova\u00e7\u00e3o, deduz que o que est\u00e1 sendo dito a\u00a0ela, atrav\u00e9s de palavras, gestos, atitudes e\u00a0olhares, \u00e9 que ela n\u00e3o vale grande coisa. A\u00a0crian\u00e7a apreende que n\u00e3o \u00e9 amada e sua\u00a0sobreviv\u00eancia n\u00e3o est\u00e1 garantida, ou seja, est\u00e1\u00a0amea\u00e7ada.<br \/>\nO resultado \u00e9 o retrato de uma crian\u00e7a\u00a0insegura, fr\u00e1gil e vulner\u00e1vel. Essa \u00e9 a realidade\u00a0de milhares de crian\u00e7as que nascem num lar\u00a0que n\u00e3o est\u00e1 preparado ou sadio para receb\u00ea-las. Algumas se defendem se tornando\u00a0aparentemente fortes e agressivas, prontas\u00a0para enfrentarem qualquer perigo. Outras se<br \/>\nretraem e vivem amedrontadas. Qualquer uma\u00a0das rea\u00e7\u00f5es de defesa das crian\u00e7as leva a um\u00a0maior descontentamento dos que as rodeiam,\u00a0que as desprezam ainda mais ou as agridem.\u00a0Cada vez que perguntamos a uma crian\u00e7a que\u00a0vive numa situa\u00e7\u00e3o desfavor\u00e1vel, qual foi a\u00a0pior situa\u00e7\u00e3o que j\u00e1 enfrentou, a resposta \u00e9\u00a0sempre uma das seguintes:<!--more--><\/p>\n<p>&nbsp;<\/p>\n<p><span style=\"color: #800000;\"><strong>SITUA\u00c7\u00d5ES CORRIQUEIRAS DAS CRIAN\u00c7AS<\/strong><\/span><br \/>\n<em>abuso f\u00edsico, pessoal ou de um membro da fam\u00edlia;\u00a0morte de um ente querido; abandono ou rejei\u00e7\u00e3o;\u00a0amea\u00e7a verbal, xingamento; abuso sexual;\u00a0separa\u00e7\u00e3o da fam\u00edlia; provoca\u00e7\u00e3o, bulling; fuga\u00a0para as ruas; uso de drogas; exemplo negativo dos\u00a0pais; doen\u00e7a pessoal ou de um familiar.<\/em><\/p>\n<p>Essas situa\u00e7\u00f5es traum\u00e1ticas se apresentam\u00a0para a crian\u00e7a como uma apunhalada, uma\u00a0agress\u00e3o que gera confus\u00e3o, dor e sofrimento.\u00a0Nem todas as crian\u00e7as que enfrentam\u00a0trag\u00e9dias como essas, tem dificuldade para\u00a0super\u00e1-las, mas a crian\u00e7a que j\u00e1 vive um\u00a0ambiente de desamor usa o trauma para\u00a0confirmar e sedimentar o que j\u00e1 sabia \u2013 n\u00e3o\u00a0tem valor; n\u00e3o deveria ter nascido; sempre faz a coisa errada; ningu\u00e9m jamais a amar\u00e1; n\u00e3o tem futuro; est\u00e1 sozinha; etc.<\/p>\n<p>As crian\u00e7as que vivem em vulnerabilidade\u00a0social s\u00e3o alvo f\u00e1cil desse mecanismo. Elas\u00a0ficam imobilizadas diante dessa cren\u00e7a e agem\u00a0de acordo com essa identidade.<\/p>\n<p>&nbsp;<\/p>\n<p><span style=\"color: #800000;\"><strong>ESTRAT\u00c9GIA DO INIMIGO<\/strong><\/span><br \/>\nDesde o in\u00edcio dos tempos satan\u00e1s usou a\u00a0estrat\u00e9gia da mentira para acabar com o homem.\u00a0Ele \u00e9 muito experiente em aprisionar o ser\u00a0humano e continua usando seus velhos truques.\u00a0Jesus nos disse que quando o diabo \u201c&#8230;mente,\u00a0fala a sua pr\u00f3pria l\u00edngua, pois \u00e9 mentiroso e pai\u00a0da mentira.\u201d Jo\u00e3o 8:44. N\u00e3o devemos nos\u00a0surpreender ent\u00e3o, que quando uma crian\u00e7a \u00e9\u00a0acometida por injusti\u00e7as, o pai da mentira\u00a0sussurre em seu ouvido que ela n\u00e3o presta, ou a<br \/>\nleve a questionar a bondade de Deus. Assim\u00a0como Ad\u00e3o e Eva o fizeram, as crian\u00e7as que j\u00e1\u00a0s\u00e3o vulner\u00e1veis acreditam facilmente nas\u00a0mentiras de satan\u00e1s, comprometendo assim a\u00a0sua liberdade e inf\u00e2ncia.<\/p>\n<p>&nbsp;<\/p>\n<p><strong><span style=\"color: #800000;\">QUAL A NOSSA TAREFA DIANTE DESSE\u00a0QUADRO PERVERSO?<\/span><\/strong><br \/>\nContar a verdade para essas crian\u00e7as. Ajud\u00e1-las\u00a0a se libertarem dessa pris\u00e3o esmagadora que as\u00a0impede de crescer de forma saud\u00e1vel.\u00a0Jesus quer usar seu ex\u00e9rcito para desfazer a\u00a0bagun\u00e7a do inimigo. Jesus quer usar nossas\u00a0bocas, gestos e atitudes para levar as crian\u00e7as a\u00a0conhecerem a verdade, pois \u201c&#8230; conhecer\u00e3o a\u00a0verdade, e a verdade os libertar\u00e1&#8221;. Jo\u00e3o 8:32. A\u00a0verdade de Cristo \u00e9 o ant\u00eddoto do veneno da\u00a0mentira. A crian\u00e7a que aprende e aceita que na<br \/>\nverdade ela \u00e9 amada e especial para Jesus; que\u00a0Ele quer cuidar dela e lhe fazer companhia para\u00a0sempre; que Ele nunca a abandonar\u00e1 e sempre a\u00a0proteger\u00e1, independente do que possa ter\u00a0acontecido, ela \u00e9 resgatada da perdi\u00e7\u00e3o e\u00a0acolhida pelos bra\u00e7os de Jesus que lhe abre\u00a0os olhos para enxergar sua verdadeira<br \/>\nautoimagem, imagem e semelhan\u00e7a do\u00a0pr\u00f3prio Cristo.<\/p>\n<p>A crian\u00e7a que se v\u00ea como um ser amado e\u00a0que encontra em Jesus o amparo que talvez\u00a0nunca antes sentisse, muda! Seu sentimento\u00a0modifica; sua atitude transforma; seu\u00a0comportamento altera, porque agora se\u00a0relaciona com seu mundo a partir de uma\u00a0nova identidade, a identidade de filha(o) &#8211; 1\u00a0Jo\u00e3o 3:1a; de herdeira(o) &#8211; G\u00e1latas 4:7; de\u00a0estrela que brilha no universo &#8211; Filipenses 2:15-\u00a016a; com uma coroa na cabe\u00e7a &#8211; Prov\u00e9rbios 4:7-9. Este \u00e9 o plano de Deus para cada uma de\u00a0nossas crian\u00e7as, adolescentes e jovens. Ele\u00a0quer ver suas promessas se cumprirem nas\u00a0suas vidas. \u00c9 atrav\u00e9s de voc\u00ea e de mim que\u00a0Ele planeja chegar at\u00e9 elas. Mesmo com o\u00a0cora\u00e7\u00e3o quebrado elas se abrir\u00e3o e ouvir\u00e3o a\u00a0voz de Cristo atrav\u00e9s de n\u00f3s. Vamos nos\u00a0dispor a ir at\u00e9 elas, uma a uma, lhes\u00a0contando a verdade que liberta!<br \/>\nSe voc\u00ea n\u00e3o tem como falar diretamente com\u00a0a crian\u00e7a, apoie quem pode! Incentive para\u00a0que a Palavra que produz Vida chegue at\u00e9\u00a0cada crian\u00e7a vulner\u00e1vel.<\/p>\n<p><a href=\"http:\/\/ultimato.com.br\/sites\/maosdadas\/files\/2014\/12\/Clenir.jpg\" class=\"lightview\" data-lightview-group=\"group-4630\" data-lightview-options=\"skin: 'dark', controls: 'relative', padding: '10', shadow: { color: '#000000', opacity: 0.08, blur: 3 }\"><img loading=\"lazy\" decoding=\"async\" class=\"alignleft  wp-image-4631\" src=\"http:\/\/ultimato.com.br\/sites\/maosdadas\/files\/2014\/12\/Clenir.jpg\" alt=\"Clenir\" width=\"139\" height=\"161\" \/><\/a>Clenir Xavier dos Santos, diretora do Projeto Cal\u00e7ada da Lifewords<\/p>\n","protected":false},"excerpt":{"rendered":"<p>A CRIAN\u00c7A NASCE PARA SER AMADA Quando uma crian\u00e7a nasce, sua identidade\u00a0come\u00e7a a se formar a partir de suas\u00a0experi\u00eancias com seu cuidador, e as pessoas \u00e0\u00a0sua volta, atrav\u00e9s de seus olhares, o tom de sua\u00a0voz, a for\u00e7a do toque, a express\u00e3o do rosto, o\u00a0movimento do colo, a chegada do alimento&#8230;\u00a0As impress\u00f5es e sensa\u00e7\u00f5es se repetem [&hellip;]<\/p>\n","protected":false},"author":33,"featured_media":0,"comment_status":"open","ping_status":"open","sticky":false,"template":"","format":"standard","meta":{"ngg_post_thumbnail":0,"footnotes":""},"categories":[15786],"tags":[24057,15,6401,8441,103,24058,15925],"class_list":["post-4630","post","type-post","status-publish","format-standard","hentry","category-em-pauta","tag-clenir-xavier-dos-santos","tag-criancas","tag-cristo","tag-familia","tag-jesus","tag-lifewords","tag-projeto-calcada"],"_links":{"self":[{"href":"https:\/\/ultimato.com.br\/sites\/maosdadas\/wp-json\/wp\/v2\/posts\/4630","targetHints":{"allow":["GET"]}}],"collection":[{"href":"https:\/\/ultimato.com.br\/sites\/maosdadas\/wp-json\/wp\/v2\/posts"}],"about":[{"href":"https:\/\/ultimato.com.br\/sites\/maosdadas\/wp-json\/wp\/v2\/types\/post"}],"author":[{"embeddable":true,"href":"https:\/\/ultimato.com.br\/sites\/maosdadas\/wp-json\/wp\/v2\/users\/33"}],"replies":[{"embeddable":true,"href":"https:\/\/ultimato.com.br\/sites\/maosdadas\/wp-json\/wp\/v2\/comments?post=4630"}],"version-history":[{"count":3,"href":"https:\/\/ultimato.com.br\/sites\/maosdadas\/wp-json\/wp\/v2\/posts\/4630\/revisions"}],"predecessor-version":[{"id":4635,"href":"https:\/\/ultimato.com.br\/sites\/maosdadas\/wp-json\/wp\/v2\/posts\/4630\/revisions\/4635"}],"wp:attachment":[{"href":"https:\/\/ultimato.com.br\/sites\/maosdadas\/wp-json\/wp\/v2\/media?parent=4630"}],"wp:term":[{"taxonomy":"category","embeddable":true,"href":"https:\/\/ultimato.com.br\/sites\/maosdadas\/wp-json\/wp\/v2\/categories?post=4630"},{"taxonomy":"post_tag","embeddable":true,"href":"https:\/\/ultimato.com.br\/sites\/maosdadas\/wp-json\/wp\/v2\/tags?post=4630"}],"curies":[{"name":"wp","href":"https:\/\/api.w.org\/{rel}","templated":true}]}}