{"id":4067,"date":"2014-07-16T08:00:02","date_gmt":"2014-07-16T11:00:02","guid":{"rendered":"http:\/\/ultimato.com.br\/sites\/maosdadas\/?p=4067"},"modified":"2022-03-21T14:26:00","modified_gmt":"2022-03-21T17:26:00","slug":"a-infancia-de-jesus-nos-ensina-algo-sobre-como-as-criancas-devem-crescer-hoje","status":"publish","type":"post","link":"https:\/\/ultimato.com.br\/sites\/maosdadas\/2014\/07\/16\/a-infancia-de-jesus-nos-ensina-algo-sobre-como-as-criancas-devem-crescer-hoje\/","title":{"rendered":"A inf\u00e2ncia de Jesus nos ensina algo sobre como as crian\u00e7as devem crescer hoje?"},"content":{"rendered":"<p><a href=\"http:\/\/ultimato.com.br\/sites\/maosdadas\/files\/2014\/04\/quartas.jpg\" class=\"lightview\" data-lightview-group=\"group-4067\" data-lightview-options=\"skin: 'dark', controls: 'relative', padding: '10', shadow: { color: '#000000', opacity: 0.08, blur: 3 }\"><img loading=\"lazy\" decoding=\"async\" class=\"alignleft wp-image-3430\" src=\"http:\/\/ultimato.com.br\/sites\/maosdadas\/files\/2014\/04\/quartas.jpg\" alt=\"quartas\" width=\"545\" height=\"122\" srcset=\"https:\/\/ultimato.com.br\/sites\/maosdadas\/files\/2014\/04\/quartas.jpg 1135w, https:\/\/ultimato.com.br\/sites\/maosdadas\/files\/2014\/04\/quartas-300x67.jpg 300w, https:\/\/ultimato.com.br\/sites\/maosdadas\/files\/2014\/04\/quartas-1024x230.jpg 1024w, https:\/\/ultimato.com.br\/sites\/maosdadas\/files\/2014\/04\/quartas-150x33.jpg 150w\" sizes=\"auto, (max-width: 545px) 100vw, 545px\" \/><\/a><\/p>\n<p>&nbsp;<\/p>\n<p>&nbsp;<\/p>\n<p>&nbsp;<\/p>\n<p>&nbsp;<\/p>\n<p>&nbsp;<\/p>\n<p><span style=\"color: #8a8a14;\"><em><strong>Por Liss\u00e2nder Dias<\/strong><\/em><\/span><\/p>\n<p>Quando o assunto \u00e9 crian\u00e7a, Harold Segura \u00e9 um dos mais entusiasmados te\u00f3logos evang\u00e9licos da Am\u00e9rica Latina. Militante social trabalhando h\u00e1 muitos anos na ONG crist\u00e3 <a href=\"http:\/\/www.visaomundial.org.br\/\" target=\"_blank\" rel=\"noopener\">Vis\u00e3o Mundial<\/a>, ele escreve livros, artigos e ajuda educadores na tarefa de ensino aos pequeninos. Com a mente afiada e o cora\u00e7\u00e3o compassivo, nesta entrevista,* ele revaloriza a crian\u00e7a na biografia de Jesus e na hist\u00f3ria da Reforma Protestante.<\/p>\n<p><strong><a href=\"http:\/\/ultimato.com.br\/sites\/maosdadas\/files\/2014\/07\/md28-boapergunta.jpg\" class=\"lightview\" data-lightview-group=\"group-4067\" data-lightview-options=\"skin: 'dark', controls: 'relative', padding: '10', shadow: { color: '#000000', opacity: 0.08, blur: 3 }\" data-lightview-title=\"James Gilbert\"><img loading=\"lazy\" decoding=\"async\" class=\"alignright wp-image-4070\" title=\"James Gilbert\" src=\"http:\/\/ultimato.com.br\/sites\/maosdadas\/files\/2014\/07\/md28-boapergunta.jpg\" alt=\"md28-boapergunta\" width=\"200\" height=\"187\" srcset=\"https:\/\/ultimato.com.br\/sites\/maosdadas\/files\/2014\/07\/md28-boapergunta.jpg 250w, https:\/\/ultimato.com.br\/sites\/maosdadas\/files\/2014\/07\/md28-boapergunta-150x140.jpg 150w\" sizes=\"auto, (max-width: 200px) 100vw, 200px\" \/><\/a>1. Quando falamos de Jesus como modelo de humanidade, sempre pensamos no Cristo j\u00e1 adulto. Mas o Jesus menino pode nos ensinar alguma coisa?<\/strong><br \/>\nN\u00e3o tenho d\u00favidas, sobretudo vendo que os evangelistas, em especial Mateus e Lucas, mostram em detalhes a&nbsp;<em>grandeza da sua pequenez<\/em>. Ana e Sime\u00e3o, por exemplo, o adoraram ainda menino (Lc 2.38). Nossa espiritualidade evang\u00e9lica tem uma grande d\u00edvida com o modelo de Jesus menino como refer\u00eancia de vida crist\u00e3.<!--more--><br \/>\n<strong><br \/>\n2. Como o Jesus menino pode ser modelo de desenvolvimento para as crian\u00e7as de hoje?<\/strong><br \/>\nSe por um lado os Evangelhos dizem pouco sobre os anos da inf\u00e2ncia de Jesus, por outro, aquilo que dizem \u00e9 de enorme significado e import\u00e2ncia. Vamos nos fixar em Lucas 2.52, que nos mostra o modelo de desenvolvimento de Jesus. Ele \u00e9 assim descrito: \u201cJesus ia crescendo em sabedoria, estatura e gra\u00e7a diante de Deus e dos homens\u201d. O modelo de desenvolvimento de Jesus como pessoa humana se d\u00e1 em quatro dimens\u00f5es integradas: sabedoria, estatura, gra\u00e7a diante de Deus e gra\u00e7a diante da comunidade. Esse desenvolvimento envolve tanto a dimens\u00e3o biol\u00f3gica quando a psicol\u00f3gica, a social e a transcendente \u2013 esta \u00faltima relacionada aos valores, \u00e0 religi\u00e3o e \u00e0 espiritualidade. Essas dimens\u00f5es s\u00e3o inter-relacionadas; s\u00e3o agrupadas em um s\u00f3 conjunto para mostrar o desenvolvimento de Jesus.<br \/>\n<strong><br \/>\n3. Como esta perspectiva sobre Jesus nos ajuda no trabalho com as crian\u00e7as?<\/strong><br \/>\nO diferencial crist\u00e3o ao se trabalhar pelo desenvolvimento da inf\u00e2ncia \u00e9 a perspectiva integral, que n\u00e3o reduz meninas e meninos a meros alvos de compaix\u00e3o assistencialista, mas que os aceita como pessoas criadas \u00e0 imagem e semelhan\u00e7a de Deus e sujeitos participantes da pr\u00f3pria transforma\u00e7\u00e3o. A crian\u00e7a \u00e9 mais que um ser carente de alimenta\u00e7\u00e3o, sa\u00fade e escola \u2013 \u00e9 algu\u00e9m que tem sede de vida plena, de algo mais, de Deus. Ela anseia crescer como um todo \u2013 como crescia Jesus.<br \/>\n<strong><br \/>\n4. A inf\u00e2ncia foi uma quest\u00e3o importante na Reforma Protestante?<\/strong><br \/>\nPor algum tempo pensei que n\u00e3o. Contudo, n\u00e3o \u00e9 assim. Lutero, por exemplo, preocupou-se com o ensino integral das crian\u00e7as e apelou aos governantes alem\u00e3es para que assumissem o compromisso p\u00fablico de abrir e manter escolas crist\u00e3s. Calvino e demais reformadores cl\u00e1ssicos tamb\u00e9m expressaram a mesma preocupa\u00e7\u00e3o pastoral com a inf\u00e2ncia do seu tempo. Tomaram iniciativas \u2013 algumas bem corajosas para a sua \u00e9poca \u2013 voltadas para a educa\u00e7\u00e3o das crian\u00e7as e para sua prote\u00e7\u00e3o social.<\/p>\n<p><strong>5. O que eles falavam teria a ver com o que hoje chamamos de \u201cteologia da crian\u00e7a\u201d?<\/strong><br \/>\nA verdade \u00e9 que para eles a inf\u00e2ncia era uma \u00e1rea de aten\u00e7\u00e3o pastoral (que \u00e9 primordial), mas n\u00e3o tanto um tema de interesse teol\u00f3gico. Quase sempre a refer\u00eancia \u00e0s crian\u00e7as era para debater a idade do seu batismo ou para determinar a capacidade da sua f\u00e9. Eram debates abstratos que serviam mais para acalmar as ang\u00fastias filos\u00f3ficas dos te\u00f3logos do que para solucionar as necessidades presentes e reais das crian\u00e7as. Para a teologia, elas eram um tema indireto e secund\u00e1rio.<\/p>\n<p><strong>6. Voc\u00ea encontra na B\u00edblia base para dar uma import\u00e2ncia \u00e0 inf\u00e2ncia maior do que a dada pelos te\u00f3logos da Reforma Protestante?<\/strong><br \/>\nSe estudarmos com mais detalhes o contexto de Mateus 18.1-5 e passagens paralelas (Mc 9.33-37; Lc 9.46-48), veremos o que a crian\u00e7a significa para nossa atividade teol\u00f3gica e para nossa vida de f\u00e9. O Mestre inverte as coisas; os menores em termos legais, pequenos, insignificantes e fracos, s\u00e3o considerados por ele e usados como exemplos daquilo que Deus pede. A justi\u00e7a, a integridade e o cumprimento da lei, que eram os par\u00e2metros da f\u00e9 judaica, s\u00e3o resumidos em uma s\u00f3 atitude: mudar e tornar-se como uma crian\u00e7a. Os educandos passam a ser educadores, e o ingresso no reino depende de sua acolhida!<\/p>\n<p><strong>_ _ _ _&nbsp;_ _ _ _ _ _ _ _&nbsp;_ _ _ _ _ _ _ _&nbsp;_ _ _ _ _ _ _ _&nbsp;_ _ _ _ _ _ _ _&nbsp;_ _ _ _ _ _ _&nbsp;_ _ _ _ _ _ _&nbsp;_ _ _ _ _ _ _ &nbsp;&nbsp;<\/strong><\/p>\n<p><strong>Nota<\/strong><br \/>\n* Entrevista feita por Liss\u00e2nder Dias, adaptada dos cap\u00edtulos 3 e 13 do livro&nbsp;<em>Uma Crian\u00e7a os Guiar\u00e1&nbsp;<\/em>(DIAS, Liss\u00e2nder, FASSONI, Kl\u00eania, PEREIRA, Welinton, org. Vi\u00e7osa, MG: Ultimato, 2010).<\/p>\n<p>Para ter acesso aos cap\u00edtulos citados, escreva para &lt;cartas@maosdadas.org&gt;.<\/p>\n<p>&nbsp;<\/p>\n<p><strong><a href=\"http:\/\/ultimato.com.br\/sites\/maosdadas\/files\/2014\/07\/lissander-dias.jpg\" class=\"lightview\" data-lightview-group=\"group-4067\" data-lightview-options=\"skin: 'dark', controls: 'relative', padding: '10', shadow: { color: '#000000', opacity: 0.08, blur: 3 }\"><img loading=\"lazy\" decoding=\"async\" class=\"alignleft size-full wp-image-4068\" src=\"http:\/\/ultimato.com.br\/sites\/maosdadas\/files\/2014\/07\/lissander-dias.jpg\" alt=\"lissander-dias\" width=\"96\" height=\"96\" srcset=\"https:\/\/ultimato.com.br\/sites\/maosdadas\/files\/2014\/07\/lissander-dias.jpg 96w, https:\/\/ultimato.com.br\/sites\/maosdadas\/files\/2014\/07\/lissander-dias-64x64.jpg 64w\" sizes=\"auto, (max-width: 96px) 100vw, 96px\" \/><\/a>Liss\u00e2nder Dias<\/strong><\/p>\n<p>&nbsp;<\/p>\n","protected":false},"excerpt":{"rendered":"<p>&nbsp; &nbsp; &nbsp; &nbsp; &nbsp; Por Liss\u00e2nder Dias Quando o assunto \u00e9 crian\u00e7a, Harold Segura \u00e9 um dos mais entusiasmados te\u00f3logos evang\u00e9licos da Am\u00e9rica Latina. Militante social trabalhando h\u00e1 muitos anos na ONG crist\u00e3 Vis\u00e3o Mundial, ele escreve livros, artigos e ajuda educadores na tarefa de ensino aos pequeninos. Com a mente afiada e o [&hellip;]<\/p>\n","protected":false},"author":33,"featured_media":0,"comment_status":"open","ping_status":"open","sticky":false,"template":"","format":"standard","meta":{"ngg_post_thumbnail":0,"footnotes":""},"categories":[15786],"tags":[13,15,5444,102,9478,7611,103,19566,15856,45],"class_list":["post-4067","post","type-post","status-publish","format-standard","hentry","category-em-pauta","tag-biblia","tag-criancas","tag-deus","tag-evangelho","tag-harold-segura","tag-infancia","tag-jesus","tag-lissander-dias","tag-teologia-da-crianca","tag-visao-mundial"],"_links":{"self":[{"href":"https:\/\/ultimato.com.br\/sites\/maosdadas\/wp-json\/wp\/v2\/posts\/4067","targetHints":{"allow":["GET"]}}],"collection":[{"href":"https:\/\/ultimato.com.br\/sites\/maosdadas\/wp-json\/wp\/v2\/posts"}],"about":[{"href":"https:\/\/ultimato.com.br\/sites\/maosdadas\/wp-json\/wp\/v2\/types\/post"}],"author":[{"embeddable":true,"href":"https:\/\/ultimato.com.br\/sites\/maosdadas\/wp-json\/wp\/v2\/users\/33"}],"replies":[{"embeddable":true,"href":"https:\/\/ultimato.com.br\/sites\/maosdadas\/wp-json\/wp\/v2\/comments?post=4067"}],"version-history":[{"count":10,"href":"https:\/\/ultimato.com.br\/sites\/maosdadas\/wp-json\/wp\/v2\/posts\/4067\/revisions"}],"predecessor-version":[{"id":9546,"href":"https:\/\/ultimato.com.br\/sites\/maosdadas\/wp-json\/wp\/v2\/posts\/4067\/revisions\/9546"}],"wp:attachment":[{"href":"https:\/\/ultimato.com.br\/sites\/maosdadas\/wp-json\/wp\/v2\/media?parent=4067"}],"wp:term":[{"taxonomy":"category","embeddable":true,"href":"https:\/\/ultimato.com.br\/sites\/maosdadas\/wp-json\/wp\/v2\/categories?post=4067"},{"taxonomy":"post_tag","embeddable":true,"href":"https:\/\/ultimato.com.br\/sites\/maosdadas\/wp-json\/wp\/v2\/tags?post=4067"}],"curies":[{"name":"wp","href":"https:\/\/api.w.org\/{rel}","templated":true}]}}