{"id":3945,"date":"2014-06-30T13:40:16","date_gmt":"2014-06-30T16:40:16","guid":{"rendered":"http:\/\/ultimato.com.br\/sites\/maosdadas\/?p=3945"},"modified":"2014-06-30T13:40:16","modified_gmt":"2014-06-30T16:40:16","slug":"deixem-que-as-criancas-se-acheguem-a-jesus","status":"publish","type":"post","link":"https:\/\/ultimato.com.br\/sites\/maosdadas\/2014\/06\/30\/deixem-que-as-criancas-se-acheguem-a-jesus\/","title":{"rendered":"Deixem que as crian\u00e7as se acheguem a Jesus"},"content":{"rendered":"<h6><strong><a href=\"http:\/\/ultimato.com.br\/sites\/maosdadas\/files\/2014\/06\/Imagem-40-dias.jpg\" class=\"lightview\" data-lightview-group=\"group-3945\" data-lightview-options=\"skin: 'dark', controls: 'relative', padding: '10', shadow: { color: '#000000', opacity: 0.08, blur: 3 }\"><img loading=\"lazy\" decoding=\"async\" class=\"alignleft  wp-image-3780\" alt=\"Imagem 40 dias\" src=\"http:\/\/ultimato.com.br\/sites\/maosdadas\/files\/2014\/06\/Imagem-40-dias.jpg\" width=\"210\" height=\"70\" srcset=\"https:\/\/ultimato.com.br\/sites\/maosdadas\/files\/2014\/06\/Imagem-40-dias.jpg 300w, https:\/\/ultimato.com.br\/sites\/maosdadas\/files\/2014\/06\/Imagem-40-dias-150x50.jpg 150w\" sizes=\"auto, (max-width: 210px) 100vw, 210px\" \/><\/a><span style=\"color: #0000ff;\">MOTIVO 25 \u2013 PARA O DIA 30:<\/span><\/strong><\/h6>\n<p><strong>\u201cOre pela campanha de vacina\u00e7\u00e3o contra maus tratos de crian\u00e7as e adolescentes em Porto Alegre.\u201d<\/strong><br \/>\nJunte-se a n\u00f3s\u00a0para receber motivos de ora\u00e7\u00e3o diariamente, inscreva-se\u00a0<a href=\"http:\/\/www.redemaosdadas.org\/mutirao-mundial-de-oracao\/mutirao-mundial-de-oracao-2014\/40-dias-de-oracao\/inscreva-se\/\" target=\"_blank\">aqui<\/a>.<br \/>\nPara baixar o guia com a lista completa dos 40 pedidos,\u00a0(<a href=\"http:\/\/www.redemaosdadas.org\/40-dias-de-oracao-pelas-criancas-na-copa\/\" target=\"_blank\">clique aqui!<\/a>)<\/p>\n<p>_ _ _\u00a0_ _ _ _\u00a0_ _ _ _\u00a0_ _ _ _\u00a0_ _ _ _\u00a0_ _ _ _\u00a0_ _ _ _\u00a0_ _ _ _\u00a0_ _ _\u00a0_ _ _ _\u00a0_ _ _ _\u00a0_ _ _ _\u00a0_ _ _ _\u00a0_<\/p>\n<p><span style=\"color: #0000ff;\"><em><strong>Por\u00a0Luciana Falc\u00e3o<\/strong><\/em><\/span><\/p>\n<p>Jesus vivia cercado de pessoas e mostrava-se sempre disposto a ouvi-las, ensin\u00e1-las, cur\u00e1-las. Ouvi certa vez que o minist\u00e9rio de Jesus era pessoas e que por isso ele tomava tempo em se colocar pr\u00f3ximo a elas e aben\u00e7o\u00e1-las.<\/p>\n<p>No entanto, quando as crian\u00e7as tentaram se aproximar trazidas por seus respons\u00e1veis, n\u00e3o encontraram lugar na agenda dos disc\u00edpulos. E esse mesmo mal nos sobrev\u00e9m ainda hoje. Tentamos controlar a agenda de Deus e limitamos suas b\u00ean\u00e7\u00e3os aos nossos preferidos. Os disc\u00edpulos, embora quisessem muito ver o reino de Deus, n\u00e3o queriam tratar bem o que de melhor havia nesse reino: as crian\u00e7as (Mc 10.14).<!--more--><\/p>\n<p>Jesus, muito mais que includente, \u00e9 amigo das crian\u00e7as. Indignado com essa atitude repreendeu os autores, valorizou cada pequenino e advertiu os adultos: \u201cdas crian\u00e7as \u00e9 o reino\u201d. Rompido o cerco, posso imaginar as crian\u00e7as ao redor de Jesus alegres, sentindo-se amadas, valorizadas e defendidas por ele. Posso v\u00ea-las sorrindo ao ouvir suas hist\u00f3rias, sentindo seu toque em suas cabe\u00e7as e ouvindo sua doce voz. Jesus, ao contr\u00e1rio de muitos, n\u00e3o grita, n\u00e3o ofende, nem se mostra indiferente \u00e0 presen\u00e7a dos pequeninos.<\/p>\n<p>Hoje ao presenciar Jesus com as crian\u00e7as, fico maravilhada. Eles se entendem perfeitamente. As crian\u00e7as se integram a ele (e vice-versa) mais do que com palavras simplesmente, com o cora\u00e7\u00e3o, esse cora\u00e7\u00e3o puro que precisamos para ver a Deus.<\/p>\n<p><a href=\"http:\/\/ultimato.com.br\/sites\/maosdadas\/files\/2014\/06\/10411310_244295155761165_5978710942121472191_n.jpg\" class=\"lightview\" data-lightview-group=\"group-3945\" data-lightview-options=\"skin: 'dark', controls: 'relative', padding: '10', shadow: { color: '#000000', opacity: 0.08, blur: 3 }\" data-lightview-title=\"Ibbi Itauna\"><img loading=\"lazy\" decoding=\"async\" class=\"alignright size-medium wp-image-3950\" title=\"Ibbi Itauna\" alt=\"10411310_244295155761165_5978710942121472191_n\" src=\"http:\/\/ultimato.com.br\/sites\/maosdadas\/files\/2014\/06\/10411310_244295155761165_5978710942121472191_n-300x198.jpg\" width=\"300\" height=\"198\" srcset=\"https:\/\/ultimato.com.br\/sites\/maosdadas\/files\/2014\/06\/10411310_244295155761165_5978710942121472191_n-300x198.jpg 300w, https:\/\/ultimato.com.br\/sites\/maosdadas\/files\/2014\/06\/10411310_244295155761165_5978710942121472191_n-150x99.jpg 150w, https:\/\/ultimato.com.br\/sites\/maosdadas\/files\/2014\/06\/10411310_244295155761165_5978710942121472191_n.jpg 960w\" sizes=\"auto, (max-width: 300px) 100vw, 300px\" \/><\/a>No escrit\u00f3rio do Projeto Cal\u00e7ada podemos ouvir as ora\u00e7\u00f5es das crian\u00e7as ao recebermos os Registros dos Aconselhamentos realizados no Brasil. Essas ora\u00e7\u00f5es saem de um cora\u00e7\u00e3o que muitas vezes confiou em adultos que n\u00e3o os tinham como seus preferidos. Nesse universo infelizmente ainda se encontram muitos de n\u00f3s: pais, tios, av\u00f3s, pastores e educadores. Durante o aconselhamento com a bolsa verde (um recurso desenvolvido pelo Projeto Cal\u00e7ada) cada crian\u00e7a tem garantido o direito de falar com Jesus e n\u00e3o apenas de conhec\u00ea-lo. A tarefa a que se dedica a SGM Lifewords, que desenvolve o Projeto Cal\u00e7ada, \u00e9 apenas esta: deixar o caminho livre para que as crian\u00e7as se encontrem com Jesus. Quando isso acontece, elas abrem seus cora\u00e7\u00f5es sem reservas e expressam seus sentimentos, falam suas hist\u00f3rias sensacionais, suas dores, d\u00favidas, medos e alegrias, e creem que de fato h\u00e1 um Deus amoroso que as ouve e as responde.<\/p>\n<p>E assim o projeto coleciona lindas hist\u00f3rias. Uma crian\u00e7a de 6 anos pediu para Jesus tirar seu pai da escurid\u00e3o, j\u00e1 que ele havia deixado o seu caminho de luz. Passado algum tempo ele voltou para a casa de Deus. Outra de 8 anos, socorrida por conta do abuso sexual de um primo adulto, pediu a Jesus que tirasse o \u00f3dio e o rancor de seu cora\u00e7\u00e3o e em seguida estava sorrindo e brincando, ainda no hospital. Uma menina que \u00e0s portas de uma cirurgia disse que Jesus estaria com ela e que, portanto n\u00e3o teria mais medo. Alguns anos depois Jesus a levou. Ela sabia que n\u00e3o precisava ter medo, Jesus esteve ao seu lado o tempo todo e n\u00e3o a deixaria justamente no momento de lev\u00e1-la para si.<\/p>\n<p>\u00c0s vezes interferimos nesse di\u00e1logo, subestimando as crian\u00e7as por acharmos que n\u00e3o possuem a nossa capacidade de articular uma teologia \u201cadultoc\u00eantrica\u201d e assim calamos a sua voz. \u00c9 poss\u00edvel que ao nos observar a crian\u00e7a ache que ora\u00e7\u00e3o n\u00e3o \u00e9 uma coisa natural. Talvez veja mais protocolo do que espontaneidade.<\/p>\n<p>Aprendo a cada dia com as crian\u00e7as na minha igreja a estar mais na presen\u00e7a de Jesus. Suas m\u00e3os pequeninas se levantam em adora\u00e7\u00e3o e parecem apontar para a sala do trono. Suas falas e sorrisos conduzem \u00e0 contempla\u00e7\u00e3o. N\u00e3o sabemos orar como conv\u00e9m. Nossos argumentos teol\u00f3gicos \u00e0s vezes nos impedem de chegar a Deus. Por isso n\u00e3o impe\u00e7amos as crian\u00e7as de chegarem at\u00e9 Jesus, elas podem nos mostrar novamente o caminho.<\/p>\n","protected":false},"excerpt":{"rendered":"<p>MOTIVO 25 \u2013 PARA O DIA 30: \u201cOre pela campanha de vacina\u00e7\u00e3o contra maus tratos de crian\u00e7as e adolescentes em Porto Alegre.\u201d Junte-se a n\u00f3s\u00a0para receber motivos de ora\u00e7\u00e3o diariamente, inscreva-se\u00a0aqui. Para baixar o guia com a lista completa dos 40 pedidos,\u00a0(clique aqui!) _ _ _\u00a0_ _ _ _\u00a0_ _ _ _\u00a0_ _ _ _\u00a0_ [&hellip;]<\/p>\n","protected":false},"author":33,"featured_media":3950,"comment_status":"open","ping_status":"open","sticky":false,"template":"","format":"standard","meta":{"ngg_post_thumbnail":0,"footnotes":""},"categories":[15786],"tags":[19621,17258,15,5444,103,19633],"class_list":["post-3945","post","type-post","status-publish","format-standard","has-post-thumbnail","hentry","category-em-pauta","tag-40-dias-de-oracao-pelas-criancas-na-copa","tag-copa-do-mundo","tag-criancas","tag-deus","tag-jesus","tag-luciana-falcao"],"_links":{"self":[{"href":"https:\/\/ultimato.com.br\/sites\/maosdadas\/wp-json\/wp\/v2\/posts\/3945","targetHints":{"allow":["GET"]}}],"collection":[{"href":"https:\/\/ultimato.com.br\/sites\/maosdadas\/wp-json\/wp\/v2\/posts"}],"about":[{"href":"https:\/\/ultimato.com.br\/sites\/maosdadas\/wp-json\/wp\/v2\/types\/post"}],"author":[{"embeddable":true,"href":"https:\/\/ultimato.com.br\/sites\/maosdadas\/wp-json\/wp\/v2\/users\/33"}],"replies":[{"embeddable":true,"href":"https:\/\/ultimato.com.br\/sites\/maosdadas\/wp-json\/wp\/v2\/comments?post=3945"}],"version-history":[{"count":7,"href":"https:\/\/ultimato.com.br\/sites\/maosdadas\/wp-json\/wp\/v2\/posts\/3945\/revisions"}],"predecessor-version":[{"id":3954,"href":"https:\/\/ultimato.com.br\/sites\/maosdadas\/wp-json\/wp\/v2\/posts\/3945\/revisions\/3954"}],"wp:featuredmedia":[{"embeddable":true,"href":"https:\/\/ultimato.com.br\/sites\/maosdadas\/wp-json\/wp\/v2\/media\/3950"}],"wp:attachment":[{"href":"https:\/\/ultimato.com.br\/sites\/maosdadas\/wp-json\/wp\/v2\/media?parent=3945"}],"wp:term":[{"taxonomy":"category","embeddable":true,"href":"https:\/\/ultimato.com.br\/sites\/maosdadas\/wp-json\/wp\/v2\/categories?post=3945"},{"taxonomy":"post_tag","embeddable":true,"href":"https:\/\/ultimato.com.br\/sites\/maosdadas\/wp-json\/wp\/v2\/tags?post=3945"}],"curies":[{"name":"wp","href":"https:\/\/api.w.org\/{rel}","templated":true}]}}