{"id":3855,"date":"2014-06-19T10:41:06","date_gmt":"2014-06-19T13:41:06","guid":{"rendered":"http:\/\/ultimato.com.br\/sites\/maosdadas\/?p=3855"},"modified":"2014-06-19T10:41:06","modified_gmt":"2014-06-19T13:41:06","slug":"participe-das-mobilizacoes-da-campanha-bola-na-rede","status":"publish","type":"post","link":"https:\/\/ultimato.com.br\/sites\/maosdadas\/2014\/06\/19\/participe-das-mobilizacoes-da-campanha-bola-na-rede\/","title":{"rendered":"Participe das Mobiliza\u00e7\u00f5es da Campanha Bola na Rede"},"content":{"rendered":"<h6><strong><a href=\"http:\/\/ultimato.com.br\/sites\/maosdadas\/files\/2014\/06\/Imagem-40-dias.jpg\" class=\"lightview\" data-lightview-group=\"group-3855\" data-lightview-options=\"skin: 'dark', controls: 'relative', padding: '10', shadow: { color: '#000000', opacity: 0.08, blur: 3 }\"><img loading=\"lazy\" decoding=\"async\" class=\"size-full wp-image-3780 alignleft\" alt=\"Imagem 40 dias\" src=\"http:\/\/ultimato.com.br\/sites\/maosdadas\/files\/2014\/06\/Imagem-40-dias.jpg\" width=\"300\" height=\"100\" srcset=\"https:\/\/ultimato.com.br\/sites\/maosdadas\/files\/2014\/06\/Imagem-40-dias.jpg 300w, https:\/\/ultimato.com.br\/sites\/maosdadas\/files\/2014\/06\/Imagem-40-dias-150x50.jpg 150w\" sizes=\"auto, (max-width: 300px) 100vw, 300px\" \/><\/a>Motivo 14 para o DIA 19:<\/strong><\/h6>\n<p><strong>\u201cOre pelas igrejas acolhedoras que realizam EBF com crian\u00e7as em S\u00e3o Paulo. Estas visam manter as crian\u00e7as em espa\u00e7os seguro durante a COPA.\u201d<\/strong><\/p>\n<p>&nbsp;<\/p>\n<p>Junte-se a n\u00f3s\u00a0para receber motivos de ora\u00e7\u00e3o diariamente, inscreva-se\u00a0<a href=\"http:\/\/www.redemaosdadas.org\/mutirao-mundial-de-oracao\/mutirao-mundial-de-oracao-2014\/40-dias-de-oracao\/inscreva-se\/\" target=\"_blank\">aqui<\/a>.<\/p>\n<p>Para baixar o guia com a lista completa dos 40 pedidos, (<a href=\"http:\/\/www.redemaosdadas.org\/40-dias-de-oracao-pelas-criancas-na-copa\/\" target=\"_blank\">clique aqui!<\/a>)<\/p>\n<p>_____________________________________________________<\/p>\n<p>V\u00e1rias mobiliza\u00e7\u00f5es de sensibiliza\u00e7\u00e3o est\u00e3o programadas para as pr\u00f3ximas semanas nas cidades sede da COPA pela Campanha Bola na Rede. Veja o cronograma de atividades na planilha abaixo e procure na sua cidade a pessoa respons\u00e1vel. Voc\u00ea tamb\u00e9m pode acessar o site da Campanha Bola na Rede ou o seu facebook. N\u00e3o fique de fora! Para os pr\u00f3ximos 7 dias est\u00e3o programados:<\/p>\n<p><span style=\"color: #808000;\"><strong>Em Belo Horizonte<\/strong><\/span><\/p>\n<table width=\"607\" border=\"0\" cellspacing=\"0\" cellpadding=\"0\">\n<tbody>\n<tr>\n<td width=\"59\">\n<p align=\"center\">19-Jun<\/p>\n<\/td>\n<td width=\"247\">Primeira Igreja Batista do Planalto, Rua Professor No\u00e9 Azevedo, 248 bairro Planalto, Belo Horizonte\/MG 31 3495 1597<\/td>\n<td width=\"152\">Palestras; Vacina\u00e7\u00e3o; Conta\u00e7\u00e3o de Hist\u00f3ria<\/td>\n<td width=\"150\">\n<p align=\"center\">Joana, Simone, Petr\u00facia,<\/p>\n<p align=\"center\">Vanessa e Parceiros<\/p>\n<\/td>\n<\/tr>\n<tr>\n<td width=\"59\">\n<p align=\"center\">20-Jun<\/p>\n<\/td>\n<td width=\"247\">Primeira Igreja Batista Metropolitana de Contagem, Rua Benzol, 399 Petrol\u00e2ndia, Contagem\/MG 31 3353 6450<\/td>\n<td width=\"152\">Palestras; Vacina\u00e7\u00e3o; Conta\u00e7\u00e3o de hist\u00f3ria<\/td>\n<td width=\"150\">\n<p align=\"center\">Joana, Simone, Petr\u00facia e Vanessa<\/p>\n<\/td>\n<\/tr>\n<tr>\n<td width=\"59\">\n<p align=\"center\">21-Jun<\/p>\n<\/td>\n<td width=\"247\">Encontro \u00e0s 09h00 no Carrefour, Av. Carlos Luz 4055.<\/td>\n<td width=\"152\">\n<p align=\"center\"><b>Jogo Argentina x Ir\u00e3<\/b><\/p>\n<\/td>\n<td width=\"150\">\n<p align=\"center\">Rodolpho (JOCUM \u2013 BH)<\/p>\n<\/td>\n<\/tr>\n<tr>\n<td width=\"59\">\n<p align=\"center\">22-Jun<\/p>\n<\/td>\n<td width=\"247\">9h00 \u2013 Encontro Igreja S\u00e3o Francisco \u2013 Pampulha9h30 \u2013 Sa\u00edda em \u201cmarcha\u201d com Samba e evangelismo<\/td>\n<td width=\"152\"><b>Evangelismo Fam\u00edlia Turista<\/b><\/td>\n<td width=\"150\">\n<p align=\"center\"><b>CTMDT<\/b><\/p>\n<\/td>\n<\/tr>\n<tr>\n<td width=\"59\">\n<p align=\"center\">23-Jun<\/p>\n<\/td>\n<td width=\"247\"><b>Concentra\u00e7\u00e3o na Igreja Gra\u00e7a\u00a0Maior \u00e1s 13h00:\u00a0<\/b>Rua Dom Oscar Romero, 234. Bairro Nova Gameleira<b><\/b><\/td>\n<td width=\"152\">\n<p align=\"center\">Jogo <b>Brasil x Camar\u00f5es\u00a0\u00a0\u00a0\u00a0\u00a0\u00a0\u00a0\u00a0\u00a0\u00a0\u00a0\u00a0\u00a0\u00a0\u00a0\u00a0\u00a0\u00a0\u00a0\u00a0\u00a0\u00a0\u00a0\u00a0\u00a0\u00a0 Evangelismo em massa no Fan Fest \/ Expominas<\/b><\/p>\n<\/td>\n<td width=\"150\">\n<p align=\"center\">Rodolpho (JOCUM \u2013 BH)<\/p>\n<\/td>\n<\/tr>\n<tr>\n<td width=\"59\">\n<p align=\"center\">24-Jun<\/p>\n<\/td>\n<td width=\"247\">Encontro \u00e0s 09h00 no Carrefour, Av. Carlos Luz 4055.<\/td>\n<td width=\"152\">\n<p align=\"center\">Jogo <b>Inglaterra x Costa Rica \u00a0<\/b><\/p>\n<\/td>\n<td width=\"150\">\n<p align=\"center\">Rodolpho (JOCUM \u2013 BH)<\/p>\n<\/td>\n<\/tr>\n<tr>\n<td width=\"59\">\n<p align=\"center\">25-Jun<\/p>\n<\/td>\n<td width=\"247\">Primeira Igreja Batista de Vista Alegre \u2013 Av. Pe. Jos\u00e9 Maur\u00edcio, 894 Vista Alegre. Belo Horizonte\/MG<\/td>\n<td width=\"152\">Palestras; \u00a0\u00a0\u00a0\u00a0\u00a0\u00a0\u00a0\u00a0\u00a0\u00a0\u00a0\u00a0\u00a0\u00a0\u00a0\u00a0\u00a0\u00a0\u00a0\u00a0\u00a0\u00a0\u00a0\u00a0\u00a0\u00a0\u00a0\u00a0\u00a0\u00a0\u00a0\u00a0\u00a0\u00a0\u00a0Vacina\u00e7\u00e3o;Conta\u00e7\u00e3o de hist\u00f3ria<\/td>\n<td width=\"150\">\n<p align=\"center\">Joana, Simone, Petr\u00facia, Vanessa e Parceiros<\/p>\n<\/td>\n<\/tr>\n<tr>\n<td width=\"59\">\n<p align=\"center\">26-Jun<\/p>\n<\/td>\n<td width=\"247\">Igreja Batista C\u00e9u Anil Rua Marciano Jos\u00e9 de Souza, 95 C\u00e9u Anil \u2013 Ribeir\u00e3o das Neves 31 8631 1564<\/td>\n<td width=\"152\">Palestras;\u00a0 \u00a0\u00a0\u00a0\u00a0\u00a0\u00a0\u00a0\u00a0\u00a0\u00a0\u00a0\u00a0\u00a0\u00a0\u00a0\u00a0\u00a0\u00a0\u00a0\u00a0\u00a0\u00a0\u00a0\u00a0\u00a0\u00a0\u00a0\u00a0\u00a0\u00a0\u00a0\u00a0\u00a0\u00a0\u00a0\u00a0Vacina\u00e7\u00e3o;Conta\u00e7\u00e3o de hist\u00f3ria<\/td>\n<td width=\"150\">\n<p align=\"center\">Joana, Simone, Petr\u00facia, Vanessa e Parceiros<\/p>\n<\/td>\n<\/tr>\n<\/tbody>\n<\/table>\n<p><span style=\"color: #808000;\"><strong>Em Fortaleza<\/strong><\/span>:<\/p>\n<table width=\"577\" border=\"0\" cellspacing=\"0\" cellpadding=\"0\">\n<tbody>\n<tr>\n<td width=\"55\">\n<p align=\"center\">19-Jun<\/p>\n<\/td>\n<td width=\"168\">Aeroporto Internacional de Fortaleza &#8211; Pinto Martins<\/td>\n<td width=\"204\">Acolhimento aos Turistas<\/td>\n<td width=\"150\">Diaconia, Vis\u00e3o Mundial e BNR<\/td>\n<\/tr>\n<tr>\n<td width=\"55\">\n<p align=\"center\">21-Jun<\/p>\n<\/td>\n<td width=\"168\">Aterro da Praia de Iracema<\/td>\n<td width=\"204\">Entrega de sacolinha de lixo para carros e pedestres na beira mar<br \/>\nPara taxistas e donos de barraca: sacolinha e leque<\/td>\n<td width=\"150\">Organizadores: Juventude da Igreja Metodista<\/td>\n<\/tr>\n<tr>\n<td width=\"55\">\n<p align=\"center\">21-Jun<\/p>\n<\/td>\n<td width=\"168\">Sete bols\u00f5es de estacionamento disponibilizados:<\/p>\n<p>&#8211;\u00a0 Shopping Iguatemi<br \/>\n&#8211; Universidade de Fortaleza (Unifor)<br \/>\n&#8211; Shopping Via Sul<br \/>\n&#8211;\u00a0 Cambeba<br \/>\n&#8211;\u00a0 Shopping Parangaba<br \/>\n&#8211;\u00a0 North Shopping J\u00f3quei<br \/>\n&#8211;\u00a0 Campus do Pici da Universidade Federal do Cear\u00e1 (UFC)<\/td>\n<td width=\"204\">Sensibiliza\u00e7\u00e3o Bola na Rede\u00a0\u00a0\u00a0\u00a0\u00a0\u00a0\u00a0\u00a0\u00a0\u00a0\u00a0\u00a0\u00a0\u00a0\u00a0\u00a0\u00a0\u00a0\u00a0\u00a0\u00a0\u00a0\u00a0\u00a0\u00a0\u00a0\u00a0\u00a0 Instituto Novidade de Vida e Igreja Novidade de Vida far\u00e3o a\u00e7\u00f5es BNR nos bols\u00f5es.\u00a0\u00a0\u00a0 \u00a0\u00a0\u00a0\u00a0\u00a0\u00a0\u00a0\u00a0\u00a0\u00a0\u00a0\u00a0\u00a0\u00a0\u00a0\u00a0\u00a0\u00a0\u00a0\u00a0\u00a0\u00a0\u00a0\u00a0\u00a0\u00a0\u00a0\u00a0\u00a0\u00a0\u00a0\u00a0\u00a0\u00a0\u00a0\u00a0\u00a0\u00a0\u00a0\u00a0\u00a0\u00a0\u00a0\u00a0\u00a0\u00a0\u00a0\u00a0\u00a0\u00a0\u00a0\u00a0\u00a0\u00a0\u00a0\u00a0\u00a0\u00a0\u00a0\u00a0\u00a0\u00a0\u00a0\u00a0\u00a0\u00a0\u00a0\u00a0\u00a0\u00a0\u00a0\u00a0\u00a0\u00a0\u00a0\u00a0\u00a0\u00a0\u00a0\u00a0\u00a0\u00a0\u00a0\u00a0\u00a0\u00a0\u00a0\u00a0\u00a0\u00a0+A\u00e7\u00f5es Evangel\u00edsticas (JOCUM)<\/td>\n<td width=\"150\">Instituto Novidade de Vida e Igreja Novidade de Vida, BNR, Jocum<\/td>\n<\/tr>\n<tr>\n<td width=\"55\">\n<p align=\"center\">21-Jun<\/p>\n<\/td>\n<td width=\"168\">Fifa Fan Fest Fortaleza &#8211; Aterro da Praia de Iracema<\/td>\n<td width=\"204\">Sensibiliza\u00e7\u00e3o Bola na Rede + Campanha de Vacina\u00e7\u00e3o: Faremos um mini-campo e as pessoas ser\u00e3o abordadas e convidadas a fazerem um Gol contra a explora\u00e7\u00e3o. Elas ser\u00e3o vacinadas e ao fazerem o gol ganhar\u00e3o a ventarola BNR +A\u00e7\u00f5es Evangel\u00edsticas (JOCUM)<\/td>\n<td width=\"150\">BNR, Jocum<\/td>\n<\/tr>\n<tr>\n<td width=\"55\">\n<p align=\"center\">21-Jun<\/p>\n<\/td>\n<td width=\"168\">Arena Castel\u00e3o<\/td>\n<td width=\"204\">Os Atletas em A\u00e7\u00e3o far\u00e3o a\u00e7\u00f5es do BNR no entorno do castel\u00e3o com o mini-campo: as pessoas ser\u00e3o abordadas e convidadas a fazerem um Gol contra a explora\u00e7\u00e3o. Ao fazerem o gol ganhar\u00e3o a ventarola BNR +A\u00e7\u00f5es Evangel\u00edsticas (JOCUM)<\/td>\n<td width=\"150\">Atletas em A\u00e7\u00e3o, BNR, Jocum<\/td>\n<\/tr>\n<tr>\n<td width=\"55\">\n<p align=\"center\">22-Jun<\/p>\n<\/td>\n<td width=\"168\">Aeroporto Internacional de Fortaleza &#8211; Pinto Martins<\/td>\n<td width=\"204\">Acolhimento aos Turistas<\/td>\n<td width=\"150\">Diaconia, Vis\u00e3o Mundial e BNR<\/td>\n<\/tr>\n<tr>\n<td width=\"55\">\n<p align=\"center\">23-Jun<\/p>\n<\/td>\n<td width=\"168\">Praia de Iracema<\/td>\n<td width=\"204\">Caminhada de Sensibiliza\u00e7\u00e3o contra a explora\u00e7\u00e3o sexual na Beira Mar<\/td>\n<td width=\"150\">IBC<\/td>\n<\/tr>\n<tr>\n<td width=\"55\">\n<p align=\"center\">24-Jun<\/p>\n<\/td>\n<td width=\"168\">Aterro da Praia de Iracema<\/td>\n<td width=\"204\">Entrega de sacolinha de lixo para carros e pedestres na beira mar<br \/>\nPara taxistas e donos de barraca: sacolinha e leque<\/td>\n<td width=\"150\">Organizadores: Juventude da Igreja Assembleia de Deus<\/td>\n<\/tr>\n<tr>\n<td width=\"55\">\n<p align=\"center\">24-Jun<\/p>\n<\/td>\n<td width=\"168\">&nbsp;<\/td>\n<td width=\"204\">Festa para crian\u00e7as \/ &#8220;27 milh\u00f5es&#8221;: s\u00e3o 8 pessoas que ficar\u00e3o conosco<\/td>\n<td width=\"150\">Movimento &#8220;27 milh\u00f5es&#8221;: s\u00e3o 8 pessoas que ficar\u00e3o conosco BNR, Igreja<\/td>\n<\/tr>\n<tr>\n<td width=\"55\">\n<p align=\"center\">24-Jun<\/p>\n<\/td>\n<td width=\"168\">Sete bols\u00f5es de estacionamento disponibilizados:<\/p>\n<p>&#8211;\u00a0 Shopping Iguatemi<br \/>\n&#8211; Universidade de Fortaleza (Unifor)<br \/>\n&#8211; Shopping Via Sul<br \/>\n&#8211;\u00a0 Cambeba<br \/>\n&#8211;\u00a0 Shopping Parangaba<br \/>\n&#8211;\u00a0 North Shopping J\u00f3quei<br \/>\n&#8211;\u00a0 Campus do Pici da Universidade Federal do Cear\u00e1 (UFC)<\/td>\n<td width=\"204\">Sensibiliza\u00e7\u00e3o Bola na Rede\u00a0\u00a0\u00a0\u00a0\u00a0\u00a0\u00a0\u00a0\u00a0\u00a0\u00a0\u00a0\u00a0\u00a0\u00a0\u00a0\u00a0\u00a0\u00a0\u00a0\u00a0\u00a0\u00a0\u00a0\u00a0\u00a0\u00a0\u00a0 Instituto Novidade de Vida e Igreja Novidade de Vida far\u00e3o a\u00e7\u00f5es BNR nos bols\u00f5es.\u00a0\u00a0\u00a0\u00a0\u00a0\u00a0\u00a0\u00a0\u00a0\u00a0\u00a0\u00a0\u00a0\u00a0\u00a0\u00a0\u00a0\u00a0\u00a0\u00a0\u00a0\u00a0\u00a0\u00a0\u00a0\u00a0\u00a0\u00a0\u00a0\u00a0\u00a0\u00a0\u00a0\u00a0\u00a0\u00a0\u00a0\u00a0\u00a0\u00a0\u00a0\u00a0\u00a0\u00a0\u00a0\u00a0\u00a0\u00a0\u00a0\u00a0\u00a0\u00a0\u00a0 \u00a0\u00a0\u00a0\u00a0\u00a0\u00a0\u00a0\u00a0\u00a0\u00a0\u00a0\u00a0\u00a0\u00a0\u00a0\u00a0\u00a0\u00a0\u00a0\u00a0\u00a0\u00a0\u00a0\u00a0\u00a0\u00a0\u00a0\u00a0\u00a0\u00a0\u00a0\u00a0\u00a0\u00a0\u00a0\u00a0\u00a0\u00a0\u00a0\u00a0+A\u00e7\u00f5es Evangel\u00edsticas (JOCUM)<\/td>\n<td width=\"150\">Instituto Novidade de Vida e Igreja Novidade de Vida, BNR, Jocum<\/td>\n<\/tr>\n<tr>\n<td width=\"55\">\n<p align=\"center\">24-Jun<\/p>\n<\/td>\n<td width=\"168\">Fifa Fan Fest Fortaleza &#8211; Aterro da Praia de Iracema<\/td>\n<td width=\"204\">Sensibiliza\u00e7\u00e3o Bola na Rede + Campanha de Vacina\u00e7\u00e3o\u00a0\u00a0\u00a0\u00a0\u00a0\u00a0\u00a0\u00a0\u00a0\u00a0\u00a0\u00a0\u00a0\u00a0\u00a0\u00a0\u00a0\u00a0\u00a0\u00a0\u00a0\u00a0\u00a0\u00a0\u00a0\u00a0\u00a0\u00a0\u00a0\u00a0\u00a0\u00a0\u00a0\u00a0 Um gol pelo direito de crian\u00e7as e adolescentes: Faremos um mini-campo e as pessoas ser\u00e3o abordadas e convidadas a fazerem um Gol contra a explora\u00e7\u00e3o. Elas ser\u00e3o vacinadas e ao fazerem o gol ganhar\u00e3o a ventarola BNR +A\u00e7\u00f5es Evangel\u00edsticas (JOCUM)<\/td>\n<td width=\"150\">BNR, Jocum<\/td>\n<\/tr>\n<tr>\n<td width=\"55\">\n<p align=\"center\">24-Jun<\/p>\n<\/td>\n<td width=\"168\">Arena Castel\u00e3o<\/td>\n<td width=\"204\">Um gol pelo direito de crian\u00e7as e adolescentes:\u00a0 Os Atletas em A\u00e7\u00e3o far\u00e3o a\u00e7\u00f5es do BNR no entorno do castel\u00e3o com o mini-campo: as pessoas ser\u00e3o abordadas e convidadas a fazerem um Gol contra a explora\u00e7\u00e3o. Ao fazerem o gol ganhar\u00e3o a ventarola BNR +A\u00e7\u00f5es Evangel\u00edsticas (JOCUM)<\/td>\n<td width=\"150\">Atletas em A\u00e7\u00e3o, BNR, Jocum<\/td>\n<\/tr>\n<tr>\n<td width=\"55\">\n<p align=\"center\">25-Jun<\/p>\n<\/td>\n<td width=\"168\">&nbsp;<\/td>\n<td width=\"204\">Festa para crian\u00e7as \/ &#8220;27 milh\u00f5es&#8221;: s\u00e3o 8 pessoas que ficar\u00e3o conosco<\/td>\n<td width=\"150\">Movimento &#8220;27 milh\u00f5es&#8221;<\/td>\n<\/tr>\n<tr>\n<td width=\"55\">\n<p align=\"center\">26-Jun<\/p>\n<\/td>\n<td width=\"168\">&nbsp;<\/td>\n<td width=\"204\">Festa para crian\u00e7as \/ &#8220;27 milh\u00f5es&#8221;: s\u00e3o 8 pessoas que ficar\u00e3o conosco<\/td>\n<td width=\"150\">Movimento &#8220;27 milh\u00f5es&#8221;<\/td>\n<\/tr>\n<\/tbody>\n<\/table>\n<p><span style=\"color: #808000;\"><strong>Em Salvador<\/strong><\/span><\/p>\n<table width=\"631\" border=\"0\" cellspacing=\"0\" cellpadding=\"0\">\n<tbody>\n<tr>\n<td width=\"59\">\n<p align=\"center\">19-Jun<\/p>\n<\/td>\n<td width=\"247\">16:00 &#8211; Pelourinho e Elevador Lacerda Pinheiro<\/td>\n<td width=\"224\">Vacina\u00e7\u00e3o + panfletagem<\/td>\n<td width=\"102\"><\/td>\n<\/tr>\n<tr>\n<td width=\"59\">\n<p align=\"center\">20-Jun<\/p>\n<\/td>\n<td width=\"247\">Entorno da Arena Fonte Nova<\/td>\n<td width=\"224\">No entorno da Arena: Equipe de adultos do Bola na Rede e equipe da Transcopa far\u00e3o panfletagem dos folders e das ventarolas BNR<\/td>\n<td width=\"102\"><\/td>\n<\/tr>\n<tr>\n<td width=\"59\">\n<p align=\"center\">26-Jun<\/p>\n<\/td>\n<td width=\"247\">Entorno da Arena Fonte Nova<\/td>\n<td width=\"224\">No entorno da Arena: Equipe de adultos do Bola na Rede e equipe da Transcopa far\u00e3o panfletagem dos folders e das ventarolas BNR<\/td>\n<td width=\"102\"><\/td>\n<\/tr>\n<\/tbody>\n<\/table>\n<p><strong><span style=\"color: #808000;\">Em Recife<\/span><\/strong><\/p>\n<table width=\"453\" border=\"0\" cellspacing=\"0\" cellpadding=\"0\">\n<tbody>\n<tr>\n<td width=\"59\">\n<p align=\"center\">20-Jun<\/p>\n<\/td>\n<td width=\"137\">15:00<\/p>\n<p>TIP \u2013 Camaragibe<\/td>\n<td width=\"156\">Panfletagem e flash mob<\/td>\n<td width=\"102\">MUR<\/td>\n<\/tr>\n<tr>\n<td width=\"59\">\n<p align=\"center\">22-Jun<\/p>\n<\/td>\n<td width=\"137\">Dia todo<\/p>\n<p>Aeroporto<\/td>\n<td width=\"156\">Placas<\/td>\n<td width=\"102\">VER, LUZES<\/td>\n<\/tr>\n<tr>\n<td width=\"59\">\n<p align=\"center\">23-Jun<\/p>\n<\/td>\n<td width=\"137\">Dia todo<\/p>\n<p>Camaragibe<\/td>\n<td width=\"156\">Panfletos<\/td>\n<td width=\"102\">MUR<\/td>\n<\/tr>\n<\/tbody>\n<\/table>\n<p><span style=\"color: #808000;\"><strong>Em Natal<\/strong><\/span><\/p>\n<table width=\"523\" border=\"0\" cellspacing=\"0\" cellpadding=\"0\">\n<tbody>\n<tr>\n<td width=\"55\">\n<p align=\"center\">25-Jun<\/p>\n<\/td>\n<td width=\"204\">A partir das 09:00<\/p>\n<p><b>Ponta Negra<\/b> &#8211; Sinal da Feirinha de Artesanato na Entrada do conjunto.<br \/>\n<b>Zona Norte<\/b> &#8211; Final da Ponta Newton Navarro na Redinha<br \/>\n<b>Entrada de Natal<\/b> &#8211; Sinal da entrada do Sat\u00e9lite\/Maria Lacerda.<\/td>\n<td width=\"102\">Blitz Educativa em 3 pontos de Natal<\/td>\n<td width=\"162\">Pr. Dyego Baruck (8754.2137)<br \/>\nPr Hudson (8742-3070 e 9640-3753)Dc. Wagner &#8211; 8719.9224 (Tim)<\/td>\n<\/tr>\n<\/tbody>\n<\/table>\n<p><span style=\"color: #808000;\"><strong>Em S\u00e3o Paulo<\/strong><\/span><\/p>\n<table width=\"529\" border=\"0\" cellspacing=\"0\" cellpadding=\"0\">\n<tbody>\n<tr>\n<td width=\"59\">\n<p align=\"center\">19-Jun<\/p>\n<\/td>\n<td width=\"185\">16:00 &#8211; Fan Fest da Vale do Anhangaba\u00fa<\/td>\n<td width=\"286\">Campanha de Vacina\u00e7\u00e3o e abordagem dos turistas e torcedores com distribui\u00e7\u00e3o de material<\/td>\n<\/tr>\n<tr>\n<td width=\"59\">\n<p align=\"center\">23-Jun<\/p>\n<\/td>\n<td width=\"185\">17:00 Fan Fest da Vale do Anhangaba\u00fa<\/td>\n<td width=\"286\">Abordagem dos turistas e torcedores com distribui\u00e7\u00e3o de material<\/td>\n<\/tr>\n<\/tbody>\n<\/table>\n<p><strong><span style=\"color: #808000;\">No Rio de Janeiro<\/span><\/strong><\/p>\n<p>&nbsp;<\/p>\n<table width=\"529\" border=\"0\" cellspacing=\"0\" cellpadding=\"0\">\n<tbody>\n<tr>\n<td width=\"59\">\n<p align=\"center\">21-Jun<\/p>\n<\/td>\n<td width=\"247\">Praia de Copacabana &#8211; RJ<\/td>\n<td width=\"224\">Mobiliza\u00e7\u00e3o e conscientiza\u00e7\u00e3o Bola na Rede\u00a0 e Vacina\u00e7\u00e3o pelos bons tratos<\/td>\n<\/tr>\n<tr>\n<td width=\"59\">\n<p align=\"center\">23-Jun<\/p>\n<\/td>\n<td width=\"247\">Praia de Copacabana \u2013 RJ<\/td>\n<td width=\"224\">Mobiliza\u00e7\u00e3o e conscientiza\u00e7\u00e3o Bola na Rede<\/td>\n<\/tr>\n<\/tbody>\n<\/table>\n<p><span style=\"color: #808000;\"><strong>Em Porto Alegre<\/strong><\/span><\/p>\n<table width=\"573\" border=\"0\" cellspacing=\"0\" cellpadding=\"0\">\n<tbody>\n<tr>\n<td width=\"59\">\n<p align=\"center\">22-Jun<\/p>\n<\/td>\n<td width=\"155\">\n<p align=\"center\">13h00 \u00e0s 17h00<\/p>\n<p align=\"center\">A\u00e7\u00e3o em Alvorada<\/p>\n<\/td>\n<td width=\"240\">\n<p align=\"center\">A\u00e7\u00f5es do Bola na Rede\u00a0\u00a0em ESPA\u00c7OS SEGUROS em POA com Parceria com Igrejas \u2013\u00a0ESCOLA B\u00cdBLICA NA COPA &#8211; EB COPA<\/p>\n<\/td>\n<td width=\"120\">\n<p align=\"center\">Igreja Batista Filad\u00e9lfia em Alvorada &#8211; Pra. Verinha Alves<\/p>\n<\/td>\n<\/tr>\n<tr>\n<td width=\"59\">\n<p align=\"center\">22-Jun<\/p>\n<\/td>\n<td width=\"155\">\n<p align=\"center\">13h00 \u00e0s 17h00<\/p>\n<p align=\"center\">A\u00e7\u00e3o em Vila Jardim do Verde\/POA<\/p>\n<\/td>\n<td width=\"240\">\n<p align=\"center\">A\u00e7\u00f5es do Bola na Rede\u00a0\u00a0em ESPA\u00c7OS SEGUROS em POA com Parceria com Igrejas \u2013\u00a0ESCOLA B\u00cdBLICA NA COPA &#8211; EB COPA:<\/p>\n<\/td>\n<td width=\"120\">\n<p align=\"center\">Igreja Batista Filad\u00e9lfia em Porto Alegre &#8211; Nilza Sanches<\/p>\n<\/td>\n<\/tr>\n<tr>\n<td width=\"59\">\n<p align=\"center\">22-Jun<\/p>\n<\/td>\n<td width=\"155\">\n<p align=\"center\">13h00 \u00e0s 17h00<\/p>\n<p align=\"center\">A\u00e7\u00e3o em Gravata\u00ed<\/p>\n<\/td>\n<td width=\"240\">\n<p align=\"center\">A\u00e7\u00f5es do Bola na Rede\u00a0\u00a0em ESPA\u00c7OS SEGUROS em POA com Parceria com Igrejas \u2013\u00a0ESCOLA B\u00cdBLICA NA COPA &#8211; EB COPA:<\/p>\n<\/td>\n<td width=\"120\">\n<p align=\"center\">Igreja Batista Betel de Gravata\u00ed &#8211; Pra. Rosane W. Rzigoski<\/p>\n<\/td>\n<\/tr>\n<tr>\n<td width=\"59\">\n<p align=\"center\">22-Jun<\/p>\n<\/td>\n<td width=\"155\">\n<p align=\"center\">13h00 \u00e0s 17h00<\/p>\n<p align=\"center\">A\u00e7\u00e3o na Comunidade da ARENA DO GR\u00caMIO\/POA<\/p>\n<\/td>\n<td width=\"240\">\n<p align=\"center\">A\u00e7\u00f5es do Bola na Rede\u00a0\u00a0em ESPA\u00c7OS SEGUROS em POA com Parceria com Igrejas \u2013\u00a0ESCOLA B\u00cdBLICA NA COPA &#8211; EB COPA:<\/p>\n<\/td>\n<td width=\"120\">\n<p align=\"center\">Miss\u00e3o Gl\u00f3ria para as Na\u00e7\u00f5es: Comunidade da ARENA DO GR\u00caMIO &#8211; Pra. Juliana Dilzia<\/p>\n<\/td>\n<\/tr>\n<tr>\n<td width=\"59\">\n<p align=\"center\">22-Jun<\/p>\n<\/td>\n<td width=\"155\">\n<p align=\"center\">11:00 \u00e0s 21:00<\/p>\n<p align=\"center\">Toca do Tatu\u00a0\u00a0\u00a0\u00a0\u00a0\u00a0\u00a0\u00a0\u00a0\u00a0\u00a0\u00a0\u00a0\u00a0\u00a0\u00a0\u00a0\u00a0\u00a0\u00a0\u00a0\u00a0\u00a0\u00a0\u00a0\u00a0\u00a0\u00a0\u00a0\u00a0 CAMINHO DO GOL (Roteiro preferencial de pedestres em dias de jogo em Porto Alegre que parte do Mercado P\u00fablico, centro hist\u00f3rico, pela Borges e Medeiros em dire\u00e7\u00e3o ao Est\u00e1dio Beira-Rio. Al\u00e9m de atra\u00e7\u00f5es tur\u00edsticas e de alimenta\u00e7\u00e3o, contar\u00e1 com aten\u00e7\u00e3o \u00e0 crian\u00e7a e adolescente).<\/p>\n<\/td>\n<td width=\"240\">\n<p align=\"center\">Far\u00e3o panfletagem dos folders BNR\u00a0 e outros de prote\u00e7\u00e3o \u00e1 crian\u00e7a. Estar\u00e3o em parceria com EVESCA\/POA e\u00a0Coordena\u00e7\u00e3o Executiva de Pol\u00edticas P\u00fablicas para a Crian\u00e7a e o Adolescente de POA\/RS, colaborando nas a\u00e7\u00f5es de encaminhamento \u00e0 prote\u00e7\u00e3o de crian\u00e7as e adolescentes; &#8211; RESPONS\u00c1VEL Pr. Ricardo Glavan<\/p>\n<p align=\"center\">\u00a0 Equipe de adolescentes com seus l\u00edderes far\u00e3o a CAMPANHA DE VACINA\u00c7\u00c3O pelos Bons Tratos na comunidade; Equipe de professores BNR, com\u00a0\u00a0CONTA\u00c7\u00c3O a hist\u00f3ria do TATU MULITA com dicas de prote\u00e7\u00e3o para crian\u00e7as e adolescentes e distribui\u00e7\u00e3o de gravuras para pintar e ventarola BNR. Haver\u00e1 sorteio do boneco FULECO no final de cada dia para as crian\u00e7as que participaram das atividades pedag\u00f3gicas na TOCA DO TATU; &#8211; RESPONS\u00c1VEL (Igr.\u00a0 BRAZA Zona Norte)\u00a0\u00a0\u00a0\u00a0\u00a0\u00a0\u00a0\u00a0\u00a0\u00a0\u00a0\u00a0\u00a0\u00a0\u00a0\u00a0 Equipe de acolhimento BNR na brinquedoteca do TATU estar\u00e3o oportunizando \u00e0 comunidade um LOCAL SEGURO para crian\u00e7as e adolescentes que necessitem deste apoio.<\/p>\n<\/td>\n<td width=\"120\">\n<p align=\"center\">(Comit\u00ea BNR) Rosa Bomfim, Nilza Sanches, Mar[ilia Concei;&#8217;ao, Cec[ilia Pissolato, Sueli Amaral, Faustina Santos, Sidamaia Almeida, Gio Zalwski, Camila Santos, Eliane MCW, Sandra Penno<\/p>\n<\/td>\n<\/tr>\n<tr>\n<td width=\"59\">\n<p align=\"center\">25-Jun<\/p>\n<\/td>\n<td width=\"155\">\n<p align=\"center\">13h00 \u00e0s 17h00<\/p>\n<p align=\"center\">A\u00e7\u00e3o em Alvorada<\/p>\n<\/td>\n<td width=\"240\">\n<p align=\"center\">A\u00e7\u00f5es do Bola na Rede\u00a0\u00a0em ESPA\u00c7OS SEGUROS em POA com Parceria com Igrejas \u2013\u00a0ESCOLA B\u00cdBLICA NA COPA &#8211; EB COPA:<\/p>\n<\/td>\n<td width=\"120\">\n<p align=\"center\">Igreja Batista Filad\u00e9lfia em Alvorada &#8211; Pra. Verinha Alves<\/p>\n<\/td>\n<\/tr>\n<tr>\n<td width=\"59\">\n<p align=\"center\">25-Jun<\/p>\n<\/td>\n<td width=\"155\">\n<p align=\"center\">13h00 \u00e0s 17h00<\/p>\n<p align=\"center\">A\u00e7\u00e3o em Vila Jardim do Verde\/POA<\/p>\n<\/td>\n<td width=\"240\">\n<p align=\"center\">A\u00e7\u00f5es do Bola na Rede\u00a0\u00a0em ESPA\u00c7OS SEGUROS em POA com Parceria com Igrejas \u2013\u00a0ESCOLA B\u00cdBLICA NA COPA &#8211; EB COPA:<\/p>\n<\/td>\n<td width=\"120\">\n<p align=\"center\">Igreja Batista Filad\u00e9lfia em Porto Alegre &#8211; Nilza Sanches<\/p>\n<\/td>\n<\/tr>\n<tr>\n<td width=\"59\">\n<p align=\"center\">25-Jun<\/p>\n<\/td>\n<td width=\"155\">\n<p align=\"center\">13h00 \u00e0s 17h00<\/p>\n<p align=\"center\">A\u00e7\u00e3o em Gravata\u00ed<\/p>\n<\/td>\n<td width=\"240\">\n<p align=\"center\">A\u00e7\u00f5es do Bola na Rede\u00a0\u00a0em ESPA\u00c7OS SEGUROS em POA com Parceria com Igrejas \u2013\u00a0ESCOLA B\u00cdBLICA NA COPA &#8211; EB COPA:<\/p>\n<\/td>\n<td width=\"120\">\n<p align=\"center\">Igreja Batista Betel de Gravata\u00ed &#8211; Pra. Rosane W. Rzigoski<\/p>\n<\/td>\n<\/tr>\n<tr>\n<td width=\"59\">\n<p align=\"center\">25-Jun<\/p>\n<\/td>\n<td width=\"155\">\n<p align=\"center\">13h00 \u00e0s 17h00<\/p>\n<p align=\"center\">A\u00e7\u00e3o na Comunidade da ARENA DO GR\u00caMIO\/POA<\/p>\n<\/td>\n<td width=\"240\">\n<p align=\"center\">A\u00e7\u00f5es do Bola na Rede\u00a0\u00a0em ESPA\u00c7OS SEGUROS em POA com Parceria com Igrejas \u2013\u00a0ESCOLA B\u00cdBLICA NA COPA &#8211; EB COPA:<\/p>\n<\/td>\n<td width=\"120\">\n<p align=\"center\">Miss\u00e3o Gl\u00f3ria para as Na\u00e7\u00f5es: Comunidade da ARENA DO GR\u00caMIO &#8211; Pra. Juliana Dilzia<\/p>\n<\/td>\n<\/tr>\n<tr>\n<td width=\"59\">\n<p align=\"center\">25-Jun<\/p>\n<\/td>\n<td width=\"155\">\n<p align=\"center\">11h \u00e0s 21h<\/p>\n<p align=\"center\">Toca do Tatu\u00a0\u00a0\u00a0\u00a0\u00a0\u00a0\u00a0\u00a0\u00a0\u00a0\u00a0\u00a0\u00a0\u00a0\u00a0\u00a0\u00a0\u00a0\u00a0\u00a0\u00a0\u00a0\u00a0\u00a0\u00a0\u00a0\u00a0\u00a0\u00a0\u00a0 CAMINHO DO GOL (Roteiro preferencial de pedestres em dias de jogo em Porto Alegre que parte do Mercado P\u00fablico, centro hist\u00f3rico, pela Borges e Medeiros em dire\u00e7\u00e3o ao Est\u00e1dio Beira-Rio. Al\u00e9m de atra\u00e7\u00f5es tur\u00edsticas e de alimenta\u00e7\u00e3o, contar\u00e1 com aten\u00e7\u00e3o \u00e0 crian\u00e7a e adolescente).<\/p>\n<\/td>\n<td width=\"240\">\n<p align=\"center\">Equipe de adultos do Bola na Rede,\u00a0Projeto Amor, Beith Shalom, ASA,\u00a0COALIZ\u00c3O, e Atletas de Cristo, entre outras organiza\u00e7\u00f5es crist\u00e3s,\u00a0\u00a0Far\u00e3o panfletagem dos folders BNR\u00a0 e outros de prote\u00e7\u00e3o \u00e1 crian\u00e7a. Estar\u00e3o em parceria com EVESCA\/POA e\u00a0Coordena\u00e7\u00e3o Executiva de Pol\u00edticas P\u00fablicas para a Crian\u00e7a e o Adolescente de POA\/RS, colaborando nas a\u00e7\u00f5es de encaminhamento \u00e0 prote\u00e7\u00e3o de crian\u00e7as e adolescentes; &#8211; RESPONS\u00c1VEL Pr. Ricardo Glavan\u00a0\u00a0\u00a0\u00a0\u00a0\u00a0\u00a0\u00a0\u00a0\u00a0\u00a0\u00a0\u00a0\u00a0\u00a0\u00a0\u00a0\u00a0\u00a0\u00a0\u00a0\u00a0\u00a0\u00a0\u00a0\u00a0\u00a0\u00a0\u00a0\u00a0\u00a0\u00a0 Equipe de adolescentes com seus l\u00edderes far\u00e3o a CAMPANHA DE VACINA\u00c7\u00c3O pelos Bons Tratos na comunidade; Equipe de professores BNR, com\u00a0\u00a0CONTA\u00c7\u00c3O a hist\u00f3ria do TATU MULITA com dicas de prote\u00e7\u00e3o para crian\u00e7as e adolescentes e distribui\u00e7\u00e3o de gravuras para pintar e ventarola BNR. Haver\u00e1 sorteio do boneco FULECO no final de cada dia para as crian\u00e7as que participaram das atividades pedag\u00f3gicas na TOCA DO TATU; &#8211; RESPONS\u00c1VEL (Igr.\u00a0 BRAZA Zona Norte)\u00a0\u00a0\u00a0\u00a0\u00a0\u00a0\u00a0\u00a0\u00a0\u00a0\u00a0\u00a0\u00a0\u00a0\u00a0\u00a0 Equipe de acolhimento BNR na brinquedoteca do TATU estar\u00e3o oportunizando \u00e0 comunidade um LOCAL SEGURO para crian\u00e7as e adolescentes que necessitem deste apoio.<\/p>\n<\/td>\n<td width=\"120\">\n<p align=\"center\">(Comit\u00ea BNR) Rosa Bomfim, Nilza Sanches, Mar[ilia Concei;&#8217;ao, Cec[ilia Pissolato, Sueli Amaral, Faustina Santos, Sidamaia Almeida, Gio Zalwski, Camila Santos, Eliane MCW, Sandra Penno<\/p>\n<\/td>\n<\/tr>\n<\/tbody>\n<\/table>\n","protected":false},"excerpt":{"rendered":"<p>Motivo 14 para o DIA 19: \u201cOre pelas igrejas acolhedoras que realizam EBF com crian\u00e7as em S\u00e3o Paulo. Estas visam manter as crian\u00e7as em espa\u00e7os seguro durante a COPA.\u201d &nbsp; Junte-se a n\u00f3s\u00a0para receber motivos de ora\u00e7\u00e3o diariamente, inscreva-se\u00a0aqui. Para baixar o guia com a lista completa dos 40 pedidos, (clique aqui!) _____________________________________________________ V\u00e1rias mobiliza\u00e7\u00f5es [&hellip;]<\/p>\n","protected":false},"author":33,"featured_media":0,"comment_status":"open","ping_status":"open","sticky":false,"template":"","format":"standard","meta":{"ngg_post_thumbnail":0,"footnotes":""},"categories":[9],"tags":[],"class_list":["post-3855","post","type-post","status-publish","format-standard","hentry","category-sem-categoria"],"_links":{"self":[{"href":"https:\/\/ultimato.com.br\/sites\/maosdadas\/wp-json\/wp\/v2\/posts\/3855","targetHints":{"allow":["GET"]}}],"collection":[{"href":"https:\/\/ultimato.com.br\/sites\/maosdadas\/wp-json\/wp\/v2\/posts"}],"about":[{"href":"https:\/\/ultimato.com.br\/sites\/maosdadas\/wp-json\/wp\/v2\/types\/post"}],"author":[{"embeddable":true,"href":"https:\/\/ultimato.com.br\/sites\/maosdadas\/wp-json\/wp\/v2\/users\/33"}],"replies":[{"embeddable":true,"href":"https:\/\/ultimato.com.br\/sites\/maosdadas\/wp-json\/wp\/v2\/comments?post=3855"}],"version-history":[{"count":5,"href":"https:\/\/ultimato.com.br\/sites\/maosdadas\/wp-json\/wp\/v2\/posts\/3855\/revisions"}],"predecessor-version":[{"id":3860,"href":"https:\/\/ultimato.com.br\/sites\/maosdadas\/wp-json\/wp\/v2\/posts\/3855\/revisions\/3860"}],"wp:attachment":[{"href":"https:\/\/ultimato.com.br\/sites\/maosdadas\/wp-json\/wp\/v2\/media?parent=3855"}],"wp:term":[{"taxonomy":"category","embeddable":true,"href":"https:\/\/ultimato.com.br\/sites\/maosdadas\/wp-json\/wp\/v2\/categories?post=3855"},{"taxonomy":"post_tag","embeddable":true,"href":"https:\/\/ultimato.com.br\/sites\/maosdadas\/wp-json\/wp\/v2\/tags?post=3855"}],"curies":[{"name":"wp","href":"https:\/\/api.w.org\/{rel}","templated":true}]}}