{"id":3848,"date":"2014-06-18T13:39:27","date_gmt":"2014-06-18T16:39:27","guid":{"rendered":"http:\/\/ultimato.com.br\/sites\/maosdadas\/?p=3848"},"modified":"2014-06-18T13:39:56","modified_gmt":"2014-06-18T16:39:56","slug":"cresci-e-agora","status":"publish","type":"post","link":"https:\/\/ultimato.com.br\/sites\/maosdadas\/2014\/06\/18\/cresci-e-agora\/","title":{"rendered":"Cresci. E agora?"},"content":{"rendered":"<h6><a href=\"http:\/\/ultimato.com.br\/sites\/maosdadas\/files\/2014\/06\/Imagem-40-dias.jpg\" class=\"lightview\" data-lightview-group=\"group-3848\" data-lightview-options=\"skin: 'dark', controls: 'relative', padding: '10', shadow: { color: '#000000', opacity: 0.08, blur: 3 }\" style=\"font-size: 13px;\"><img loading=\"lazy\" decoding=\"async\" class=\"alignleft size-full wp-image-3780\" alt=\"Imagem 40 dias\" src=\"http:\/\/ultimato.com.br\/sites\/maosdadas\/files\/2014\/06\/Imagem-40-dias.jpg\" width=\"300\" height=\"100\" srcset=\"https:\/\/ultimato.com.br\/sites\/maosdadas\/files\/2014\/06\/Imagem-40-dias.jpg 300w, https:\/\/ultimato.com.br\/sites\/maosdadas\/files\/2014\/06\/Imagem-40-dias-150x50.jpg 150w\" sizes=\"auto, (max-width: 300px) 100vw, 300px\" \/><\/a><\/h6>\n<h6><span style=\"color: #99cc00;\"><strong>DIA 13<\/strong><\/span><\/h6>\n<p><strong>&#8220;Ore pelas mobiliza\u00e7\u00f5es de sensibiliza\u00e7\u00e3o que acontecem pr\u00f3ximo ao est\u00e1dio em Manaus.&#8221;<\/strong><\/p>\n<p>Junte-se a n\u00f3s\u00a0para receber motivos de ora\u00e7\u00e3o diariamente, inscreva-se\u00a0<a href=\"http:\/\/www.redemaosdadas.org\/mutirao-mundial-de-oracao\/mutirao-mundial-de-oracao-2014\/40-dias-de-oracao\/inscreva-se\/\" target=\"_blank\">aqui<\/a>.<\/p>\n<p>Para baixar o guia com a lista completa dos 40 pedidos, (<a href=\"http:\/\/www.redemaosdadas.org\/40-dias-de-oracao-pelas-criancas-na-copa\/\" target=\"_blank\">clique aqui!<\/a>)<\/p>\n<p><span style=\"color: #99cc00;\">_ _ _ _\u00a0_ _ _ _ _ _ _ _\u00a0_ _ _ _ _ _ _ _\u00a0_ _ _ _ _ _ _ _\u00a0_ _ _ _ _ _ _ _\u00a0_ _ _ _ _ _ _ _\u00a0_ _ _<\/span><\/p>\n<p><em><strong>Por Elsie Gilbert<\/strong><\/em><\/p>\n<p>A foto que ilustra aparece num livro* de poesias da poetisa mineira Ad\u00e9lia Prado. Ao lado da foto o poema Orfandade.\u00a0As \u00faltimas linhas do poema me causaram profundo pesar:<\/p>\n<blockquote><p>\u201cMe d\u00e1 minha m\u00e3e, alegria s\u00e3 e medo irremedi\u00e1vel, me d\u00e1 a m\u00e3o, me cura de ser grande, oh meu Deus, meu pai, meu pai.\u201d<\/p><\/blockquote>\n<p>A poetisa, h\u00e1 muito, j\u00e1 vira no olhar do adolescente sua grande inquieta\u00e7\u00e3o e ang\u00fastia por estar sendo expulso da inf\u00e2ncia para enfrentar, antes do tempo, a vida adulta. A edi\u00e7\u00e3o de n\u00famero 10 de\u00a0<a href=\"http:\/\/www.redemaosdadas.org\/maos-dadas\/ed-10-cresci-e-agora\/editorial\/cresci-e-agora\/\" target=\"_blank\"><em>M\u00e3os Dadas<\/em><\/a>\u00a0foi dedicada ao drama da crian\u00e7a que um dia n\u00e3o pode mais se esquivar de \u201cser grande\u201d e que ao alcan\u00e7ar a maioridade continua \u00f3rf\u00e3, emocionalmente desnutrida, dan\u00e7ando perigosamente ao som do vento, como a palha.<!--more--><\/p>\n<div id=\"attachment_3850\" style=\"width: 304px\" class=\"wp-caption alignright\"><a href=\"http:\/\/ultimato.com.br\/sites\/maosdadas\/files\/2014\/06\/Untitled.jpg\" class=\"lightview\" data-lightview-group=\"group-3848\" data-lightview-options=\"skin: 'dark', controls: 'relative', padding: '10', shadow: { color: '#000000', opacity: 0.08, blur: 3 }\" data-lightview-title=\"Maureen Bisilliat\"><img loading=\"lazy\" decoding=\"async\" aria-describedby=\"caption-attachment-3850\" class=\"size-medium wp-image-3850  \" title=\"Maureen Bisilliat\" alt=\"Untitled\" src=\"http:\/\/ultimato.com.br\/sites\/maosdadas\/files\/2014\/06\/Untitled-294x300.jpg\" width=\"294\" height=\"300\" srcset=\"https:\/\/ultimato.com.br\/sites\/maosdadas\/files\/2014\/06\/Untitled-294x300.jpg 294w, https:\/\/ultimato.com.br\/sites\/maosdadas\/files\/2014\/06\/Untitled-64x64.jpg 64w, https:\/\/ultimato.com.br\/sites\/maosdadas\/files\/2014\/06\/Untitled-147x150.jpg 147w, https:\/\/ultimato.com.br\/sites\/maosdadas\/files\/2014\/06\/Untitled.jpg 458w\" sizes=\"auto, (max-width: 294px) 100vw, 294px\" \/><\/a><p id=\"caption-attachment-3850\" class=\"wp-caption-text\">&#8220;&#8230; me d\u00e1 a m\u00e3o, me cura de ser grande &#8230;&#8221;<\/p><\/div>\n<p>O assunto surgiu a partir de uma discuss\u00e3o entre os parceiros sobre o que fazer com os adolescentes que em nossos projetos atingem aquela idade dram\u00e1tica: os 18 anos.\u00a0\u00c0 primeira vista, seria motivo de celebra\u00e7\u00e3o. Poder\u00edamos listar todos os obst\u00e1culos vencidos: as in\u00fameras refei\u00e7\u00f5es consumidas, os visitas aos m\u00e9dicos, as tarefas escolares, as revistas de escolas dominicais preenchidas, as admoesta\u00e7\u00f5es recebidas, as ora\u00e7\u00f5es proferidas, as partidas de futebol (tanto as ganhas como as perdidas).<\/p>\n<p>Mas talvez, para o adolescente esta data represente uma esp\u00e9cie de morte, a ruptura com um v\u00ednculo certo, de longa data, e que bem ou mal lhe valeu a sobreviv\u00eancia at\u00e9 agora.<\/p>\n<p>N\u00e3o \u00e9 justo esperar que um rapaz ou uma mo\u00e7a de 18 anos, sem v\u00ednculos familiares fortes, j\u00e1 seja capaz de se sustentar. N\u00e3o esperamos que nossos filhos se tornem donos do nariz nesta mesma idade! Enfrentar o jogo da vida sem o apoio \u201ct\u00e9cnico\u201d dos pais se torna uma grande desvantagem.<\/p>\n<p>Para n\u00f3s, que trabalhamos diariamente para forjar a vit\u00f3ria junto com o adolescente, fica o desafio: mobilizar mais pessoas de forma que os que torcem des\u00e7am das arquibancadas e juntem-se a n\u00f3s nos bastidores. Nosso alvo: proporcionar a todo adolescente vivendo situa\u00e7\u00f5es de risco social o \u201capoio t\u00e9cnico\u201d indispens\u00e1vel para uma vida feliz. Afinal, jogar \u00e9 preciso!<\/p>\n<p>&nbsp;<\/p>\n<p><em><strong><a href=\"http:\/\/ultimato.com.br\/sites\/maosdadas\/files\/2014\/04\/md28-editorial.jpg\" class=\"lightview\" data-lightview-group=\"group-3848\" data-lightview-options=\"skin: 'dark', controls: 'relative', padding: '10', shadow: { color: '#000000', opacity: 0.08, blur: 3 }\"><img loading=\"lazy\" decoding=\"async\" class=\"alignleft  wp-image-3383\" alt=\"md28-editorial\" src=\"http:\/\/ultimato.com.br\/sites\/maosdadas\/files\/2014\/04\/md28-editorial.jpg\" width=\"120\" height=\"100\" \/><\/a>Elsie Gilbert,\u00a0Editora da Rede M\u00e3os Dadas.<br \/>\n<\/strong><\/em><\/p>\n","protected":false},"excerpt":{"rendered":"<p>DIA 13 &#8220;Ore pelas mobiliza\u00e7\u00f5es de sensibiliza\u00e7\u00e3o que acontecem pr\u00f3ximo ao est\u00e1dio em Manaus.&#8221; Junte-se a n\u00f3s\u00a0para receber motivos de ora\u00e7\u00e3o diariamente, inscreva-se\u00a0aqui. Para baixar o guia com a lista completa dos 40 pedidos, (clique aqui!) _ _ _ _\u00a0_ _ _ _ _ _ _ _\u00a0_ _ _ _ _ _ _ _\u00a0_ _ [&hellip;]<\/p>\n","protected":false},"author":33,"featured_media":0,"comment_status":"open","ping_status":"open","sticky":false,"template":"","format":"standard","meta":{"ngg_post_thumbnail":0,"footnotes":""},"categories":[15786],"tags":[19621,17258,19523,124],"class_list":["post-3848","post","type-post","status-publish","format-standard","hentry","category-em-pauta","tag-40-dias-de-oracao-pelas-criancas-na-copa","tag-copa-do-mundo","tag-elsie-gilbert","tag-oracao"],"_links":{"self":[{"href":"https:\/\/ultimato.com.br\/sites\/maosdadas\/wp-json\/wp\/v2\/posts\/3848","targetHints":{"allow":["GET"]}}],"collection":[{"href":"https:\/\/ultimato.com.br\/sites\/maosdadas\/wp-json\/wp\/v2\/posts"}],"about":[{"href":"https:\/\/ultimato.com.br\/sites\/maosdadas\/wp-json\/wp\/v2\/types\/post"}],"author":[{"embeddable":true,"href":"https:\/\/ultimato.com.br\/sites\/maosdadas\/wp-json\/wp\/v2\/users\/33"}],"replies":[{"embeddable":true,"href":"https:\/\/ultimato.com.br\/sites\/maosdadas\/wp-json\/wp\/v2\/comments?post=3848"}],"version-history":[{"count":4,"href":"https:\/\/ultimato.com.br\/sites\/maosdadas\/wp-json\/wp\/v2\/posts\/3848\/revisions"}],"predecessor-version":[{"id":3853,"href":"https:\/\/ultimato.com.br\/sites\/maosdadas\/wp-json\/wp\/v2\/posts\/3848\/revisions\/3853"}],"wp:attachment":[{"href":"https:\/\/ultimato.com.br\/sites\/maosdadas\/wp-json\/wp\/v2\/media?parent=3848"}],"wp:term":[{"taxonomy":"category","embeddable":true,"href":"https:\/\/ultimato.com.br\/sites\/maosdadas\/wp-json\/wp\/v2\/categories?post=3848"},{"taxonomy":"post_tag","embeddable":true,"href":"https:\/\/ultimato.com.br\/sites\/maosdadas\/wp-json\/wp\/v2\/tags?post=3848"}],"curies":[{"name":"wp","href":"https:\/\/api.w.org\/{rel}","templated":true}]}}